{"id":201872,"date":"2019-09-11T18:48:01","date_gmt":"2019-09-11T15:48:01","guid":{"rendered":"http:\/\/www.tvturk.com\/index.php\/karabukspordan-maaslarini-alamayan-eski-calisanlar-eylem-yapti\/"},"modified":"2019-09-11T18:48:01","modified_gmt":"2019-09-11T15:48:01","slug":"karabukspordan-maaslarini-alamayan-eski-calisanlar-eylem-yapti","status":"publish","type":"post","link":"http:\/\/www.tvturk.com\/index.php\/karabukspordan-maaslarini-alamayan-eski-calisanlar-eylem-yapti\/","title":{"rendered":"Karab\u00fckspor\u2019dan maa\u015flar\u0131n\u0131 alamayan eski \u00e7al\u0131\u015fanlar eylem yapt\u0131"},"content":{"rendered":"<p>TFF 2. Lig K\u0131rm\u0131z\u0131 Grup\u2019ta m\u00fccadele eden Kardemir Karab\u00fckspor\u2019un eski \u00e7al\u0131\u015fanlar\u0131 maa\u015f ve tazminatlar\u0131n\u0131 alamad\u0131klar\u0131 i\u00e7in kul\u00fcp \u00f6n\u00fcnde eylem yapt\u0131.<\/p>\n<p>K\u0131rm\u0131z\u0131-mavili ekipten i\u015ften \u00e7\u0131kar\u0131lan \u00e7al\u0131\u015fanlar, maa\u015flar\u0131 ile tazminatlar\u0131 i\u00e7in kendilerine verilen senetlerinin tarihlerinin ge\u00e7mesine ra\u011fmen, \u00f6demelerin yap\u0131lmamas\u0131na tepki g\u00f6sterdi. Ma\u011fdur olduklar\u0131n\u0131 ve verilen senetlerin \u00f6denmedi\u011fini belirten eski \u00e7al\u0131\u015fanlar kul\u00fcp binas\u0131 \u00f6n\u00fcnde topland\u0131. Gurup ad\u0131na konu\u015fan Semra \u00c7etin, kul\u00fcpte 25 y\u0131l \u00e7al\u0131\u015ft\u0131\u011f\u0131n\u0131 s\u00f6yledi.<\/p>\n<p>Ma\u011fdur olduklar\u0131n\u0131 ifade eden \u00c7etin, &#8220;Bizler 31 May\u0131s 2019 tarihi itibariyle Karab\u00fckspor b\u00fcnyesinde \u00e7al\u0131\u015fan 45 ki\u015fi Ba\u015fkan Mehmet Y\u00fcksel taraf\u0131ndan i\u015fi sona erdirilen ki\u015fileriz. \u00c7al\u0131\u015ft\u0131\u011f\u0131m\u0131z y\u0131llar\u0131n tazminatlar\u0131n\u0131 miktarlar\u0131n\u0131 senet vererek i\u015flerimize son verildi. Zaten b\u00fcy\u00fck \u00e7o\u011funlu\u011fumuzun askeri \u00fccretle \u00e7al\u0131\u015fan emek\u00e7i bu insanlar senetleri \u00f6denmedi\u011fi i\u00e7in ma\u011fdur oldular. Mehmet Y\u00fcksel ba\u015fkan\u0131n daha \u00f6nce bas\u0131n toplant\u0131lar\u0131nda \u2019\u00e7al\u0131\u015fanlarla helalle\u015ftik, i\u015flerini hallettik, \u00fccretlerini \u00f6dedik\u2019 gibi alg\u0131 olu\u015fturmas\u0131 toplumda b\u00fct\u00fcn \u00e7al\u0131\u015fanlar\u0131n tazminatlar\u0131n\u0131 \u00f6dedi\u011fi intibas\u0131n\u0131 do\u011furuyor. Halbuki, bu senetlerin b\u00fcy\u00fck bir k\u0131sm\u0131n\u0131 \u00f6demedi. Bizlerin Mehmet Y\u00fcksel ba\u015fkandan ve y\u00f6netiminden iste\u011fimiz b\u00fct\u00fcn bu \u00e7al\u0131\u015fanlara vermi\u015f oldu\u011fu senetleri en k\u0131sa zamanda \u00f6deyip Karab\u00fckspor Ba\u015fkan\u0131\u2019na yak\u0131\u015f\u0131r bir \u015fekilde s\u00f6z\u00fcnde durmas\u0131n\u0131 istiyoruz. Aksi takdirde Karab\u00fck halk\u0131 ve spor kamuoyu i\u00e7in g\u00fcvensizli\u011fe neden olmaktad\u0131r. Bu insanlar\u0131n umutlar\u0131 ile oynanmas\u0131n ay\u0131pt\u0131r g\u00fcnaht\u0131r\u201d diye konu\u015ftu.<\/p>\n<p>Kul\u00fcpte 10 y\u0131l altyap\u0131 sorumlusu olarak \u00e7al\u0131\u015ft\u0131\u011f\u0131n\u0131 aktaran \u00dcmit Kans\u0131zo\u011flu ise kendilerine verilen senetlerin ba\u015fka bir isimle verildi\u011fini belirtti.<\/p>\n<p>Senette yazan ismin y\u0131llar \u00f6nce ticari faaliyetlerinin durdu\u011funu \u00f6\u011frendiklerini anlatan Kans\u0131zo\u011flu, &#8220;Bu senetler i\u00e7in arad\u0131\u011f\u0131m\u0131zda \u00f6demeyece\u011fini s\u00f6yledi. Ayn\u0131 \u015fekilde Mehmet Y\u00fcksel\u2019e telefonlarla, mesajlarla ula\u015ft\u0131k. Maalesef bizlere olumlu bir \u015fekilde d\u00f6n\u00fc\u015f yapmad\u0131. \u00c7o\u011fu arkada\u015f\u0131m\u0131z ma\u011fdur oldu. Evine icralar gelenler, elektri\u011fi kesilenler oldu. Bizlerin bu ma\u011fduriyetinin en k\u0131sa zamanda giderilmesini istiyoruz\u201d dedi.<\/p>\n<p>A\u00e7\u0131klaman\u0131n ard\u0131ndan kalabal\u0131k sorunsuz bir \u015fekilde kul\u00fcp binas\u0131 \u00f6n\u00fcnden da\u011f\u0131ld\u0131.<\/p>\n","protected":false},"excerpt":{"rendered":"<p>TFF 2. L\u0130G KIRMIZI GRUP&#8217;TA M\u00dcCADELE EDEN KARDEM\u0130R KARAB\u00dcKSPOR&#8217;UN ESK\u0130 \u00c7ALI\u015eANLARI MAA\u015e VE TAZM\u0130NATLARINI ALAMADIKLARI \u0130\u00c7\u0130N KUL\u00dcP \u00d6N\u00dcNDE EYLEM YAPTI.<\/p>\n","protected":false},"author":1,"featured_media":201873,"comment_status":"closed","ping_status":"open","sticky":false,"template":"","format":"standard","meta":{"jetpack_post_was_ever_published":false,"_jetpack_newsletter_access":"","_jetpack_dont_email_post_to_subs":false,"_jetpack_newsletter_tier_id":0,"_jetpack_memberships_contains_paywalled_content":false,"_jetpack_memberships_contains_paid_content":false,"footnotes":"","jetpack_publicize_message":"","jetpack_publicize_feature_enabled":true,"jetpack_social_post_already_shared":true,"jetpack_social_options":{"image_generator_settings":{"template":"highway","default_image_id":0,"font":"","enabled":false},"version":2}},"categories":[657],"tags":[3361,29452,1123,2198,45434,3360,292],"class_list":["post-201872","post","type-post","status-publish","format-standard","has-post-thumbnail","hentry","category-spor","tag-alamayan","tag-calisanlar","tag-eski","tag-eylem","tag-karabukspordan","tag-maaslarini","tag-yapti"],"jetpack_publicize_connections":[],"jetpack_featured_media_url":"https:\/\/i0.wp.com\/www.tvturk.com\/wp-content\/uploads\/2019\/09\/karabukspordan-maaslarini-alamayan-eski-calisanlar-eylem-yapti_bd43d9c.jpg?fit=1000%2C666","jetpack_sharing_enabled":true,"jetpack_shortlink":"https:\/\/wp.me\/paKIfm-Qw0","_links":{"self":[{"href":"http:\/\/www.tvturk.com\/index.php\/wp-json\/wp\/v2\/posts\/201872","targetHints":{"allow":["GET"]}}],"collection":[{"href":"http:\/\/www.tvturk.com\/index.php\/wp-json\/wp\/v2\/posts"}],"about":[{"href":"http:\/\/www.tvturk.com\/index.php\/wp-json\/wp\/v2\/types\/post"}],"author":[{"embeddable":true,"href":"http:\/\/www.tvturk.com\/index.php\/wp-json\/wp\/v2\/users\/1"}],"replies":[{"embeddable":true,"href":"http:\/\/www.tvturk.com\/index.php\/wp-json\/wp\/v2\/comments?post=201872"}],"version-history":[{"count":0,"href":"http:\/\/www.tvturk.com\/index.php\/wp-json\/wp\/v2\/posts\/201872\/revisions"}],"wp:featuredmedia":[{"embeddable":true,"href":"http:\/\/www.tvturk.com\/index.php\/wp-json\/wp\/v2\/media\/201873"}],"wp:attachment":[{"href":"http:\/\/www.tvturk.com\/index.php\/wp-json\/wp\/v2\/media?parent=201872"}],"wp:term":[{"taxonomy":"category","embeddable":true,"href":"http:\/\/www.tvturk.com\/index.php\/wp-json\/wp\/v2\/categories?post=201872"},{"taxonomy":"post_tag","embeddable":true,"href":"http:\/\/www.tvturk.com\/index.php\/wp-json\/wp\/v2\/tags?post=201872"}],"curies":[{"name":"wp","href":"https:\/\/api.w.org\/{rel}","templated":true}]}}