{"id":201926,"date":"2019-09-12T09:31:28","date_gmt":"2019-09-12T06:31:28","guid":{"rendered":"http:\/\/www.tvturk.com\/index.php\/trumpin-siginmaci-sayisina-sinirlandirma-talebine-mahkemeden-onay\/"},"modified":"2019-09-12T09:31:28","modified_gmt":"2019-09-12T06:31:28","slug":"trumpin-siginmaci-sayisina-sinirlandirma-talebine-mahkemeden-onay","status":"publish","type":"post","link":"http:\/\/www.tvturk.com\/index.php\/trumpin-siginmaci-sayisina-sinirlandirma-talebine-mahkemeden-onay\/","title":{"rendered":"Trump\u2019\u0131n s\u0131\u011f\u0131nmac\u0131 say\u0131s\u0131na s\u0131n\u0131rland\u0131rma talebine mahkemeden onay"},"content":{"rendered":"<p>ABD\u2019de Y\u00fcksek Mahkeme, Ba\u015fkan Donald Trump\u2019\u0131n \u00fclkeye al\u0131nan s\u0131\u011f\u0131nmac\u0131 say\u0131s\u0131na s\u0131n\u0131rland\u0131rma getirilmesi y\u00f6n\u00fcndeki talebini onaylad\u0131.<\/p>\n<p>ABD Y\u00fcksek Mahkemesi, Trump y\u00f6netiminin ABD-Meksika s\u0131n\u0131r\u0131ndaki g\u00f6\u00e7menlerin s\u0131\u011f\u0131nma ba\u015fvurular\u0131na k\u0131s\u0131tlama getirme iste\u011fini onaylad\u0131. ABD h\u00fck\u00fcmeti, kendi \u00fclkelerinden ka\u00e7t\u0131ktan sonra ABD\u2019ye gelmeden \u00f6nce ba\u015fka bir \u00fclkede iltica ba\u015fvurusunda bulunmam\u0131\u015f birinin s\u0131\u011f\u0131nma talebini kabul etmeyecek.<\/p>\n<p>Trump\u2019\u0131n uygulamak istedi\u011fi yeni d\u00fczenlemenin ABD yasalar\u0131na ve insan haklar\u0131na ayk\u0131r\u0131 oldu\u011fu gerek\u00e7esiyle Kalifornia\u2019da bir yerel mahkeme taraf\u0131ndan y\u00fcr\u00fcrl\u00fc\u011f\u00fcn\u00fcn durdurulmas\u0131na karar verilmi\u015fti. Ba\u015fkan Trump, Orta ve G\u00fcney Amerika\u2019daki Honduras, Guatemala ve El Salvador gibi \u00fclkelerden ABD\u2019ye gelen g\u00f6\u00e7menlerin ilticalar\u0131n\u0131 kabul etmeyerek Meksika s\u0131n\u0131r\u0131nda bekletme karar\u0131 alm\u0131\u015ft\u0131. ABD Federal Temyiz Mahkemesi, Trump\u2019\u0131n iltica ba\u015fvurusu yapan g\u00f6\u00e7menleri Meksika\u2019da bekletmesinin kanuna uygun oldu\u011funa karar verdi. Trump, Y\u00fcksek Mahkeme\u2019nin ald\u0131\u011f\u0131 karar sonras\u0131nda Twitter hesab\u0131ndan, \u201dS\u0131n\u0131r ilticas\u0131nda b\u00fcy\u00fck bir ABD Y\u00fcksek Mahkemesi\u2019nin kazan\u0131m\u0131\u201d a\u00e7\u0131klamas\u0131nda bulundu.<\/p>\n<p>Meksika D\u0131\u015fi\u015fleri Bakan\u0131 Marcelo Ebrard ise, konuya ili\u015fkin yapt\u0131\u011f\u0131 a\u00e7\u0131klamada, Meksika\u2019n\u0131n s\u0131\u011f\u0131nma talebinde bulunanlar i\u00e7in g\u00fcvenli bir \u00fc\u00e7\u00fcnc\u00fc \u00fclke olmay\u0131 kabul etmeyece\u011fini a\u00e7\u0131klad\u0131. \u201cABD G\u00fcmr\u00fck ve S\u0131n\u0131r Koruma  y\u00f6neticilerinin a\u00e7\u0131klamalar\u0131 ve bask\u0131lar\u0131 kar\u015f\u0131s\u0131nda Meksika, g\u00fcvenli bir \u00fc\u00e7\u00fcnc\u00fc \u00fclke olmay\u0131 asla kabul etmeyecek\u201d diyen Ebrard, bu konuda ABD taraf\u0131ndan yap\u0131lan hi\u00e7bir siyasi bask\u0131y\u0131 kabul etmeyeceklerini s\u00f6yledi.<\/p>\n","protected":false},"excerpt":{"rendered":"<p>ABD\u2019DE Y\u00dcKSEK MAHKEME BA\u015eKAN DONALD TRAMP\u2019IN \u00dcLKEYE ALINAN SI\u011eINMACI SAYISINA SINIRLANDIRMA GET\u0130R\u0130LMES\u0130 Y\u00d6N\u00dcNDEK\u0130 TALEB\u0130N\u0130 ONAYLADI.<\/p>\n","protected":false},"author":1,"featured_media":201927,"comment_status":"closed","ping_status":"open","sticky":false,"template":"","format":"standard","meta":{"jetpack_post_was_ever_published":false,"_jetpack_newsletter_access":"","_jetpack_dont_email_post_to_subs":false,"_jetpack_newsletter_tier_id":0,"_jetpack_memberships_contains_paywalled_content":false,"_jetpack_memberships_contains_paid_content":false,"footnotes":"","jetpack_publicize_message":"","jetpack_publicize_feature_enabled":true,"jetpack_social_post_already_shared":true,"jetpack_social_options":{"image_generator_settings":{"template":"highway","default_image_id":0,"font":"","enabled":false},"version":2}},"categories":[10],"tags":[20122,22270,27960,4134,50864,10693,16440],"class_list":["post-201926","post","type-post","status-publish","format-standard","has-post-thumbnail","hentry","category-dunya","tag-mahkemeden","tag-onay","tag-sayisina","tag-siginmaci","tag-sinirlandirma","tag-talebine","tag-trumpin"],"jetpack_publicize_connections":[],"jetpack_featured_media_url":"https:\/\/i0.wp.com\/www.tvturk.com\/wp-content\/uploads\/2019\/09\/trumpin-siginmaci-sayisina-sinirlandirma-talebine-mahkemeden-onay_08dd322.jpg?fit=640%2C336","jetpack_sharing_enabled":true,"jetpack_shortlink":"https:\/\/wp.me\/paKIfm-QwS","_links":{"self":[{"href":"http:\/\/www.tvturk.com\/index.php\/wp-json\/wp\/v2\/posts\/201926","targetHints":{"allow":["GET"]}}],"collection":[{"href":"http:\/\/www.tvturk.com\/index.php\/wp-json\/wp\/v2\/posts"}],"about":[{"href":"http:\/\/www.tvturk.com\/index.php\/wp-json\/wp\/v2\/types\/post"}],"author":[{"embeddable":true,"href":"http:\/\/www.tvturk.com\/index.php\/wp-json\/wp\/v2\/users\/1"}],"replies":[{"embeddable":true,"href":"http:\/\/www.tvturk.com\/index.php\/wp-json\/wp\/v2\/comments?post=201926"}],"version-history":[{"count":0,"href":"http:\/\/www.tvturk.com\/index.php\/wp-json\/wp\/v2\/posts\/201926\/revisions"}],"wp:featuredmedia":[{"embeddable":true,"href":"http:\/\/www.tvturk.com\/index.php\/wp-json\/wp\/v2\/media\/201927"}],"wp:attachment":[{"href":"http:\/\/www.tvturk.com\/index.php\/wp-json\/wp\/v2\/media?parent=201926"}],"wp:term":[{"taxonomy":"category","embeddable":true,"href":"http:\/\/www.tvturk.com\/index.php\/wp-json\/wp\/v2\/categories?post=201926"},{"taxonomy":"post_tag","embeddable":true,"href":"http:\/\/www.tvturk.com\/index.php\/wp-json\/wp\/v2\/tags?post=201926"}],"curies":[{"name":"wp","href":"https:\/\/api.w.org\/{rel}","templated":true}]}}