{"id":202100,"date":"2019-09-12T12:47:25","date_gmt":"2019-09-12T09:47:25","guid":{"rendered":"http:\/\/www.tvturk.com\/index.php\/bilecikli-halterciler-milli-takima-davet-edildi\/"},"modified":"2019-09-12T12:47:25","modified_gmt":"2019-09-12T09:47:25","slug":"bilecikli-halterciler-milli-takima-davet-edildi","status":"publish","type":"post","link":"http:\/\/www.tvturk.com\/index.php\/bilecikli-halterciler-milli-takima-davet-edildi\/","title":{"rendered":"Bilecikli halterciler Milli Tak\u0131ma davet edildi"},"content":{"rendered":"<p>T\u00fcrkiye Halter Federasyonu taraf\u0131ndan Y\u0131ld\u0131zlar Milli Tak\u0131m aday kadrosu a\u00e7\u0131klan\u0131rken, listede Bilecikli 2 halterci yer ald\u0131.<\/p>\n<p>Aday kadroda daha \u00f6ncede milli sporcular\u0131ndan Bilecikli olan \u015fuan Ankara ASK\u0130 Spor Kul\u00fcb\u00fc ad\u0131na m\u00fccadele veren Bahad\u0131r Erdal ile Bilecik Belediyesi Spor Kul\u00fcb\u00fc\u2019nden Utku A\u00e7\u0131kg\u00f6z yer ald\u0131. Sporcular Ankara\u2019da bulunan T\u00fcrkiye Olimpiyat Haz\u0131rl\u0131k Merkezine (TOHM) davet edilirken, Gen\u00e7lik ve Spor \u0130l M\u00fcd\u00fcrl\u00fc\u011f\u00fc Halter Antren\u00f6r\u00fc Caner \u00d6zteke ise, U-15 Bayanlar Milli Tak\u0131m Antren\u00f6rl\u00fc\u011f\u00fcne se\u00e7ildi.<\/p>\n<p>Bahad\u0131r Erdal ve Utku A\u00e7\u0131kg\u00f6z, ge\u00e7ti\u011fimiz A\u011fustos ay\u0131nda Nev\u015fehir\u2019de d\u00fczenlenen Y\u0131ld\u0131zlar T\u00fcrkiye \u015eampiyonas\u0131\u2019nda dereceye girerek her iki sporcu T\u00fcrkiye 2\u2019ncisi olmu\u015ftu.<\/p>\n<p>Gen\u00e7lik ve Spor \u0130l M\u00fcd\u00fcrl\u00fc\u011f\u00fc Halter Antren\u00f6r\u00fc Caner \u00d6zteke, Bilecik\u2019te 2014 y\u0131l\u0131nda ba\u015flad\u0131klar\u0131 halter maceralar\u0131na sporcular\u0131n \u00fcst\u00fcn gayreti ve \u00f6zverisi ile \u00e7\u0131talar\u0131n\u0131 y\u00fckselterek hedeflerine emin ad\u0131mlarla ilerlediklerini s\u00f6yledi.<\/p>\n","protected":false},"excerpt":{"rendered":"<p>ORTADAK\u0130 HOCALARI SA\u011eDAK\u0130 UTKU SOLDAK\u0130 BAHADIR<\/p>\n","protected":false},"author":1,"featured_media":202101,"comment_status":"closed","ping_status":"open","sticky":false,"template":"","format":"standard","meta":{"jetpack_post_was_ever_published":false,"_jetpack_newsletter_access":"","_jetpack_dont_email_post_to_subs":false,"_jetpack_newsletter_tier_id":0,"_jetpack_memberships_contains_paywalled_content":false,"_jetpack_memberships_contains_paid_content":false,"footnotes":"","jetpack_publicize_message":"","jetpack_publicize_feature_enabled":true,"jetpack_social_post_already_shared":true,"jetpack_social_options":{"image_generator_settings":{"template":"highway","default_image_id":0,"font":"","enabled":false},"version":2}},"categories":[657],"tags":[21700,3008,857,42320,429,3379],"class_list":["post-202100","post","type-post","status-publish","format-standard","has-post-thumbnail","hentry","category-spor","tag-bilecikli","tag-davet","tag-edildi","tag-halterciler","tag-milli","tag-takima"],"jetpack_publicize_connections":[],"jetpack_featured_media_url":"https:\/\/i0.wp.com\/www.tvturk.com\/wp-content\/uploads\/2019\/09\/bilecikli-halterciler-milli-takima-davet-edildi_2fb3c2f.jpg?fit=660%2C495","jetpack_sharing_enabled":true,"jetpack_shortlink":"https:\/\/wp.me\/paKIfm-QzG","_links":{"self":[{"href":"http:\/\/www.tvturk.com\/index.php\/wp-json\/wp\/v2\/posts\/202100","targetHints":{"allow":["GET"]}}],"collection":[{"href":"http:\/\/www.tvturk.com\/index.php\/wp-json\/wp\/v2\/posts"}],"about":[{"href":"http:\/\/www.tvturk.com\/index.php\/wp-json\/wp\/v2\/types\/post"}],"author":[{"embeddable":true,"href":"http:\/\/www.tvturk.com\/index.php\/wp-json\/wp\/v2\/users\/1"}],"replies":[{"embeddable":true,"href":"http:\/\/www.tvturk.com\/index.php\/wp-json\/wp\/v2\/comments?post=202100"}],"version-history":[{"count":0,"href":"http:\/\/www.tvturk.com\/index.php\/wp-json\/wp\/v2\/posts\/202100\/revisions"}],"wp:featuredmedia":[{"embeddable":true,"href":"http:\/\/www.tvturk.com\/index.php\/wp-json\/wp\/v2\/media\/202101"}],"wp:attachment":[{"href":"http:\/\/www.tvturk.com\/index.php\/wp-json\/wp\/v2\/media?parent=202100"}],"wp:term":[{"taxonomy":"category","embeddable":true,"href":"http:\/\/www.tvturk.com\/index.php\/wp-json\/wp\/v2\/categories?post=202100"},{"taxonomy":"post_tag","embeddable":true,"href":"http:\/\/www.tvturk.com\/index.php\/wp-json\/wp\/v2\/tags?post=202100"}],"curies":[{"name":"wp","href":"https:\/\/api.w.org\/{rel}","templated":true}]}}