{"id":202168,"date":"2019-09-12T14:02:21","date_gmt":"2019-09-12T11:02:21","guid":{"rendered":"http:\/\/www.tvturk.com\/index.php\/bakan-turhan-farkindaligin-yayginlasmasi-icin-kimsenin-edilgen-olmadigini-herkesin-harekete-gecmesi-gerektigini-kabullenmesi-lazim\/"},"modified":"2019-09-12T14:02:21","modified_gmt":"2019-09-12T11:02:21","slug":"bakan-turhan-farkindaligin-yayginlasmasi-icin-kimsenin-edilgen-olmadigini-herkesin-harekete-gecmesi-gerektigini-kabullenmesi-lazim","status":"publish","type":"post","link":"http:\/\/www.tvturk.com\/index.php\/bakan-turhan-farkindaligin-yayginlasmasi-icin-kimsenin-edilgen-olmadigini-herkesin-harekete-gecmesi-gerektigini-kabullenmesi-lazim\/","title":{"rendered":"Bakan Turhan: \u201cFark\u0131ndal\u0131\u011f\u0131n yayg\u0131nla\u015fmas\u0131 i\u00e7in kimsenin edilgen olmad\u0131\u011f\u0131n\u0131, herkesin harekete ge\u00e7mesi gerekti\u011fini kabullenmesi laz\u0131m\u201d"},"content":{"rendered":"<p>T\u00fcrkiye\u2019de Yolcu Ta\u015f\u0131mac\u0131l\u0131\u011f\u0131 Hizmetlerinin Eri\u015filebilirli\u011fi Projesi\u2019nin Erzurum \u00c7al\u0131\u015ftay\u0131\u2019nda konu\u015fan Ula\u015ft\u0131rma ve Altyap\u0131 Bakan\u0131 Mehmet Cahit Turhan, \u201cFark\u0131ndal\u0131\u011f\u0131n yayg\u0131nla\u015fmas\u0131 i\u00e7in kimsenin edilgen olmad\u0131\u011f\u0131n\u0131 herkesin harekete ge\u00e7mesini kabullenmesi laz\u0131m. Eri\u015filebilirlik s\u00f6z konusu ise kimse konu mankeni de\u011fildir\u201d dedi.<\/p>\n<p>Bakan Turhan, Erzurum Atat\u00fcrk \u00dcniversitesi Nene Hatun K\u00fclt\u00fcr Merkezi\u2019nde, T\u00fcrkiye ve AB taraf\u0131ndan ortakla\u015fa finanse edilen, Ula\u015ft\u0131rma ve Altyap\u0131 Bakanl\u0131\u011f\u0131 taraf\u0131ndan y\u00fcr\u00fct\u00fclen \u201cT\u00fcrkiye\u2019de Yolcu Ta\u015f\u0131mac\u0131l\u0131\u011f\u0131 Hizmetlerinin Eri\u015filebilirli\u011fi Projesi\u201dnin Erzurum  \u00c7al\u0131\u015ftay\u0131\u2019na kat\u0131ld\u0131. Bakan Turhan \u00e7al\u0131\u015ftayda i\u015faret dili e\u011fitimine de e\u015flik etti.<\/p>\n<p>Bakan Turhan ard\u0131ndan yapt\u0131\u011f\u0131 konu\u015fmada, fark\u0131ndal\u0131\u011f\u0131n yayg\u0131nla\u015fmas\u0131 i\u00e7in kimsenin edilgen olmamas\u0131 gerekti\u011fini ifade ederek, \u201cHi\u00e7bir panelde hi\u00e7bir konferansta olmayan ilgi Erzurum\u2019da takip ediliyor. Ger\u00e7ekle\u015ftirdi\u011fimiz Ankara, Konya, \u0130zmir, Gaziantep ve Trabzon\u2019da kamuoyunu ayd\u0131nlatm\u0131\u015ft\u0131k. Yapacak \u00e7ok i\u015fimiz var. Daha \u00e7ok \u00e7abalayaca\u011f\u0131z ve sizlerden destek isteyece\u011fiz. Rol ve sorumluluklar\u0131 netle\u015ftirilen ve yap\u0131lmas\u0131 gerekli olanlar\u0131 nas\u0131l yapaca\u011f\u0131m\u0131z konusundaki \u00e7al\u0131\u015fmalar \u00e7ok \u00f6nem ta\u015f\u0131yor. Hizmeti veren de kullanan da bizimdir. Daha a\u00e7\u0131k bir ifadeyle fark\u0131ndal\u0131\u011f\u0131n yayg\u0131nla\u015fmas\u0131 i\u00e7in kimsenin edilgen olmad\u0131\u011f\u0131n\u0131 herkesin harekete ge\u00e7mesini kabullenmesi laz\u0131m. Eri\u015filebilirlik s\u00f6z konusu ise kimse konu mankeni de\u011fildir. Engelli arkada\u015flar\u0131m\u0131z konunun \u00f6nemini bizlerden \u00e7ok daha \u00f6nce \u00f6nemsedikleri i\u00e7in g\u00fczel geri d\u00f6n\u00fc\u015fler yapt\u0131lar. Biz pozitif ayr\u0131mc\u0131l\u0131k ve indirim istemiyoruz dediler. Siz bize hizmeti \u00f6yle sunun ki biz bedelini \u00f6deyerek kullanal\u0131m dediler. \u00c7ok hakl\u0131yd\u0131lar ve fark\u0131ndal\u0131klar\u0131 o kadar y\u00fcksek ki bu tip projelerde en \u00e7ok onlar\u0131n deste\u011fine ihtiyac\u0131m\u0131z var\u201d dedi.<\/p>\n<p>Turhan, \u00fclkede ya\u015fayan her vatanda\u015f\u0131n ayn\u0131 imkanlara sahip olmas\u0131 i\u00e7in \u00e7al\u0131\u015ft\u0131klar\u0131n\u0131 belirterek \u201cHerkes kendi \u00fcst\u00fcne d\u00fc\u015fen rol\u00fc \u00fcstlenirken bir yard\u0131m de\u011fil hak meselesi oldu\u011funu bilmeli. Bir eksiklik varsa bu da hizmetin eksikli\u011fi olur. Bug\u00fcn di\u011fer illerde ger\u00e7ekle\u015ftirdi\u011fimiz \u00e7al\u0131\u015ftaylardaki gibi harekete ge\u00e7iyoruz. Fark\u0131ndal\u0131\u011f\u0131 T\u00fcrkiye\u2019nin her yerine ger\u00e7ekle\u015ftirece\u011fiz. Hareket kabiliyeti k\u0131s\u0131tl\u0131, engelli ya da ya\u015fl\u0131 bireyler i\u00e7in sunulan her f\u0131rsat eri\u015febilir olacakt\u0131r. Eri\u015filebilir bir T\u00fcrkiye herkes i\u00e7in \u00f6nemlidir. E\u015fitlenmenin temel ama\u00e7lar\u0131ndan birisi ula\u015f\u0131m ve haberle\u015fme h\u00fcrriyetidir. \u00dclkedeki b\u00fct\u00fcn insanlar\u0131n ayn\u0131 imkanlarla ba\u015fka bir yere ula\u015f\u0131m\u0131 teslim edilmelidir. \u00dclkemizin her taraf\u0131n\u0131n ula\u015f\u0131labilir olmas\u0131 i\u00e7in Cumhurba\u015fkan\u0131m\u0131z\u0131n \u00f6nderli\u011finde 17 y\u0131ld\u0131r gecemizi g\u00fcnd\u00fcz\u00fcm\u00fcze katarak \u00e7al\u0131\u015f\u0131yoruz. 20 bin b\u00f6l\u00fcnm\u00fc\u015f yol ile T\u00fcrkiye\u2019nin her k\u00f6\u015fesine g\u00fcvenli seyahat edebiliyoruz. D\u00fcnyan\u0131n en b\u00fcy\u00fck havaalan\u0131n\u0131 in\u015fa ettik. Yavuz Sultan Selim K\u00f6pr\u00fcs\u00fc, Osman Gazi K\u00f6pr\u00fcs\u00fc, Marmaray gibi projeleri hizmete a\u00e7t\u0131k. \u0130nsanlar\u0131m\u0131za y\u00fcksek h\u0131zl\u0131 treni sunduk. Bu hizmetten 11 \u015fehrimiz yararlan\u0131yor. \u0130leride Ankara\u2019n\u0131n do\u011fusundaki illerimiz de bundan yararlanacak. Ula\u015f\u0131labilir ve eri\u015filebilir T\u00fcrkiye i\u00e7in fiber kablo uzunlu\u011fumuzu 360 bin kilometreye ula\u015ft\u0131rd\u0131k. 5 G i\u00e7in hummal\u0131 bir \u00e7al\u0131\u015fma i\u00e7erisindeyiz. Erzurum i\u00e7in 2002 sonundan 49 bin kilometre olan yolu 607 kilometreye \u00e7\u0131kard\u0131k. B\u00fct\u00fcn bu \u00e7al\u0131\u015fmalar fark\u0131ndal\u0131k ile daha \u00e7ok anlam kazanacakt\u0131r. \u00dclkemiz i\u00e7in de\u011ferli olan bu \u015fehirde projemizin lay\u0131\u011f\u0131 ile devam edece\u011fine eminiz. \u00c7al\u0131\u015fmalar\u0131m\u0131z\u0131 Erzurumlu vatanda\u015flar\u0131m\u0131za daha fazla duyurmak gerekiyor. Biz bug\u00fcn bu y\u00fczden buraday\u0131z\u201d \u015feklinde konu\u015ftu.<\/p>\n<p>Konu\u015fmalar\u0131n ard\u0131ndan Bakan Turhan engelli bireylere hediye takdim etti.<\/p>\n","protected":false},"excerpt":{"rendered":"<p>T\u00dcRK\u0130YE\u2019DE YOLCU TA\u015eIMACILI\u011eI H\u0130ZMETLER\u0130N\u0130N ER\u0130\u015e\u0130LEB\u0130L\u0130RL\u0130\u011e\u0130 PROJES\u0130\u201dN\u0130N ERZURUM  \u00c7ALI\u015eTAYI\u2019NDA KONU\u015eAN ULA\u015eTIRMA VE ALTYAPI BAKANI TURAN, \u201c FARKINDALI\u011eIN YAYGINLA\u015eMASI \u0130\u00c7\u0130N K\u0130MSEN\u0130N ED\u0130LGEN OLMADI\u011eINI HERKES\u0130N HAREKETE GE\u00c7MES\u0130N\u0130 KABULLENMES\u0130 LAZIM. ER\u0130\u015e\u0130LEB\u0130L\u0130RL\u0130K S\u00d6Z KONUSU \u0130SE K\u0130MSE KONU MANKEN\u0130 DE\u011e\u0130LD\u0130R\u201d DED\u0130.<\/p>\n","protected":false},"author":1,"featured_media":202169,"comment_status":"closed","ping_status":"open","sticky":false,"template":"","format":"standard","meta":{"jetpack_post_was_ever_published":false,"_jetpack_newsletter_access":"","_jetpack_dont_email_post_to_subs":false,"_jetpack_newsletter_tier_id":0,"_jetpack_memberships_contains_paywalled_content":false,"_jetpack_memberships_contains_paid_content":false,"footnotes":"","jetpack_publicize_message":"","jetpack_publicize_feature_enabled":true,"jetpack_social_post_already_shared":true,"jetpack_social_options":{"image_generator_settings":{"template":"highway","default_image_id":0,"font":"","enabled":false},"version":2}},"categories":[1],"tags":[50944,11674,742,50946,50947,46784,4482,44,50948,17587,6170,17451,934,50945],"class_list":["post-202168","post","type-post","status-publish","format-standard","has-post-thumbnail","hentry","category-genel","tag-farkindaligin","tag-herkesin","tag-bakan","tag-edilgen","tag-gecmesi","tag-gerektigini","tag-harekete","tag-icin","tag-kabullenmesi","tag-kimsenin","tag-lazim","tag-olmadigini","tag-turhan","tag-yayginlasmasi"],"jetpack_publicize_connections":[],"jetpack_featured_media_url":"https:\/\/i0.wp.com\/www.tvturk.com\/wp-content\/uploads\/2019\/09\/bakan-turhan-farkindaligin-yayginlasmasi-icin-kimsenin-edilgen-olmadigini-herkesin-harekete-gecmesi-gerektigini-kabullenmesi-lazim_aaa88b4.jpg?fit=1000%2C666","jetpack_sharing_enabled":true,"jetpack_shortlink":"https:\/\/wp.me\/paKIfm-QAM","_links":{"self":[{"href":"http:\/\/www.tvturk.com\/index.php\/wp-json\/wp\/v2\/posts\/202168","targetHints":{"allow":["GET"]}}],"collection":[{"href":"http:\/\/www.tvturk.com\/index.php\/wp-json\/wp\/v2\/posts"}],"about":[{"href":"http:\/\/www.tvturk.com\/index.php\/wp-json\/wp\/v2\/types\/post"}],"author":[{"embeddable":true,"href":"http:\/\/www.tvturk.com\/index.php\/wp-json\/wp\/v2\/users\/1"}],"replies":[{"embeddable":true,"href":"http:\/\/www.tvturk.com\/index.php\/wp-json\/wp\/v2\/comments?post=202168"}],"version-history":[{"count":0,"href":"http:\/\/www.tvturk.com\/index.php\/wp-json\/wp\/v2\/posts\/202168\/revisions"}],"wp:featuredmedia":[{"embeddable":true,"href":"http:\/\/www.tvturk.com\/index.php\/wp-json\/wp\/v2\/media\/202169"}],"wp:attachment":[{"href":"http:\/\/www.tvturk.com\/index.php\/wp-json\/wp\/v2\/media?parent=202168"}],"wp:term":[{"taxonomy":"category","embeddable":true,"href":"http:\/\/www.tvturk.com\/index.php\/wp-json\/wp\/v2\/categories?post=202168"},{"taxonomy":"post_tag","embeddable":true,"href":"http:\/\/www.tvturk.com\/index.php\/wp-json\/wp\/v2\/tags?post=202168"}],"curies":[{"name":"wp","href":"https:\/\/api.w.org\/{rel}","templated":true}]}}