{"id":202238,"date":"2019-09-12T15:17:27","date_gmt":"2019-09-12T12:17:27","guid":{"rendered":"http:\/\/www.tvturk.com\/index.php\/sakaryada-duzenlenecek-olan-mtb-cup-yarislari-oncesi-basin-toplantisi-duzenlendi\/"},"modified":"2019-09-12T15:17:27","modified_gmt":"2019-09-12T12:17:27","slug":"sakaryada-duzenlenecek-olan-mtb-cup-yarislari-oncesi-basin-toplantisi-duzenlendi","status":"publish","type":"post","link":"http:\/\/www.tvturk.com\/index.php\/sakaryada-duzenlenecek-olan-mtb-cup-yarislari-oncesi-basin-toplantisi-duzenlendi\/","title":{"rendered":"Sakarya\u2019da d\u00fczenlenecek olan MTB Cup yar\u0131\u015flar\u0131 \u00f6ncesi bas\u0131n toplant\u0131s\u0131 d\u00fczenlendi"},"content":{"rendered":"<p>Sakarya\u2019da 13-15 Eyl\u00fcl tarihleri aras\u0131nda d\u00fczenlenecek olan MTB Cup Sakarya XCO-XCM yar\u0131\u015flar\u0131 \u00f6ncesinde bas\u0131n toplant\u0131s\u0131 d\u00fczenlendi. Sakarya B\u00fcy\u00fck\u015fehir Belediye Ba\u015fkan\u0131 Ekrem Y\u00fcce, \u201cB\u00fcy\u00fck\u015fehir Belediyesi olarak bisiklet sporuna destek vermeye devam edece\u011fiz. Hedefimiz, \u015fehrimizin bisiklet denildi\u011finde d\u00fcnya \u00e7ap\u0131nda bir marka olmas\u0131n\u0131 sa\u011flamak\u201d dedi.<\/p>\n<p>2020 y\u0131l\u0131nda yap\u0131lacak olan ve Cumhurba\u015fkanl\u0131\u011f\u0131 himayelerinde ger\u00e7ekle\u015ftirilecek D\u00fcnya Da\u011f Bisikleti Maraton \u015eampiyonas\u0131\u2019n\u0131n \u00f6n yar\u0131\u015flar\u0131ndan birisi olan MTB Cup Sakarya XCO-XCM yar\u0131\u015flar\u0131n\u0131n \u00f6ncesinde yap\u0131lan bas\u0131n toplant\u0131s\u0131 program\u0131 Ay\u00e7i\u00e7e\u011fi Bisiklet Vadisi\u2019nde ger\u00e7ekle\u015fti. Ger\u00e7ekle\u015fen programa Sakarya B\u00fcy\u00fck\u015fehir Belediye Ba\u015fkan\u0131 Ekrem Y\u00fcce, Gen\u00e7lik Spor \u0130l M\u00fcd\u00fcr\u00fc Arif \u00d6zsoy, Genel Sekreter Yard\u0131mc\u0131s\u0131 Bedrullah Er\u00e7in, Gen\u00e7lik ve Spor Hizmetleri Dairesi Ba\u015fkan\u0131 \u0130lhan \u015eerif Ayka\u00e7, D\u00fcnya Bisiklet Birli\u011fi Komiseri Adrian Wals ve Sakarya SALCANO Bisiklet tak\u0131m\u0131 sporcular\u0131 kat\u0131ld\u0131.<\/p>\n<p>Sporun g\u00fcnl\u00fck ya\u015f\u0131m\u0131n her kesiminde yeri oldu\u011funu belirten Ba\u015fkan Ekrem Y\u00fcce, \u201cSpor, g\u00fcnl\u00fck hayat\u0131m\u0131z\u0131n i\u00e7inde her zaman yer almas\u0131 gereken \u00f6nemli bir etkinlik. Bisiklet sporu ise hayat\u0131m\u0131z\u0131n ola\u011fan ak\u0131\u015f\u0131 i\u00e7erisinde ger\u00e7ekle\u015ftirebilece\u011fimiz en kolay sporlardan birisi. \u00dclkemizde gerek g\u00fcnl\u00fck hayatta gerek spor alan\u0131nda bisiklet kullan\u0131m\u0131n\u0131 hen\u00fcz d\u00fcnyadaki bir\u00e7ok \u00fclke seviyesine \u00e7\u0131karamad\u0131k. Ancak son zamanlarda bu konuda \u00fclke genelinde ve \u00f6zellikle \u015fehrimizde \u00f6nemli \u00e7al\u0131\u015fmalar mevcut. \u015eehrimizde bisiklet kullan\u0131m\u0131n\u0131 yayg\u0131nla\u015ft\u0131rmay\u0131 ama\u00e7layan bir\u00e7ok etkinli\u011fimiz ve projemiz var. Altyap\u0131m\u0131z\u0131 daha da g\u00fc\u00e7lendirmeye \u00e7al\u0131\u015f\u0131yoruz. \u0130n\u015fallah \u00f6zellikle sa\u011fl\u0131kl\u0131 bir ya\u015fam i\u00e7in sokaklar\u0131m\u0131zda daha fazla bisikletli hem\u015fehrimizi g\u00f6rmek istiyoruz. Bisiklet, toplumsal olarak da \u00e7ok faydal\u0131 bir spordur. \u00c7evre dostu, trafik dostu bir ula\u015f\u0131m \u015fekli. Ayn\u0131 zamanda aile b\u00fct\u00e7emize olumlu yarar sa\u011flayan bir aktivite. Bir\u00e7ok sa\u011fl\u0131k sorunun \u00f6nlenmesine de yard\u0131mc\u0131 olan bir spor. \u0130\u015fe, okula giderken rahatl\u0131kla ula\u015f\u0131m kolayl\u0131\u011f\u0131 sa\u011flayan bir ara\u00e7. Hedefimiz, \u015fehrimizin \u201cbisiklet\u201d denildi\u011finde d\u00fcnya \u00e7ap\u0131nda bir marka olmas\u0131n\u0131 sa\u011flamak. Bu tarz etkinliklerin artmas\u0131 i\u00e7in \u00e7al\u0131\u015fmalar\u0131m\u0131z devam edecek. Yar\u0131\u015facak t\u00fcm sporcular\u0131m\u0131za ve tak\u0131mlara muvaffak\u0131yet diliyorum. Allah ayaklar\u0131na kuvvet versin. Sakarya\u2019da bisiklet yollar\u0131m\u0131z\u0131 art\u0131rmay\u0131 hedefliyoruz. Her zaman Sakarya bir spor kenti olman\u0131n yan\u0131nda bisiklet kenti olma \u00f6zelli\u011fi de ta\u015f\u0131maktad\u0131r. Bisiklet yar\u0131\u015flar\u0131nda her zaman \u00fclkemizi en iyi \u015fekilde temsil etmenin gururunu ya\u015f\u0131yor ve ya\u015fayaca\u011f\u0131z. Mevcut bisiklet yollar\u0131m\u0131z\u0131n kilometresini 100\u2019\u00fcn \u00fczerine \u00e7\u0131karaca\u011f\u0131z. S\u0131k s\u0131k yapm\u0131\u015f oldu\u011fumuz bu bisiklet etkinliklerini art\u0131rarak vatanda\u015flar\u0131m\u0131za bisikleti sevdirmenin yan\u0131nda sa\u011fl\u0131kl\u0131 olmay\u0131 da a\u015f\u0131l\u0131yoruz. \u00d6n\u00fcm\u00fczdeki g\u00fcnlerde d\u00fczenlemi\u015f olaca\u011f\u0131m\u0131z yar\u0131\u015fmaya 24 \u00fclkeden toplamda 150 sporcu kat\u0131lacak. \u0130n\u015fallah bu 3 g\u00fcn i\u00e7in arkada\u015flar\u0131m\u0131z \u00e7ok g\u00fczel bir \u00e7al\u0131\u015fma ger\u00e7ekle\u015ftiriyor. Herkese te\u015fekk\u00fcr ederim\u201d diye konu\u015ftu.<\/p>\n<p>Avrupa\u2019da bir\u00e7ok \u00fclkede bisiklet altyap\u0131 hizmetleriyle ilgili tesisleri ziyaret etti\u011fini ancak Ay\u00e7i\u00e7e\u011fi vadisindeki tesisi g\u00f6r\u00fcnce \u00e7ok etkilendi\u011fini vurgulayan D\u00fcnya Bisiklet Birli\u011fi Komiseri Adrian Wals, \u201cBurada belediyenin spora ne kadar \u00f6nem verdi\u011fini g\u00f6r\u00fcyoruz bu tesis ile birlikte. Bunun benzeri bir yap\u0131y\u0131 daha \u00f6nce ba\u015fka bir yerde g\u00f6rmedim. Daha \u00f6nce Avrupa\u2019da bir\u00e7ok yar\u0131\u015fta bulundum, burada da ge\u00e7en y\u0131l d\u00fczenlenen yar\u0131\u015fa kat\u0131ld\u0131m. Daha \u00f6nceki yar\u0131\u015flardaki altyap\u0131n\u0131n \u00fczerine konularak \u00e7ok daha d\u00fczg\u00fcn hale geldi\u011fini g\u00f6zlemledim. Kat\u0131l\u0131mc\u0131lara ba\u015far\u0131lar diliyorum\u201d ifadelerini kulland\u0131.<\/p>\n<p>\u00d6te yandan, programda ger\u00e7ekle\u015ftirilen konu\u015fmalar i\u015faret dili \u00e7evirmeni taraf\u0131ndan i\u015faret diliyle de anlat\u0131ld\u0131.<\/p>\n","protected":false},"excerpt":{"rendered":"<p>SAKARYA\u2019DA 13-15 EYL\u00dcL TAR\u0130HLER\u0130 ARASINDA D\u00dcZENLENECEK OLAN MTB CUP SAKARYA XCO-XCM YARI\u015eLARI \u00d6NCES\u0130NDE BASIN TOPLANTISI D\u00dcZENLEND\u0130.<\/p>\n","protected":false},"author":1,"featured_media":202239,"comment_status":"closed","ping_status":"open","sticky":false,"template":"","format":"standard","meta":{"jetpack_post_was_ever_published":false,"_jetpack_newsletter_access":"","_jetpack_dont_email_post_to_subs":false,"_jetpack_newsletter_tier_id":0,"_jetpack_memberships_contains_paywalled_content":false,"_jetpack_memberships_contains_paid_content":false,"footnotes":"","jetpack_publicize_message":"","jetpack_publicize_feature_enabled":true,"jetpack_social_post_already_shared":true,"jetpack_social_options":{"image_generator_settings":{"template":"highway","default_image_id":0,"font":"","enabled":false},"version":2}},"categories":[657],"tags":[948,13590,2202,4842,50965,572,5360,2200,347,14841],"class_list":["post-202238","post","type-post","status-publish","format-standard","has-post-thumbnail","hentry","category-spor","tag-basin","tag-cup","tag-duzenlendi","tag-duzenlenecek","tag-mtb","tag-olan","tag-oncesi","tag-sakaryada","tag-toplantisi","tag-yarislari"],"jetpack_publicize_connections":[],"jetpack_featured_media_url":"https:\/\/i0.wp.com\/www.tvturk.com\/wp-content\/uploads\/2019\/09\/sakaryada-duzenlenecek-olan-mtb-cup-yarislari-oncesi-basin-toplantisi-duzenlendi_12e4a03.jpg?fit=1000%2C749","jetpack_sharing_enabled":true,"jetpack_shortlink":"https:\/\/wp.me\/paKIfm-QBU","_links":{"self":[{"href":"http:\/\/www.tvturk.com\/index.php\/wp-json\/wp\/v2\/posts\/202238","targetHints":{"allow":["GET"]}}],"collection":[{"href":"http:\/\/www.tvturk.com\/index.php\/wp-json\/wp\/v2\/posts"}],"about":[{"href":"http:\/\/www.tvturk.com\/index.php\/wp-json\/wp\/v2\/types\/post"}],"author":[{"embeddable":true,"href":"http:\/\/www.tvturk.com\/index.php\/wp-json\/wp\/v2\/users\/1"}],"replies":[{"embeddable":true,"href":"http:\/\/www.tvturk.com\/index.php\/wp-json\/wp\/v2\/comments?post=202238"}],"version-history":[{"count":0,"href":"http:\/\/www.tvturk.com\/index.php\/wp-json\/wp\/v2\/posts\/202238\/revisions"}],"wp:featuredmedia":[{"embeddable":true,"href":"http:\/\/www.tvturk.com\/index.php\/wp-json\/wp\/v2\/media\/202239"}],"wp:attachment":[{"href":"http:\/\/www.tvturk.com\/index.php\/wp-json\/wp\/v2\/media?parent=202238"}],"wp:term":[{"taxonomy":"category","embeddable":true,"href":"http:\/\/www.tvturk.com\/index.php\/wp-json\/wp\/v2\/categories?post=202238"},{"taxonomy":"post_tag","embeddable":true,"href":"http:\/\/www.tvturk.com\/index.php\/wp-json\/wp\/v2\/tags?post=202238"}],"curies":[{"name":"wp","href":"https:\/\/api.w.org\/{rel}","templated":true}]}}