{"id":202346,"date":"2019-09-12T18:16:53","date_gmt":"2019-09-12T15:16:53","guid":{"rendered":"http:\/\/www.tvturk.com\/index.php\/4-turksat-model-uydu-yarismasi-odul-toreni-yapildi\/"},"modified":"2019-09-12T18:16:53","modified_gmt":"2019-09-12T15:16:53","slug":"4-turksat-model-uydu-yarismasi-odul-toreni-yapildi","status":"publish","type":"post","link":"http:\/\/www.tvturk.com\/index.php\/4-turksat-model-uydu-yarismasi-odul-toreni-yapildi\/","title":{"rendered":"4. T\u00fcrksat Model Uydu Yar\u0131\u015fmas\u0131 \u00f6d\u00fcl t\u00f6reni yap\u0131ld\u0131"},"content":{"rendered":"<p>T\u00fcrksat ve T\u00fcrkiye Teknoloji Tak\u0131m\u0131 i\u015f birli\u011finde Teknofest b\u00fcnyesinde ger\u00e7ekle\u015ftirilen 4. T\u00fcrksat Model Uydu yar\u0131\u015fmas\u0131 \u00f6d\u00fcl t\u00f6reni ger\u00e7ekle\u015ftirildi.<\/p>\n<p>T\u00fcrksat\u2019\u0131n G\u00f6lba\u015f\u0131 yerle\u015fkesinde ger\u00e7ekle\u015ftirilen \u00f6d\u00fcl t\u00f6renine, T\u00fcrksat Y\u00f6netim Kurulu Ba\u015fkan\u0131 Prof. Dr. Kemal Y\u00fcksek, Ula\u015ft\u0131rma ve Altyap\u0131 Bakan Yard\u0131mc\u0131s\u0131 \u00d6mer Fatih Sayan, T\u00fcrksat Genel M\u00fcd\u00fcr\u00fc Cenk \u015een ve \u00f6\u011frenciler kat\u0131ld\u0131. \u00d6d\u00fcl t\u00f6reni \u00f6ncesinde konu\u015fan T\u00fcrksat Y\u00f6netim Kurulu Ba\u015fkan\u0131 Prof. Dr. Kemal Y\u00fcksek, \u201cT\u00fcrksat olarak faaliyetlerimiz aras\u0131nda y\u00fcr\u00fctt\u00fc\u011f\u00fcm\u00fcz bu yar\u0131\u015fma, bu noktada kararl\u0131l\u0131\u011f\u0131n\u0131, hevesini ve vizyonunu ortaya koyan bir aktivite olarak \u00f6n\u00fcm\u00fcze geldi. Teknofest\u2019le ba\u015flayan ve b\u00fct\u00fcn gen\u00e7 n\u00fcfusumuzu etkileyen bu ekosistemin bir par\u00e7as\u0131 olan bu Model Uydu yar\u0131\u015fmas\u0131, T\u00fcrkiye\u2019nin hedeflerini ve vizyonunu belirlemesi bak\u0131m\u0131ndan \u00f6nemli, bug\u00fcn dereceye giren arkada\u015flara belirli \u00f6d\u00fcller verilecek fakat yar\u0131\u015fmaya kat\u0131lan 490 \u00f6\u011frencimiz g\u00f6sterdikleri efor, ba\u015far\u0131 ve istekle bu \u00fclkenin birer lideri olarak kendilerini g\u00f6stermi\u015flerdir. Hepsinin ailelerine ve hocalar\u0131na te\u015fekk\u00fcr etmek istiyorum\u201d diye konu\u015ftu.<\/p>\n<p>Bir\u00e7ok \u00fcniversiteden gelen \u00f6\u011frencilerin b\u00fcy\u00fck bir kararl\u0131l\u0131kla bu vizyonun bir par\u00e7as\u0131 oldu\u011funu ve T\u00fcrkiye\u2019yi ileriye ta\u015f\u0131yacaklar\u0131na inand\u0131klar\u0131n\u0131 s\u00f6yleyen Y\u00fcksek, \u201cCumhurba\u015fkanl\u0131\u011f\u0131m\u0131z\u0131n da \u00f6nderli\u011finde gidece\u011fimiz hedef ve yol belirlidir, s\u00fcremiz k\u0131s\u0131tl\u0131d\u0131r. D\u00fcn yap\u0131lmas\u0131 gereken \u015feyi bug\u00fcn yapmam\u0131z bu devirde m\u00fcmk\u00fcn de\u011fildir. S\u00fcrelerin k\u0131sald\u0131\u011f\u0131, yap\u0131lacak i\u015flerin ertelenemedi\u011fi bir s\u00fcre\u00e7 ve d\u00f6neme girmi\u015f bulunuyoruz. Hi\u00e7bir mazeret vakit anlam\u0131nda s\u00f6z konusu de\u011fildir\u201d dedi.<\/p>\n<p>Konu\u015fmalar\u0131n ard\u0131ndan \u00f6d\u00fcl t\u00f6renine ge\u00e7ildi. Uzun \u00e7al\u0131\u015fmalar sonucunda iki g\u00fcnl\u00fck yar\u0131\u015fma maratonuyla \u00e7al\u0131\u015fmalar\u0131n\u0131 sonland\u0131ran \u00f6\u011frencilerin mutlulu\u011fu g\u00f6zlerinden okunurken, yar\u0131\u015fma da Zonguldak B\u00fclent Ecevit \u00dcniversitesi birinci, \u0130stanbul Teknik \u00dcniversitesi ikinci ve Elaz\u0131\u011f F\u0131rat \u00dcniversitesi \u00fc\u00e7\u00fcnc\u00fc oldu.<\/p>\n<p>\u00d6d\u00fcl t\u00f6reninin ard\u0131ndan \u00e7ekilen aile foto\u011fraf\u0131 ile t\u00f6ren son buldu.<\/p>\n<p>\u201c2020 y\u0131l\u0131nda uzaya uydu f\u0131rlataca\u011f\u0131z\u201d<\/p>\n<p>T\u00f6renin ard\u0131ndan konu\u015fan Zonguldak B\u00fclent Ecevit \u00dcniversitesi Grizu-263 tak\u0131m\u0131n\u0131n lideri olan U\u011fur Can Soru\u00e7, \u015funlar\u0131 kaydetti:<\/p>\n<p>\u201cTarifi yok. Bir y\u0131ll\u0131k \u00e7al\u0131\u015fma var arkas\u0131nda, gece g\u00fcnd\u00fcz durmadan \u00e7al\u0131\u015f\u0131yoruz. Eme\u011fimizin kar\u015f\u0131l\u0131\u011f\u0131n\u0131 ald\u0131k diye d\u00fc\u015f\u00fcn\u00fcyoruz. \u00c7ok tarif edilemez bir duygu tak\u0131m olarak \u00e7ok mutluyuz.  Parayla tak\u0131m\u0131n ihtiya\u00e7lar\u0131 kar\u015f\u0131lanacak laboratuvar yapmay\u0131 d\u00fc\u015f\u00fcn\u00fcyoruz. Genel olarak di\u011fer projelere y\u00f6nelik kullan\u0131lm\u0131\u015f olacak. Onun d\u0131\u015f\u0131nda bizim d\u00fcnyada bir ilk olan \u2019Pocket &#8211; Cube\u2019 projemiz var. Kamera g\u00f6r\u00fcnt\u00fclerini alabilirsek \u00e7ok g\u00fczel olacak, 2020 y\u0131l\u0131nda uzaya f\u0131rlataca\u011f\u0131z uydumuzu, onu dinleyebilmek i\u00e7inde ge\u00e7ti\u011fimiz A\u011fustos ay\u0131nda Zonguldak B\u00fclent Ecevit \u00dcniversitesine yer istasyonu kurduk.\u201d<\/p>\n","protected":false},"excerpt":{"rendered":"<p>T\u00dcRKSAT VE T\u00dcRK\u0130YE TEKNOLOJ\u0130 TAKIMI \u0130\u015e B\u0130RL\u0130\u011e\u0130NDE TEKNOFEST B\u00dcNYES\u0130NDE GER\u00c7EKLE\u015eT\u0130R\u0130LEN 4. T\u00dcRKSAT MODEL UYDU YARI\u015eMASI \u00d6D\u00dcL T\u00d6REN\u0130 GER\u00c7EKLE\u015eT\u0130R\u0130LD\u0130.<\/p>\n","protected":false},"author":1,"featured_media":202347,"comment_status":"closed","ping_status":"open","sticky":false,"template":"","format":"standard","meta":{"jetpack_post_was_ever_published":false,"_jetpack_newsletter_access":"","_jetpack_dont_email_post_to_subs":false,"_jetpack_newsletter_tier_id":0,"_jetpack_memberships_contains_paywalled_content":false,"_jetpack_memberships_contains_paid_content":false,"footnotes":"","jetpack_publicize_message":"","jetpack_publicize_feature_enabled":true,"jetpack_social_post_already_shared":true,"jetpack_social_options":{"image_generator_settings":{"template":"highway","default_image_id":0,"font":"","enabled":false},"version":2}},"categories":[1],"tags":[1910,4204,187,27408,10173,117,1650],"class_list":["post-202346","post","type-post","status-publish","format-standard","has-post-thumbnail","hentry","category-genel","tag-model","tag-odul","tag-toreni","tag-turksat","tag-uydu","tag-yapildi","tag-yarismasi"],"jetpack_publicize_connections":[],"jetpack_featured_media_url":"https:\/\/i0.wp.com\/www.tvturk.com\/wp-content\/uploads\/2019\/09\/4-turksat-model-uydu-yarismasi-odul-toreni-yapildi_2bdd0b7.jpg?fit=1000%2C666","jetpack_sharing_enabled":true,"jetpack_shortlink":"https:\/\/wp.me\/paKIfm-QDE","_links":{"self":[{"href":"http:\/\/www.tvturk.com\/index.php\/wp-json\/wp\/v2\/posts\/202346","targetHints":{"allow":["GET"]}}],"collection":[{"href":"http:\/\/www.tvturk.com\/index.php\/wp-json\/wp\/v2\/posts"}],"about":[{"href":"http:\/\/www.tvturk.com\/index.php\/wp-json\/wp\/v2\/types\/post"}],"author":[{"embeddable":true,"href":"http:\/\/www.tvturk.com\/index.php\/wp-json\/wp\/v2\/users\/1"}],"replies":[{"embeddable":true,"href":"http:\/\/www.tvturk.com\/index.php\/wp-json\/wp\/v2\/comments?post=202346"}],"version-history":[{"count":0,"href":"http:\/\/www.tvturk.com\/index.php\/wp-json\/wp\/v2\/posts\/202346\/revisions"}],"wp:featuredmedia":[{"embeddable":true,"href":"http:\/\/www.tvturk.com\/index.php\/wp-json\/wp\/v2\/media\/202347"}],"wp:attachment":[{"href":"http:\/\/www.tvturk.com\/index.php\/wp-json\/wp\/v2\/media?parent=202346"}],"wp:term":[{"taxonomy":"category","embeddable":true,"href":"http:\/\/www.tvturk.com\/index.php\/wp-json\/wp\/v2\/categories?post=202346"},{"taxonomy":"post_tag","embeddable":true,"href":"http:\/\/www.tvturk.com\/index.php\/wp-json\/wp\/v2\/tags?post=202346"}],"curies":[{"name":"wp","href":"https:\/\/api.w.org\/{rel}","templated":true}]}}