{"id":202356,"date":"2019-09-12T19:32:37","date_gmt":"2019-09-12T16:32:37","guid":{"rendered":"http:\/\/www.tvturk.com\/index.php\/fikret-ormandan-kimsesiz-cocuklara-anlamli-ziyaret\/"},"modified":"2019-09-12T19:32:37","modified_gmt":"2019-09-12T16:32:37","slug":"fikret-ormandan-kimsesiz-cocuklara-anlamli-ziyaret","status":"publish","type":"post","link":"http:\/\/www.tvturk.com\/index.php\/fikret-ormandan-kimsesiz-cocuklara-anlamli-ziyaret\/","title":{"rendered":"Fikret Orman\u2019dan kimsesiz \u00e7ocuklara anlaml\u0131 ziyaret"},"content":{"rendered":"<p>Mersin Be\u015fikta\u015fl\u0131lar Derne\u011fi taraf\u0131ndan \u00c7ocuk Evleri Sitesi\u2019nde ger\u00e7ekle\u015ftirilen etkinli\u011fe kat\u0131lan Be\u015fikta\u015f Kul\u00fcp Ba\u015fkan\u0131 Fikret Orman, kimsesiz \u00e7ocuklarla bulu\u015ftu. \u00c7ocuklarla yak\u0131ndan ilgilenen Orman, \u00e7ocuklara forma hediye edip, bol bol hat\u0131ra foto\u011fraf\u0131 \u00e7ektirdi.<\/p>\n<p>Mersin \u00c7ocuk Evleri Sitesi\u2019nde ger\u00e7ekle\u015ftirilen etkinlikte Ba\u015fkan Orman\u2019a, Aile, \u00c7al\u0131\u015fma ve Sosyal Hizmetler \u0130l M\u00fcd\u00fcr\u00fc Veysel Topkaya ile \u0130l Emniyet M\u00fcd\u00fcr\u00fc Mehmet \u015eahne e\u015flik etti. Burada \u00e7ocuklarla yak\u0131ndan ilgilenen Orman, \u00e7ocuklara forma hediye etti. Etkinlikte formalar\u0131 da imzalayan Orman, \u00e7ocuklarla bol bol hat\u0131ra foto\u011fraf\u0131 \u00e7ektirdi. Burada konu\u015fan Mersin \u00c7ocuk Evleri Sitesi M\u00fcd\u00fcr\u00fc Faruk Azg\u0131t, bu etkinli\u011fini Ekim ay\u0131 i\u00e7inde asl\u0131nda planland\u0131\u011f\u0131n\u0131 belirterek, &#8220;Ancak ba\u015fkan\u0131m\u0131z\u0131n da bug\u00fcn buraya \u015feref vermesi dolay\u0131s\u0131yla biz bunu \u00f6ne ald\u0131k. Ger\u00e7ekten \u00e7ocuklar\u0131n sevincini g\u00f6rd\u00fc\u011f\u00fcm zaman, bu t\u00fcr etkinlikleri \u00f6zledi\u011fimizi bir kez daha g\u00f6rd\u00fcm. Onun i\u00e7in ba\u015fkan\u0131m\u0131za onur verdikleri te\u015fekk\u00fcr ediyorum&#8221; dedi.<\/p>\n<p>Mersin Be\u015fikta\u015fl\u0131lar Derne\u011fi Ba\u015fkan\u0131 Ufuk Onuk ise Be\u015fikta\u015fl\u0131l\u0131\u011f\u0131n farkl\u0131 bir \u015fey oldu\u011funu vurgulayarak, &#8220;Biz hep \u00f6yle diyoruz ama di\u011fer tak\u0131mlar\u0131n taraftar\u0131 olan ve buraya gelen sevgili ba\u015fkanlar\u0131mdan duydum. Biz Be\u015fikta\u015fl\u0131 olmasak da \u00e7ar\u015f\u0131ya geldik diyorlar. Bir kere daha \u015feref verdiler&#8221; diye konu\u015ftu.<\/p>\n<p>Orman: &#8220;Camia ba\u015fkan\u0131 olarak herkese dokunmaya gayret ediyorum&#8221;<\/p>\n<p>Be\u015fikta\u015f Kul\u00fcp Ba\u015fkan\u0131 Fikret Orman da g\u00fczel bir organizasyon oldu\u011funu kaydederek, &#8220;Ben de bu organizasyonda olmaktan ger\u00e7ekten mutlu oldum. Bu kadar g\u00fczel \u00e7ocuklarla birlikte olmak beni \u00e7ok mutlu etti. Be\u015fikta\u015fl\u0131 olarak bizim yapt\u0131\u011f\u0131m\u0131z i\u015fin \u00f6z\u00fc bu, insanlar\u0131 mutlu etmek, insanlarla beraber olmak. Ma\u00e7lar sahalarda oynan\u0131yor bazen d\u0131\u015far\u0131da oynamaya kalk\u0131yor baz\u0131 ba\u015fkanlar filan ama biz sahada kalmas\u0131 i\u00e7in u\u011fra\u015flar veriyoruz. Esas i\u015fimiz toplumu g\u00fcnl\u00fck a\u011f\u0131rl\u0131klar\u0131ndan b\u00f6yle g\u00fczelliklere getirmek istiyoruz. Onun i\u00e7inde bu organizasyonu d\u00fczenleyen herkese te\u015fekk\u00fcr ediyorum. Be\u015fikta\u015f\u2019\u0131n d\u00fcnyada taraftar\u0131 var ama bu b\u00f6lgede \u00e7ok fazla taraftar\u0131m\u0131z var. Allah nasip ederse bundan sonraki Milli Tak\u0131m aras\u0131nda 12 Ekim\u2019de Be\u015fikta\u015f futbol tak\u0131m\u0131 Adana\u2019da Adana Demirspor ile bir dostluk ma\u00e7\u0131 yapacak. B\u00f6yle bir organizasyon d\u00fc\u015f\u00fcnd\u00fck ki buradaki taraftarlar\u0131m\u0131z hem tak\u0131m\u0131m\u0131z hem hocam\u0131zla bulu\u015fsun. Camia ba\u015fkan\u0131 olarak herkese dokunmaya gayret ediyorum. Beni a\u011f\u0131rlad\u0131\u011f\u0131n\u0131z, mutlu g\u00f6zlerle bana bakt\u0131\u011f\u0131n\u0131z i\u00e7in \u00e7ok te\u015fekk\u00fcr ediyorum&#8221; \u015feklinde konu\u015ftu.<\/p>\n<p>Konu\u015fmalar\u0131n ard\u0131nda m\u00fcd\u00fcrler Azg\u0131t ve Topkaya, Orman\u2019a tablo hediye etti. Ard\u0131ndan orman \u00e7ocuklara forma hediye ederek, pasta kesti.<\/p>\n","protected":false},"excerpt":{"rendered":"<p>MERS\u0130N BE\u015e\u0130KTA\u015eLILAR DERNE\u011e\u0130 TARAFINDAN \u00c7OCUK EVLER\u0130 S\u0130TES\u0130&#8217;NDE GER\u00c7EKLE\u015eT\u0130R\u0130LEN ETK\u0130NL\u0130\u011eE KATILAN BE\u015e\u0130KTA\u015e KUL\u00dcP BA\u015eKANI F\u0130KRET ORMAN, K\u0130MSES\u0130Z \u00c7OCUKLARLA BULU\u015eTU. \u00c7OCUKLARLA YAKINDAN \u0130LG\u0130LENEN ORMAN, \u00c7OCUKLARA FORMA HED\u0130YE ED\u0130P, BOL BOL HATIRA FOTO\u011eRAFI \u00c7EKT\u0130RD\u0130.<\/p>\n","protected":false},"author":1,"featured_media":202357,"comment_status":"closed","ping_status":"open","sticky":false,"template":"","format":"standard","meta":{"jetpack_post_was_ever_published":false,"_jetpack_newsletter_access":"","_jetpack_dont_email_post_to_subs":false,"_jetpack_newsletter_tier_id":0,"_jetpack_memberships_contains_paywalled_content":false,"_jetpack_memberships_contains_paid_content":false,"footnotes":"","jetpack_publicize_message":"","jetpack_publicize_feature_enabled":true,"jetpack_social_post_already_shared":true,"jetpack_social_options":{"image_generator_settings":{"template":"highway","default_image_id":0,"font":"","enabled":false},"version":2}},"categories":[657],"tags":[3059,353,4919,13898,9453,150],"class_list":["post-202356","post","type-post","status-publish","format-standard","has-post-thumbnail","hentry","category-spor","tag-anlamli","tag-cocuklara","tag-fikret","tag-kimsesiz","tag-ormandan","tag-ziyaret"],"jetpack_publicize_connections":[],"jetpack_featured_media_url":"https:\/\/i0.wp.com\/www.tvturk.com\/wp-content\/uploads\/2019\/09\/fikret-ormandan-kimsesiz-cocuklara-anlamli-ziyaret_ff04386.jpg?fit=1000%2C666","jetpack_sharing_enabled":true,"jetpack_shortlink":"https:\/\/wp.me\/paKIfm-QDO","_links":{"self":[{"href":"http:\/\/www.tvturk.com\/index.php\/wp-json\/wp\/v2\/posts\/202356","targetHints":{"allow":["GET"]}}],"collection":[{"href":"http:\/\/www.tvturk.com\/index.php\/wp-json\/wp\/v2\/posts"}],"about":[{"href":"http:\/\/www.tvturk.com\/index.php\/wp-json\/wp\/v2\/types\/post"}],"author":[{"embeddable":true,"href":"http:\/\/www.tvturk.com\/index.php\/wp-json\/wp\/v2\/users\/1"}],"replies":[{"embeddable":true,"href":"http:\/\/www.tvturk.com\/index.php\/wp-json\/wp\/v2\/comments?post=202356"}],"version-history":[{"count":0,"href":"http:\/\/www.tvturk.com\/index.php\/wp-json\/wp\/v2\/posts\/202356\/revisions"}],"wp:featuredmedia":[{"embeddable":true,"href":"http:\/\/www.tvturk.com\/index.php\/wp-json\/wp\/v2\/media\/202357"}],"wp:attachment":[{"href":"http:\/\/www.tvturk.com\/index.php\/wp-json\/wp\/v2\/media?parent=202356"}],"wp:term":[{"taxonomy":"category","embeddable":true,"href":"http:\/\/www.tvturk.com\/index.php\/wp-json\/wp\/v2\/categories?post=202356"},{"taxonomy":"post_tag","embeddable":true,"href":"http:\/\/www.tvturk.com\/index.php\/wp-json\/wp\/v2\/tags?post=202356"}],"curies":[{"name":"wp","href":"https:\/\/api.w.org\/{rel}","templated":true}]}}