{"id":202458,"date":"2019-09-13T10:32:06","date_gmt":"2019-09-13T07:32:06","guid":{"rendered":"http:\/\/www.tvturk.com\/index.php\/dogustan-hasta-olan-cocuk-bobrek-nakli-bekliyor\/"},"modified":"2019-09-13T10:54:15","modified_gmt":"2019-09-13T07:54:15","slug":"dogustan-hasta-olan-cocuk-bobrek-nakli-bekliyor","status":"publish","type":"post","link":"http:\/\/www.tvturk.com\/index.php\/dogustan-hasta-olan-cocuk-bobrek-nakli-bekliyor\/","title":{"rendered":"DO\u011eU\u015eTAN B\u00d6BREK HASTASI \u00c7OCUK,B\u00d6BREK NAKL\u0130 BEKL\u0130YOR"},"content":{"rendered":"<p>\u015eanl\u0131urfa\u2019da iki \u00e7ocu\u011funu b\u00f6brek hastal\u0131\u011f\u0131ndan kaybeden aile, 3\u2019\u00fcnc\u00fc \u00e7ocu\u011funu kaybetmemek i\u00e7in b\u00f6brek nakli bekliyor.<\/p>\n<p>\u015eanl\u0131urfa\u2019n\u0131n Siverek il\u00e7esine ba\u011fl\u0131 Ayvanat Mahallesi\u2019nde ya\u015fayan Kas\u0131m ve Hacer \u00e7iftinin, do\u011fu\u015ftan nefrotik sendrom (b\u00f6brek kaynakl\u0131 protein ka\u00e7a\u011f\u0131) hastas\u0131 3 ya\u015f\u0131ndaki k\u0131zlar\u0131 Y\u0131ld\u0131z Lale\u2019nin tedavisi s\u00fcr\u00fcyor. \u015eanl\u0131urfa Eyy\u00fcbiye E\u011fitim ve Ara\u015ft\u0131rma Hastanesi yo\u011fun bak\u0131m \u00fcnitesinde diyaliz makinesine ba\u011fl\u0131 olan minik k\u0131z\u0131n sa\u011fl\u0131\u011f\u0131na kavu\u015fabilmesi i\u00e7in b\u00f6brek nakli olmas\u0131 gerekiyor. Daha \u00f6nce ayn\u0131 hastal\u0131ktan 2 \u00e7ocu\u011funu kaybeden aile, k\u0131zlar\u0131n\u0131n b\u00f6brek nakli olabilmesi i\u00e7in yard\u0131m bekliyor.<\/p>\n<p>\u201cK\u0131z\u0131m\u0131n ya\u015fayabilmesi i\u00e7in b\u00f6brek nakli bekliyoruz\u201d<\/p>\n<p>Maddi durumunun iyi olmad\u0131\u011f\u0131n\u0131 s\u00f6yleyen baba Kas\u0131m Lale, &#8220;\u0130ki \u00e7ocu\u011fumu b\u00f6brek hastal\u0131\u011f\u0131ndan kaybettim. 3\u2019\u00fcnc\u00fc \u00e7ocu\u011fumu kaybetmek istemiyorum. K\u0131z\u0131m\u0131n ya\u015fayabilmesi i\u00e7in b\u00f6brek nakli bekliyoruz. Hayat\u0131m\u0131z hep hastanelerde ge\u00e7ti. 9 g\u00fcnd\u00fcr biz buraday\u0131z, \u00e7ocu\u011fum tedavi ediliyor. B\u00f6brek nakli i\u00e7in umutla bir haber bekliyoruz. Bizim maddi durumumuz da iyi de\u011fil, ma\u011fdur durumday\u0131z. K\u0131z\u0131m hastanede diyalize ba\u011fl\u0131 olarak ya\u015f\u0131yor. Doktorlar ila\u00e7larla k\u0131z\u0131m\u0131n nereye kadar ya\u015fayaca\u011f\u0131n\u0131 belli de\u011fil, b\u00f6brek nakli olsa ya\u015fayacak\u201d dedi.<\/p>\n<p>\u201cDaha \u00f6nce 2 \u00e7ocu\u011fumu kaybettim\u201d<\/p>\n<p>\u00c7ocu\u011funun ya\u015famas\u0131 i\u00e7in b\u00f6brek nakli beklediklerini belirten anne Hacer Lale, \u201c\u00c7ocu\u011fumun ya\u015famas\u0131 i\u00e7in b\u00f6brek nakli bekliyorum. Cumhurba\u015fkan\u0131m\u0131z Recep Tayyip Erdo\u011fan ve Sa\u011fl\u0131k Bakanl\u0131\u011f\u0131ndan destek bekliyoruz. K\u0131z\u0131m\u0131z\u0131n ya\u015famas\u0131n\u0131 istiyorum. Ben daha \u00f6nce iki \u00e7ocu\u011fumu kaybettim, bu \u00e7ocu\u011fumu da kaybetmek istemiyorum. K\u0131z\u0131m 3 y\u0131ld\u0131r tedavi g\u00f6r\u00fcyor. K\u0131z\u0131m yo\u011fun bak\u0131mda ne zaman \u00e7\u0131kaca\u011f\u0131 belli de\u011fil. \u00c7ok ma\u011fduruz. Duyarl\u0131 vatanda\u015flar\u0131m\u0131zdan yard\u0131m bekliyoruz. K\u0131z\u0131n i\u00e7in in\u015fallah b\u00f6brek nakli olur, kurtulur\u201d diye konu\u015ftu.<\/p>\n","protected":false},"excerpt":{"rendered":"<p>\u015eANLIURFA\u2019DA \u0130K\u0130 \u00c7OCU\u011eUNU B\u00d6BREK HASTALI\u011eINDAN KAYBEDEN A\u0130LE, 3&#8217;\u00dcNC\u00dc \u00c7OCU\u011eUNU KAYBETMEMEK \u0130\u00c7\u0130N B\u00d6BREK NAKL\u0130 BEKL\u0130YOR.<\/p>\n","protected":false},"author":2,"featured_media":202459,"comment_status":"closed","ping_status":"open","sticky":false,"template":"","format":"standard","meta":{"jetpack_post_was_ever_published":false,"_jetpack_newsletter_access":"","_jetpack_dont_email_post_to_subs":false,"_jetpack_newsletter_tier_id":0,"_jetpack_memberships_contains_paywalled_content":false,"_jetpack_memberships_contains_paid_content":false,"footnotes":"","jetpack_publicize_message":"","jetpack_publicize_feature_enabled":true,"jetpack_social_post_already_shared":true,"jetpack_social_options":{"image_generator_settings":{"template":"highway","default_image_id":0,"font":"","enabled":false},"version":2}},"categories":[1],"tags":[4378,11304,1008,24377,4166,12189,572],"class_list":["post-202458","post","type-post","status-publish","format-standard","has-post-thumbnail","hentry","category-genel","tag-bekliyor","tag-bobrek","tag-cocuk","tag-dogustan","tag-hasta","tag-nakli","tag-olan"],"jetpack_publicize_connections":[],"jetpack_featured_media_url":"https:\/\/i0.wp.com\/www.tvturk.com\/wp-content\/uploads\/2019\/09\/dogustan-hasta-olan-cocuk-bobrek-nakli-bekliyor_21ef080.jpg?fit=1000%2C942","jetpack_sharing_enabled":true,"jetpack_shortlink":"https:\/\/wp.me\/paKIfm-QFs","_links":{"self":[{"href":"http:\/\/www.tvturk.com\/index.php\/wp-json\/wp\/v2\/posts\/202458","targetHints":{"allow":["GET"]}}],"collection":[{"href":"http:\/\/www.tvturk.com\/index.php\/wp-json\/wp\/v2\/posts"}],"about":[{"href":"http:\/\/www.tvturk.com\/index.php\/wp-json\/wp\/v2\/types\/post"}],"author":[{"embeddable":true,"href":"http:\/\/www.tvturk.com\/index.php\/wp-json\/wp\/v2\/users\/2"}],"replies":[{"embeddable":true,"href":"http:\/\/www.tvturk.com\/index.php\/wp-json\/wp\/v2\/comments?post=202458"}],"version-history":[{"count":1,"href":"http:\/\/www.tvturk.com\/index.php\/wp-json\/wp\/v2\/posts\/202458\/revisions"}],"predecessor-version":[{"id":202492,"href":"http:\/\/www.tvturk.com\/index.php\/wp-json\/wp\/v2\/posts\/202458\/revisions\/202492"}],"wp:featuredmedia":[{"embeddable":true,"href":"http:\/\/www.tvturk.com\/index.php\/wp-json\/wp\/v2\/media\/202459"}],"wp:attachment":[{"href":"http:\/\/www.tvturk.com\/index.php\/wp-json\/wp\/v2\/media?parent=202458"}],"wp:term":[{"taxonomy":"category","embeddable":true,"href":"http:\/\/www.tvturk.com\/index.php\/wp-json\/wp\/v2\/categories?post=202458"},{"taxonomy":"post_tag","embeddable":true,"href":"http:\/\/www.tvturk.com\/index.php\/wp-json\/wp\/v2\/tags?post=202458"}],"curies":[{"name":"wp","href":"https:\/\/api.w.org\/{rel}","templated":true}]}}