{"id":20252,"date":"2019-02-11T10:24:50","date_gmt":"2019-02-11T07:24:50","guid":{"rendered":"http:\/\/www.tvturk.com\/index.php\/pehlivankoyde-kadin-ciftci-egitimi\/"},"modified":"2019-02-11T10:24:55","modified_gmt":"2019-02-11T07:24:55","slug":"pehlivankoyde-kadin-ciftci-egitimi","status":"publish","type":"post","link":"http:\/\/www.tvturk.com\/index.php\/pehlivankoyde-kadin-ciftci-egitimi\/","title":{"rendered":"Pehlivank\u00f6y\u2019de kad\u0131n \u00e7ift\u00e7i e\u011fitimi"},"content":{"rendered":"<p>K\u0131rklareli\u2019nin Pehlivank\u00f6y il\u00e7esine ba\u011fl\u0131 Kumk\u00f6y ve Ku\u015ftepe k\u00f6ylerinde kad\u0131nlara y\u00f6nelik Tar\u0131m ve Orman M\u00fcd\u00fcrl\u00fc\u011f\u00fc tektik personeli taraf\u0131ndan, g\u0131da hijyeni, muhafaza y\u00f6ntemleri ve kooperatif\u00e7ilik konusunda bilgilendirme e\u011fitimi d\u00fczenlendi.<\/p>\n<p>Tar\u0131m ve Orman \u0130l e \u0130l\u00e7e M\u00fc\u00fcrl\u00fckleri taraf\u0131nda, Pehlivank\u00f6y \u0130l\u00e7emiz Kumk\u00f6y ve Ku\u015ftepe k\u00f6ylerinden 42 kad\u0131n \u00e7if\u00e7inin kat\u0131l\u0131m\u0131yla g\u0131da hijyeni, muhafaza y\u00f6ntemleri ve kooperatif\u00e7ilik konusunda bilgilendirme e\u011fitimi verildi. Kumk\u00f6y k\u00f6y\u00fcnde ger\u00e7ekle\u015ftirilen e\u011fitim toplant\u0131s\u0131na \u0130l M\u00fcd\u00fcr\u00fc Funda Eylem \u00d6zel, \u0130l\u00e7e M\u00fcd\u00fcr\u00fc Ali Do\u011fan, KTV \u015eube M\u00fcd\u00fcr\u00fc Hasan Do\u011fan ile \u0130l ve \u0130l\u00e7e M\u00fcd\u00fcrl\u00fc\u011f\u00fc teknik personeli kat\u0131ld\u0131.<\/p>\n<p>K\u0131rklareli Tar\u0131m ve Orman \u0130l M\u00fcd\u00fcr\u00fc \u00d6zel, kad\u0131n \u00e7ift\u00e7ilerle sohbet ortam\u0131nda ger\u00e7ekle\u015ftirilen toplant\u0131dan duydu\u011fu memnuniyeti dile getirdi. Kad\u0131nlar\u0131n hayata ge\u00e7irmek istedikleri her projenin arkas\u0131nda olacaklar\u0131n\u0131 belirten \u00d6zel, &#8220;K\u0131rsalda ekonomik kalk\u0131nman\u0131n temelinde kad\u0131nlar\u0131m bulunuyor. K\u0131rsal alanlardaki kad\u0131n \u00e7ift\u00e7iler i\u00e7in \u00fcretim ve ev i\u015flerinin birlikte yap\u0131lmas\u0131, kooperatif\u00e7ilik anlam\u0131nda \u00f6rg\u00fctlenmenin sa\u011flanabilmesi ve kad\u0131n \u00e7ift\u00e7ilerimizin  sosyal ve ekonomik hayatta s\u00fcrd\u00fcr\u00fclebilir refah sa\u011flamalar\u0131 i\u00e7in kad\u0131n \u00fcreticilerimize y\u00f6nelik e\u011fitimler vermekteyiz&#8221; dedi.<\/p>\n<p>Kumk\u00f6y k\u00f6y\u00fcnde y\u00f6resel \u00fcr\u00fcnlerin \u00fcretimi ve pazarlanmas\u0131 konusunda bir talebin bulundu\u011funu da belirten \u0130l M\u00fcd\u00fcr\u00fc \u00d6zel, e\u011fitim ve bilgilendirme konular\u0131nda gerekli her deste\u011fin verilece\u011fini ve ilgili di\u011fer kurumlardan e\u011fitim ve sertifika programlar\u0131 i\u00e7in gerekli g\u00f6r\u00fc\u015fmelerin yap\u0131laca\u011f\u0131n\u0131 kaydetti.<\/p>\n<p>\u00d6zel ay\u0131ca, d\u00fczenlenen e\u011fitim \u00e7al\u0131\u015fmas\u0131 sebebiyle \u0130l\u00e7e M\u00fcd\u00fcrl\u00fc\u011f\u00fc personeline ve Kumk\u00f6y k\u00f6y\u00fc muhtarl\u0131\u011f\u0131na te\u015fekk\u00fcr etti.<\/p>\n<p>Tar\u0131m ve Orman \u0130l M\u00fcd\u00fcrl\u00fc\u011f\u00fc teknik personeli taraf\u0131ndan, g\u0131da hijyeni, muhafaza y\u00f6ntemleri ve kooperatif\u00e7ilik konular\u0131nda yap\u0131lan sunumlar\u0131n ard\u0131ndan, program soru-cevap k\u0131sm\u0131yla sona erdi.<div class=\"tiled-gallery type-rectangular tiled-gallery-unresized\" data-original-width=\"500\" data-carousel-extra='null' itemscope itemtype=\"http:\/\/schema.org\/ImageGallery\" > <div class=\"gallery-row\" style=\"width: 500px; height: 224px;\" data-original-width=\"500\" data-original-height=\"224\" > <div class=\"gallery-group images-1\" style=\"width: 334px; height: 224px;\" data-original-width=\"334\" data-original-height=\"224\" > <div class=\"tiled-gallery-item tiled-gallery-item-large\" itemprop=\"associatedMedia\" itemscope itemtype=\"http:\/\/schema.org\/ImageObject\"> <a href=\"http:\/\/www.tvturk.com\/index.php\/pehlivankoyde-kadin-ciftci-egitimi\/pehlivankoyde-kadin-ciftci-egitimi-3\/\" border=\"0\" itemprop=\"url\"> <meta itemprop=\"width\" content=\"330\"> <meta itemprop=\"height\" content=\"220\"> <img decoding=\"async\" class=\"\" data-attachment-id=\"20254\" data-orig-file=\"http:\/\/www.tvturk.com\/wp-content\/uploads\/2019\/02\/pehlivankoyde-kadin-ciftci-egitimi_9449784.jpg\" data-orig-size=\"1000,666\" data-comments-opened=\"\" data-image-meta=\"{&quot;aperture&quot;:&quot;0&quot;,&quot;credit&quot;:&quot;IHA&quot;,&quot;camera&quot;:&quot;&quot;,&quot;caption&quot;:&quot;KUMK\\u00d6Y K\\u00d6Y\\u00dcNDE GER\\u00c7EKLE\\u015eT\\u0130R\\u0130LEN E\\u011e\\u0130T\\u0130M TOPLANTISINA \\u0130L M\\u00dcD\\u00dcR\\u00dc FUNDA EYLEM \\u00d6ZEL, \\u0130L\\u00c7E M\\u00dcD\\u00dcR\\u00dc AL\\u0130 DO\\u011eAN, KTV \\u015eUBE M\\u00dcD\\u00dcR\\u00dc HASAN DO\\u011eAN \\u0130LE \\u0130L VE \\u0130L\\u00c7E M\\u00dcD\\u00dcRL\\u00dc\\u011e\\u00dc TEKN\\u0130K PERSONEL\\u0130 KATILDI. (MEFA\\u0130L AK\\u00c7ATEPE\\\/KIRKLAREL\\u0130-\\u0130HA)&quot;,&quot;created_timestamp&quot;:&quot;0&quot;,&quot;copyright&quot;:&quot;\\u0130HLAS HABER AJANSI, www.iha.com.tr&quot;,&quot;focal_length&quot;:&quot;0&quot;,&quot;iso&quot;:&quot;0&quot;,&quot;shutter_speed&quot;:&quot;0&quot;,&quot;title&quot;:&quot;PEHL\\u0130VANK\\u00d6Y\\u2019DE KADIN \\u00c7\\u0130FT\\u00c7\\u0130 E\\u011e\\u0130T\\u0130M\\u0130&quot;,&quot;orientation&quot;:&quot;0&quot;}\" data-image-title=\"Pehlivank\u00f6y\u2019de kad\u0131n \u00e7ift\u00e7i e\u011fitimi\" data-image-description=\"&lt;p&gt;Pehlivank\u00f6y\u2019de kad\u0131n \u00e7ift\u00e7i e\u011fitimi&lt;\/p&gt; \" data-medium-file=\"https:\/\/i0.wp.com\/www.tvturk.com\/wp-content\/uploads\/2019\/02\/pehlivankoyde-kadin-ciftci-egitimi_9449784.jpg?fit=300%2C200\" data-large-file=\"https:\/\/i0.wp.com\/www.tvturk.com\/wp-content\/uploads\/2019\/02\/pehlivankoyde-kadin-ciftci-egitimi_9449784.jpg?fit=1000%2C666\" src=\"https:\/\/i0.wp.com\/www.tvturk.com\/wp-content\/uploads\/2019\/02\/pehlivankoyde-kadin-ciftci-egitimi_9449784.jpg?w=330&#038;h=220\" srcset=\"https:\/\/i0.wp.com\/www.tvturk.com\/wp-content\/uploads\/2019\/02\/pehlivankoyde-kadin-ciftci-egitimi_9449784.jpg?w=1000 1000w, https:\/\/i0.wp.com\/www.tvturk.com\/wp-content\/uploads\/2019\/02\/pehlivankoyde-kadin-ciftci-egitimi_9449784.jpg?resize=150%2C100 150w, https:\/\/i0.wp.com\/www.tvturk.com\/wp-content\/uploads\/2019\/02\/pehlivankoyde-kadin-ciftci-egitimi_9449784.jpg?resize=300%2C200 300w, https:\/\/i0.wp.com\/www.tvturk.com\/wp-content\/uploads\/2019\/02\/pehlivankoyde-kadin-ciftci-egitimi_9449784.jpg?resize=768%2C511 768w, https:\/\/i0.wp.com\/www.tvturk.com\/wp-content\/uploads\/2019\/02\/pehlivankoyde-kadin-ciftci-egitimi_9449784.jpg?resize=170%2C113 170w, https:\/\/i0.wp.com\/www.tvturk.com\/wp-content\/uploads\/2019\/02\/pehlivankoyde-kadin-ciftci-egitimi_9449784.jpg?resize=120%2C80 120w\" width=\"330\" height=\"220\" loading=\"lazy\" data-original-width=\"330\" data-original-height=\"220\" itemprop=\"http:\/\/schema.org\/image\" title=\"Pehlivank\u00f6y\u2019de kad\u0131n \u00e7ift\u00e7i e\u011fitimi\" alt=\"Pehlivank\u00f6y\u2019de kad\u0131n \u00e7ift\u00e7i e\u011fitimi\" style=\"width: 330px; height: 220px;\" \/> <\/a> <\/div> <\/div> <!-- close group --> <div class=\"gallery-group images-2\" style=\"width: 166px; height: 224px;\" data-original-width=\"166\" data-original-height=\"224\" > <div class=\"tiled-gallery-item tiled-gallery-item-small\" itemprop=\"associatedMedia\" itemscope itemtype=\"http:\/\/schema.org\/ImageObject\"> <a href=\"http:\/\/www.tvturk.com\/index.php\/pehlivankoyde-kadin-ciftci-egitimi\/pehlivankoyde-kadin-ciftci-egitimi-4\/\" border=\"0\" itemprop=\"url\"> <meta itemprop=\"width\" content=\"162\"> <meta itemprop=\"height\" content=\"108\"> <img decoding=\"async\" class=\"\" data-attachment-id=\"20255\" data-orig-file=\"http:\/\/www.tvturk.com\/wp-content\/uploads\/2019\/02\/pehlivankoyde-kadin-ciftci-egitimi_264cf37.jpg\" data-orig-size=\"1000,666\" data-comments-opened=\"\" data-image-meta=\"{&quot;aperture&quot;:&quot;0&quot;,&quot;credit&quot;:&quot;IHA&quot;,&quot;camera&quot;:&quot;&quot;,&quot;caption&quot;:&quot;KIRKLAREL\\u0130\\u2019N\\u0130N PEHL\\u0130VANK\\u00d6Y \\u0130L\\u00c7ES\\u0130NE BA\\u011eLI KUMK\\u00d6Y VE KU\\u015eTEPE K\\u00d6YLER\\u0130NDE KADINLARA Y\\u00d6NEL\\u0130K TARIM VE ORMAN M\\u00dcD\\u00dcRL\\u00dc\\u011e\\u00dc TEKT\\u0130K PERSONEL\\u0130 TARAFINDAN, GIDA H\\u0130JYEN\\u0130, MUHAFAZA Y\\u00d6NTEMLER\\u0130 VE KOOPERAT\\u0130F\\u00c7\\u0130L\\u0130K KONUSUNDA B\\u0130LG\\u0130LEND\\u0130RME E\\u011e\\u0130T\\u0130M\\u0130 D\\u00dcZENLEND\\u0130. (MEFA\\u0130L AK\\u00c7ATEPE\\\/KIRKLAREL\\u0130-\\u0130HA)&quot;,&quot;created_timestamp&quot;:&quot;0&quot;,&quot;copyright&quot;:&quot;\\u0130HLAS HABER AJANSI, www.iha.com.tr&quot;,&quot;focal_length&quot;:&quot;0&quot;,&quot;iso&quot;:&quot;0&quot;,&quot;shutter_speed&quot;:&quot;0&quot;,&quot;title&quot;:&quot;PEHL\\u0130VANK\\u00d6Y\\u2019DE KADIN \\u00c7\\u0130FT\\u00c7\\u0130 E\\u011e\\u0130T\\u0130M\\u0130&quot;,&quot;orientation&quot;:&quot;0&quot;}\" data-image-title=\"Pehlivank\u00f6y\u2019de kad\u0131n \u00e7ift\u00e7i e\u011fitimi\" data-image-description=\"&lt;p&gt;Pehlivank\u00f6y\u2019de kad\u0131n \u00e7ift\u00e7i e\u011fitimi&lt;\/p&gt; \" data-medium-file=\"https:\/\/i0.wp.com\/www.tvturk.com\/wp-content\/uploads\/2019\/02\/pehlivankoyde-kadin-ciftci-egitimi_264cf37.jpg?fit=300%2C200\" data-large-file=\"https:\/\/i0.wp.com\/www.tvturk.com\/wp-content\/uploads\/2019\/02\/pehlivankoyde-kadin-ciftci-egitimi_264cf37.jpg?fit=1000%2C666\" src=\"https:\/\/i0.wp.com\/www.tvturk.com\/wp-content\/uploads\/2019\/02\/pehlivankoyde-kadin-ciftci-egitimi_264cf37.jpg?w=162&#038;h=108\" srcset=\"https:\/\/i0.wp.com\/www.tvturk.com\/wp-content\/uploads\/2019\/02\/pehlivankoyde-kadin-ciftci-egitimi_264cf37.jpg?w=1000 1000w, https:\/\/i0.wp.com\/www.tvturk.com\/wp-content\/uploads\/2019\/02\/pehlivankoyde-kadin-ciftci-egitimi_264cf37.jpg?resize=150%2C100 150w, https:\/\/i0.wp.com\/www.tvturk.com\/wp-content\/uploads\/2019\/02\/pehlivankoyde-kadin-ciftci-egitimi_264cf37.jpg?resize=300%2C200 300w, https:\/\/i0.wp.com\/www.tvturk.com\/wp-content\/uploads\/2019\/02\/pehlivankoyde-kadin-ciftci-egitimi_264cf37.jpg?resize=768%2C511 768w, https:\/\/i0.wp.com\/www.tvturk.com\/wp-content\/uploads\/2019\/02\/pehlivankoyde-kadin-ciftci-egitimi_264cf37.jpg?resize=170%2C113 170w, https:\/\/i0.wp.com\/www.tvturk.com\/wp-content\/uploads\/2019\/02\/pehlivankoyde-kadin-ciftci-egitimi_264cf37.jpg?resize=120%2C80 120w\" width=\"162\" height=\"108\" loading=\"lazy\" data-original-width=\"162\" data-original-height=\"108\" itemprop=\"http:\/\/schema.org\/image\" title=\"Pehlivank\u00f6y\u2019de kad\u0131n \u00e7ift\u00e7i e\u011fitimi\" alt=\"Pehlivank\u00f6y\u2019de kad\u0131n \u00e7ift\u00e7i e\u011fitimi\" style=\"width: 162px; height: 108px;\" \/> <\/a> <\/div> <div class=\"tiled-gallery-item tiled-gallery-item-small\" itemprop=\"associatedMedia\" itemscope itemtype=\"http:\/\/schema.org\/ImageObject\"> <a href=\"http:\/\/www.tvturk.com\/index.php\/pehlivankoyde-kadin-ciftci-egitimi\/pehlivankoyde-kadin-ciftci-egitimi-5\/\" border=\"0\" itemprop=\"url\"> <meta itemprop=\"width\" content=\"162\"> <meta itemprop=\"height\" content=\"108\"> <img decoding=\"async\" class=\"\" data-attachment-id=\"20256\" data-orig-file=\"http:\/\/www.tvturk.com\/wp-content\/uploads\/2019\/02\/pehlivankoyde-kadin-ciftci-egitimi_cdae362.jpg\" data-orig-size=\"1000,666\" data-comments-opened=\"\" data-image-meta=\"{&quot;aperture&quot;:&quot;0&quot;,&quot;credit&quot;:&quot;IHA&quot;,&quot;camera&quot;:&quot;&quot;,&quot;caption&quot;:&quot;TARIM VE ORMAN \\u0130L E \\u0130L\\u00c7E M\\u00dc\\u00dcRL\\u00dcKLER\\u0130 TARAFINDA, PEHL\\u0130VANK\\u00d6Y \\u0130L\\u00c7EM\\u0130Z KUMK\\u00d6Y VE KU\\u015eTEPE K\\u00d6YLER\\u0130NDEN 42 KADIN \\u00c7\\u0130F\\u00c7\\u0130N\\u0130N KATILIMIYLA GIDA H\\u0130JYEN\\u0130, MUHAFAZA Y\\u00d6NTEMLER\\u0130 VE KOOPERAT\\u0130F\\u00c7\\u0130L\\u0130K KONUSUNDA B\\u0130LG\\u0130LEND\\u0130RME E\\u011e\\u0130T\\u0130M\\u0130 VER\\u0130LD\\u0130. (MEFA\\u0130L AK\\u00c7ATEPE\\\/KIRKLAREL\\u0130-\\u0130HA)&quot;,&quot;created_timestamp&quot;:&quot;0&quot;,&quot;copyright&quot;:&quot;\\u0130HLAS HABER AJANSI, www.iha.com.tr&quot;,&quot;focal_length&quot;:&quot;0&quot;,&quot;iso&quot;:&quot;0&quot;,&quot;shutter_speed&quot;:&quot;0&quot;,&quot;title&quot;:&quot;PEHL\\u0130VANK\\u00d6Y\\u2019DE KADIN \\u00c7\\u0130FT\\u00c7\\u0130 E\\u011e\\u0130T\\u0130M\\u0130&quot;,&quot;orientation&quot;:&quot;0&quot;}\" data-image-title=\"Pehlivank\u00f6y\u2019de kad\u0131n \u00e7ift\u00e7i e\u011fitimi\" data-image-description=\"&lt;p&gt;Pehlivank\u00f6y\u2019de kad\u0131n \u00e7ift\u00e7i e\u011fitimi&lt;\/p&gt; \" data-medium-file=\"https:\/\/i0.wp.com\/www.tvturk.com\/wp-content\/uploads\/2019\/02\/pehlivankoyde-kadin-ciftci-egitimi_cdae362.jpg?fit=300%2C200\" data-large-file=\"https:\/\/i0.wp.com\/www.tvturk.com\/wp-content\/uploads\/2019\/02\/pehlivankoyde-kadin-ciftci-egitimi_cdae362.jpg?fit=1000%2C666\" src=\"https:\/\/i0.wp.com\/www.tvturk.com\/wp-content\/uploads\/2019\/02\/pehlivankoyde-kadin-ciftci-egitimi_cdae362.jpg?w=162&#038;h=108\" srcset=\"https:\/\/i0.wp.com\/www.tvturk.com\/wp-content\/uploads\/2019\/02\/pehlivankoyde-kadin-ciftci-egitimi_cdae362.jpg?w=1000 1000w, https:\/\/i0.wp.com\/www.tvturk.com\/wp-content\/uploads\/2019\/02\/pehlivankoyde-kadin-ciftci-egitimi_cdae362.jpg?resize=150%2C100 150w, https:\/\/i0.wp.com\/www.tvturk.com\/wp-content\/uploads\/2019\/02\/pehlivankoyde-kadin-ciftci-egitimi_cdae362.jpg?resize=300%2C200 300w, https:\/\/i0.wp.com\/www.tvturk.com\/wp-content\/uploads\/2019\/02\/pehlivankoyde-kadin-ciftci-egitimi_cdae362.jpg?resize=768%2C511 768w, https:\/\/i0.wp.com\/www.tvturk.com\/wp-content\/uploads\/2019\/02\/pehlivankoyde-kadin-ciftci-egitimi_cdae362.jpg?resize=170%2C113 170w, https:\/\/i0.wp.com\/www.tvturk.com\/wp-content\/uploads\/2019\/02\/pehlivankoyde-kadin-ciftci-egitimi_cdae362.jpg?resize=120%2C80 120w\" width=\"162\" height=\"108\" loading=\"lazy\" data-original-width=\"162\" data-original-height=\"108\" itemprop=\"http:\/\/schema.org\/image\" title=\"Pehlivank\u00f6y\u2019de kad\u0131n \u00e7ift\u00e7i e\u011fitimi\" alt=\"Pehlivank\u00f6y\u2019de kad\u0131n \u00e7ift\u00e7i e\u011fitimi\" style=\"width: 162px; height: 108px;\" \/> <\/a> <\/div> <\/div> <!-- close group --> <\/div> <!-- close row --> <\/div><\/p>\n","protected":false},"excerpt":{"rendered":"<p>TARIM VE ORMAN \u0130L E \u0130L\u00c7E M\u00dc\u00dcRL\u00dcKLER\u0130 TARAFINDA, PEHL\u0130VANK\u00d6Y \u0130L\u00c7EM\u0130Z KUMK\u00d6Y VE KU\u015eTEPE K\u00d6YLER\u0130NDEN 42 KADIN \u00c7\u0130F\u00c7\u0130N\u0130N KATILIMIYLA GIDA H\u0130JYEN\u0130, MUHAFAZA Y\u00d6NTEMLER\u0130 VE KOOPERAT\u0130F\u00c7\u0130L\u0130K KONUSUNDA B\u0130LG\u0130LEND\u0130RME E\u011e\u0130T\u0130M\u0130 VER\u0130LD\u0130. KUMK\u00d6Y K\u00d6Y\u00dcNDE GER\u00c7EKLE\u015eT\u0130R\u0130LEN E\u011e\u0130T\u0130M TOPLANTISINA \u0130L M\u00dcD\u00dcR\u00dc FUNDA EYLEM \u00d6ZEL, \u0130L\u00c7E M\u00dcD\u00dcR\u00dc AL\u0130 DO\u011eAN, KTV \u015eUBE M\u00dcD\u00dcR\u00dc HASAN DO\u011eAN \u0130LE \u0130L VE \u0130L\u00c7E M\u00dcD\u00dcRL\u00dc\u011e\u00dc TEKN\u0130K PERSONEL\u0130 KATILDI.<\/p>\n","protected":false},"author":1,"featured_media":20253,"comment_status":"closed","ping_status":"open","sticky":false,"template":"","format":"standard","meta":{"jetpack_post_was_ever_published":false,"_jetpack_newsletter_access":"","_jetpack_dont_email_post_to_subs":false,"_jetpack_newsletter_tier_id":0,"_jetpack_memberships_contains_paywalled_content":false,"_jetpack_memberships_contains_paid_content":false,"footnotes":"","jetpack_publicize_message":"","jetpack_publicize_feature_enabled":true,"jetpack_social_post_already_shared":false,"jetpack_social_options":{"image_generator_settings":{"template":"highway","default_image_id":0,"font":"","enabled":false},"version":2}},"categories":[655],"tags":[5545,581,108,8875],"class_list":["post-20252","post","type-post","status-publish","format-standard","has-post-thumbnail","hentry","category-son-dakika","tag-ciftci","tag-egitimi","tag-kadin","tag-pehlivankoyde"],"jetpack_publicize_connections":[],"jetpack_featured_media_url":"https:\/\/i0.wp.com\/www.tvturk.com\/wp-content\/uploads\/2019\/02\/pehlivankoyde-kadin-ciftci-egitimi_d7b4576.jpg?fit=1000%2C666","jetpack_sharing_enabled":true,"jetpack_shortlink":"https:\/\/wp.me\/paKIfm-5gE","_links":{"self":[{"href":"http:\/\/www.tvturk.com\/index.php\/wp-json\/wp\/v2\/posts\/20252","targetHints":{"allow":["GET"]}}],"collection":[{"href":"http:\/\/www.tvturk.com\/index.php\/wp-json\/wp\/v2\/posts"}],"about":[{"href":"http:\/\/www.tvturk.com\/index.php\/wp-json\/wp\/v2\/types\/post"}],"author":[{"embeddable":true,"href":"http:\/\/www.tvturk.com\/index.php\/wp-json\/wp\/v2\/users\/1"}],"replies":[{"embeddable":true,"href":"http:\/\/www.tvturk.com\/index.php\/wp-json\/wp\/v2\/comments?post=20252"}],"version-history":[{"count":1,"href":"http:\/\/www.tvturk.com\/index.php\/wp-json\/wp\/v2\/posts\/20252\/revisions"}],"predecessor-version":[{"id":20257,"href":"http:\/\/www.tvturk.com\/index.php\/wp-json\/wp\/v2\/posts\/20252\/revisions\/20257"}],"wp:featuredmedia":[{"embeddable":true,"href":"http:\/\/www.tvturk.com\/index.php\/wp-json\/wp\/v2\/media\/20253"}],"wp:attachment":[{"href":"http:\/\/www.tvturk.com\/index.php\/wp-json\/wp\/v2\/media?parent=20252"}],"wp:term":[{"taxonomy":"category","embeddable":true,"href":"http:\/\/www.tvturk.com\/index.php\/wp-json\/wp\/v2\/categories?post=20252"},{"taxonomy":"post_tag","embeddable":true,"href":"http:\/\/www.tvturk.com\/index.php\/wp-json\/wp\/v2\/tags?post=20252"}],"curies":[{"name":"wp","href":"https:\/\/api.w.org\/{rel}","templated":true}]}}