{"id":202544,"date":"2019-09-13T11:18:03","date_gmt":"2019-09-13T08:18:03","guid":{"rendered":"http:\/\/www.tvturk.com\/index.php\/okullar-acildi-temizlik-baslamadi\/"},"modified":"2019-09-13T11:18:03","modified_gmt":"2019-09-13T08:18:03","slug":"okullar-acildi-temizlik-baslamadi","status":"publish","type":"post","link":"http:\/\/www.tvturk.com\/index.php\/okullar-acildi-temizlik-baslamadi\/","title":{"rendered":"Okullar a\u00e7\u0131ld\u0131, temizlik ba\u015flamad\u0131"},"content":{"rendered":"<p>T\u00fcrk E\u011fitim-Sen, yeni e\u011fitim-\u00f6\u011fretim y\u0131l\u0131n\u0131n ba\u015flamas\u0131n\u0131n ard\u0131ndan okullara hizmetli ve g\u00fcvenlik g\u00f6revlisi verilmedi\u011fini iddia etti.<\/p>\n<p>T\u00fcrk E\u011fitim-Sen Bursa 2 Nolu \u015eube Ba\u015fkan\u0131 Fatih G\u00fcm\u00fc\u015f, yapt\u0131\u011f\u0131 a\u00e7\u0131klamada, &#8220;2019-2020 e\u011fitim-\u00f6\u011fretim y\u0131l\u0131 ba\u015flayal\u0131 \u00f6\u011fretmenlerin seminer d\u00f6nemi ile birlikte 2 hafta oldu. Ancak hala daha okullara ne yard\u0131mc\u0131 hizmetli verildi, ne de g\u00fcvenlik g\u00f6revlisi. Her g\u00fcn y\u00fczlerce, binlerce \u00f6\u011frencinin ve velinin girip \u00e7\u0131kt\u0131\u011f\u0131 okullar \u00f6ylesine e\u011fitim \u00f6\u011fretime devam ediyor. Hijyenik olmayan \u015fartlarda \u00f6\u011frencilerin e\u011fitim \u00f6\u011fretim faaliyetlerine devam etmesi adeta hastal\u0131klara davetiye \u00e7\u0131karmaktad\u0131r. Bursa gibi b\u00fcy\u00fck bir \u015fehirde okullar\u0131n giri\u015flerinde mutlaka g\u00fcvenlik g\u00f6revlisi olmal\u0131d\u0131r. Aksi halde ya\u015fanacak olumsuzluklar\u0131n vebali bu i\u015fin sorumlular\u0131ndad\u0131r&#8221; dedi.<\/p>\n<p>Okullar\u0131 kim temizleyecek<\/p>\n<p>G\u00fcm\u00fc\u015f, &#8220;Eyl\u00fcl ay\u0131n\u0131n ortas\u0131na gelmemize ra\u011fmen \u0130\u015eKUR yoluyla okullara g\u00f6nderilecek yard\u0131mc\u0131 hizmetliler okullara g\u00f6nderilmedi\u011fi i\u00e7in okullar\u0131m\u0131z temizlik s\u0131k\u0131nt\u0131s\u0131 ya\u015famaktad\u0131r. Bir yandan okullara para g\u00f6ndermeyen bir yandan da velilerden para toplanmayacak diyen bakanl\u0131k, temizli\u011fi kimlerin yapmas\u0131n\u0131 beklemektedir? Ekonomik g\u00fcc\u00fc zay\u0131f olan okullar, okul aile birli\u011fi hesab\u0131ndan kimseyi \u00e7al\u0131\u015ft\u0131ramad\u0131\u011f\u0131 i\u00e7in ciddi tehlike alt\u0131ndad\u0131r. Kald\u0131 ki s\u00fcresi belli olmayan bu g\u00f6revi yapacak ki\u015fi bulmak da okullar\u0131m\u0131z i\u00e7in zor olmaktad\u0131r. Daha da vahim olan\u0131 ise, yard\u0131mc\u0131 hizmetlilerin okullara ne zaman g\u00f6nderilece\u011finin h\u00e2l\u00e2 belli olmamas\u0131d\u0131r. 1 Eyl\u00fcl itibariyle okullara g\u00fcvenlik g\u00f6revlisi ve yard\u0131mc\u0131 hizmetli verilmesi bu meseleyi \u00e7\u00f6zecektir&#8221; diye konu\u015ftu.<\/p>\n","protected":false},"excerpt":{"rendered":"<p>YEN\u0130 E\u011e\u0130T\u0130M-\u00d6\u011eRET\u0130M YILININ BA\u015eLAMASININ ARDINDAN OKULLARA H\u0130ZMETL\u0130 VE G\u00dcVENL\u0130K G\u00d6REVL\u0130S\u0130 VER\u0130LMED\u0130\u011e\u0130N\u0130 \u0130DD\u0130A ED\u0130LMES\u0130YLE \u0130LG\u0130L\u0130 T\u00dcRK E\u011e\u0130T\u0130M-SEN BURSA&#8217;DAN A\u00c7IKLAMA GELD\u0130.<\/p>\n","protected":false},"author":1,"featured_media":202545,"comment_status":"closed","ping_status":"open","sticky":false,"template":"","format":"standard","meta":{"jetpack_post_was_ever_published":false,"_jetpack_newsletter_access":"","_jetpack_dont_email_post_to_subs":false,"_jetpack_newsletter_tier_id":0,"_jetpack_memberships_contains_paywalled_content":false,"_jetpack_memberships_contains_paid_content":false,"footnotes":"","jetpack_publicize_message":"","jetpack_publicize_feature_enabled":true,"jetpack_social_post_already_shared":true,"jetpack_social_options":{"image_generator_settings":{"template":"highway","default_image_id":0,"font":"","enabled":false},"version":2}},"categories":[1],"tags":[288,51052,3574,4285],"class_list":["post-202544","post","type-post","status-publish","format-standard","has-post-thumbnail","hentry","category-genel","tag-acildi","tag-baslamadi","tag-okullar","tag-temizlik"],"jetpack_publicize_connections":[],"jetpack_featured_media_url":"https:\/\/i0.wp.com\/www.tvturk.com\/wp-content\/uploads\/2019\/09\/okullar-acildi-temizlik-baslamadi_aaa88b4.jpg?fit=482%2C1000","jetpack_sharing_enabled":true,"jetpack_shortlink":"https:\/\/wp.me\/paKIfm-QGQ","_links":{"self":[{"href":"http:\/\/www.tvturk.com\/index.php\/wp-json\/wp\/v2\/posts\/202544","targetHints":{"allow":["GET"]}}],"collection":[{"href":"http:\/\/www.tvturk.com\/index.php\/wp-json\/wp\/v2\/posts"}],"about":[{"href":"http:\/\/www.tvturk.com\/index.php\/wp-json\/wp\/v2\/types\/post"}],"author":[{"embeddable":true,"href":"http:\/\/www.tvturk.com\/index.php\/wp-json\/wp\/v2\/users\/1"}],"replies":[{"embeddable":true,"href":"http:\/\/www.tvturk.com\/index.php\/wp-json\/wp\/v2\/comments?post=202544"}],"version-history":[{"count":0,"href":"http:\/\/www.tvturk.com\/index.php\/wp-json\/wp\/v2\/posts\/202544\/revisions"}],"wp:featuredmedia":[{"embeddable":true,"href":"http:\/\/www.tvturk.com\/index.php\/wp-json\/wp\/v2\/media\/202545"}],"wp:attachment":[{"href":"http:\/\/www.tvturk.com\/index.php\/wp-json\/wp\/v2\/media?parent=202544"}],"wp:term":[{"taxonomy":"category","embeddable":true,"href":"http:\/\/www.tvturk.com\/index.php\/wp-json\/wp\/v2\/categories?post=202544"},{"taxonomy":"post_tag","embeddable":true,"href":"http:\/\/www.tvturk.com\/index.php\/wp-json\/wp\/v2\/tags?post=202544"}],"curies":[{"name":"wp","href":"https:\/\/api.w.org\/{rel}","templated":true}]}}