{"id":202584,"date":"2019-09-13T12:17:17","date_gmt":"2019-09-13T09:17:17","guid":{"rendered":"http:\/\/www.tvturk.com\/index.php\/fikret-orman-serefimizle-oynayip-hakkimizla-kazaniyoruz\/"},"modified":"2019-09-13T12:17:17","modified_gmt":"2019-09-13T09:17:17","slug":"fikret-orman-serefimizle-oynayip-hakkimizla-kazaniyoruz","status":"publish","type":"post","link":"http:\/\/www.tvturk.com\/index.php\/fikret-orman-serefimizle-oynayip-hakkimizla-kazaniyoruz\/","title":{"rendered":"Fikret Orman: \u201c\u015eerefimizle oynay\u0131p, hakk\u0131m\u0131zla kazan\u0131yoruz\u201d"},"content":{"rendered":"<p>Be\u015fikta\u015f Kul\u00fcb\u00fc Ba\u015fkan\u0131 Fikret Orman, \u201c\u015eampiyonluklar, ma\u00e7lar\u0131 kazanmak \u00f6nemli ancak biz \u2018Top \u00e7iziyi ge\u00e7sin de nas\u0131l ge\u00e7erse ge\u00e7sin\u2019 zihniyetinde de\u011filiz. Ba\u015fka camialar bu zihniyette olabilir ancak bizim i\u015fimiz de\u011fil. Biz, \u2018\u015eerefinle oyna, hakk\u0131nla kazan\u2019 anlay\u0131\u015f\u0131yla hareket eden bir camiay\u0131z\u201d dedi.<\/p>\n<p>Adana Be\u015fikta\u015fl\u0131lar Derne\u011fi taraf\u0131ndan d\u00fczenlenen toplant\u0131da Be\u015fikta\u015f Kul\u00fcb\u00fc Ba\u015fkan\u0131 Fikret Orman 250 kongre \u00fcyesiyle bir araya geldi. Kentteki bir otelde d\u00fczenlenen toplant\u0131da konu\u015fan Orman, milli ma\u00e7 aralar\u0131n\u0131 de\u011ferlendirerek, \u00e7e\u015fitli illerde haz\u0131rl\u0131k ma\u00e7lar\u0131 yapacaklar\u0131n\u0131 belirterek bu ma\u00e7lar\u0131n ilkini 12 Ekim Cumartesi g\u00fcn\u00fc Adana Demirspor ile yapacaklar\u0131n\u0131 hat\u0131rlatt\u0131.<\/p>\n<p>\u201cBe\u015fikta\u015f, bizim Be\u015fikta\u015f\u0131m\u0131z\u201d<\/p>\n<p>Geriye kalan 2 bu\u00e7uk y\u0131ll\u0131k g\u00f6rev s\u00fcresinde elinden geldi\u011fince \u00e7al\u0131\u015faca\u011f\u0131n\u0131 dile getiren Orman, yeniden se\u00e7ime girmeyece\u011finin alt\u0131n\u0131 \u00e7izerek, \u201cBe\u015fikta\u015f, bizim Be\u015fikta\u015f\u0131m\u0131z. Art\u0131k son d\u00f6nemim ve yava\u015f yava\u015f kum saati tersine akmaya ba\u015flad\u0131. Y\u00f6netim s\u00fcrecinde t\u00fcm g\u00fcc\u00fcm\u00fczle Be\u015fikta\u015f\u2019a hizmet etmeye \u00e7al\u0131\u015ft\u0131k. Taraftarlar\u0131m\u0131zdan da tek beklentimiz, Be\u015fikta\u015f siyasetini b\u0131rak\u0131p \u00e7al\u0131\u015fmalar\u0131d\u0131r. Zor g\u00fcnler ge\u00e7irdik. Kazand\u0131\u011f\u0131m\u0131z ba\u015far\u0131lar\u0131, hep beraber ba\u015fard\u0131k\u201d diye konu\u015ftu.<\/p>\n<p>\u201cSezonu \u015fampiyon olarak tamamlayaca\u011f\u0131z\u201d<\/p>\n<p>Abdullah Avc\u0131 ve ekibine sonuna kadar g\u00fcvendi\u011fini vurgulayan Orman, sezonu \u015fampiyon olarak tamamlayacaklar\u0131na inand\u0131\u011f\u0131n\u0131 belirterek, \u201cFutbol tak\u0131m\u0131m\u0131z i\u00e7in zor bir sezon ba\u015flayacak. Yakla\u015f\u0131k 10 senedir oynad\u0131\u011f\u0131m\u0131z bir oyun d\u00fczenimiz var. Abdullah hocayla da bu oyunun \u00fczerine koyarak ilerliyoruz. Yeni transferlerin tak\u0131ma kat\u0131lmas\u0131, sakatlar\u0131n d\u00f6nmesiyle tak\u0131m\u0131m\u0131z kendi h\u00fcviyetine yeniden ula\u015facakt\u0131r. Atiba sakatl\u0131ktan d\u00f6nd\u00fc, Burak da \u00f6n\u00fcm\u00fczdeki hafta ba\u015flayacak. \u00c7ok iyi bir kadro kurduk. D\u00fcnyan\u0131n en g\u00fczel stad\u0131nda oynuyoruz, en g\u00fczel kamp tesislerini kuruyoruz, marka de\u011ferimizle, t\u00fcm imkanlar\u0131m\u0131zla m\u00fcthi\u015f bir grubuz. Abdullah hoca ve talebeleri \u00e7ok g\u00fczel i\u015fler yapacak\u201d dedi.<\/p>\n<p>\u201cBa\u015far\u0131ya a\u00e7 olan oyuncular\u0131 tak\u0131ma kazand\u0131rd\u0131k\u201d<\/p>\n<p>Be\u015fikta\u015f Kul\u00fcb\u00fcn\u00fcn y\u00f6netiminden hocas\u0131na, hocas\u0131ndan oyuncusuna, taraftar\u0131na kadar herkese \u00f6nemli g\u00f6revlerin d\u00fc\u015ft\u00fc\u011f\u00fcn\u00fc kaydeden Orman, ekonomik daralmaya ra\u011fmen kadro kalitesini koruduklar\u0131n\u0131 belirterek, \u201cBir yandan k\u00fc\u00e7\u00fcl\u00fcrken, di\u011fer yandan b\u00fcy\u00fcme stratejisi uyguluyoruz. Bu sezon 20 milyon Euro b\u00fct\u00e7e daralmas\u0131 ya\u015fad\u0131k ancak 7 tane transfer yapt\u0131k. Tak\u0131m\u0131n ya\u015f ortalamas\u0131 4 ya\u015f gen\u00e7le\u015fti. T\u00fcrkiye\u2019nin i\u00e7erisinde bulundu\u011fu ekonomik krizden olabildi\u011fince kul\u00fcb\u00fcm\u00fcz\u00fc etkilemeden \u00e7\u0131kabilmesi i\u00e7in strateji uygulad\u0131k. Hedefi olmayan, maddi imkanlar i\u00e7in burada olacak oyunculardan \u00e7ok,  ba\u015far\u0131ya a\u00e7 oyuncular\u0131 tak\u0131ma kazand\u0131rd\u0131k. Bolu\u2019da yeni kamp tesislerimizi tamamlad\u0131k, gen\u00e7lik akademisi de yak\u0131nda tamamlanacak. Bundan sonra kamplar\u0131mz\u0131 orada yapaca\u011f\u0131z ve Be\u015fikta\u015f sadece ma\u00e7 i\u00e7in Avrupa\u2019ya gidecek\u201d ifadelerini kulland\u0131.<\/p>\n<p>\u201cAlt yap\u0131ya \u00f6nem veriyoruz\u201d<\/p>\n<p>Alt yap\u0131ya \u00f6nem verdiklerini dile getiren Fikret Orman, 8 senelik y\u00f6netim hayat\u0131n\u0131n her saniyesini Be\u015fikta\u015f\u2019\u0131n ba\u015far\u0131s\u0131 i\u00e7in harcad\u0131\u011f\u0131n\u0131 vurgulayarak, \u201cAbdullah hoca ile alt yap\u0131 ile ilgili g\u00f6r\u00fc\u015f halindeyiz. A tak\u0131ma alt yap\u0131dan 4 ya da 5 tane oyuncu \u00e7\u0131karaca\u011f\u0131z ve bu oyuncular ilk 11\u2019de oynayacak kapasitede olacaklar. \u015eampiyonluklar, ma\u00e7lar\u0131 kazanmak \u00f6nemli ancak biz \u2018Top \u00e7iziyi ge\u00e7sin de nas\u0131l ge\u00e7erse ge\u00e7sin\u2019 zihniyetinde de\u011filiz. Ba\u015fka camialar bu zihniyette olabilir ancak bizim i\u015fimiz de\u011fil. Biz, \u2018\u015eerefinle oyna, hakk\u0131nla kazan\u2019 anlay\u0131\u015f\u0131yla hareket eden bir camiay\u0131z. Elimizden geldi\u011fi kadar da kendi \u00e7izgimizde m\u00fccadelemizi devam ettirece\u011fiz\u201d dedi.<\/p>\n<p>Konu\u015fmalar\u0131n ard\u0131ndan Be\u015fikta\u015f Kul\u00fcb\u00fc Ba\u015fkan\u0131 Fikret Orman, taraftar derneklerinin temsilcileri ve \u00fcyeleriyle hat\u0131ra foto\u011fraf\u0131 \u00e7ektirdi.<\/p>\n<p>Toplant\u0131ya Adana Be\u015fikta\u015fl\u0131lar Derne\u011fi Ba\u015fkan\u0131 Mustafa U\u011fur K\u0131z\u0131l, Adana Be\u015fikta\u015fl\u0131 \u0130\u015f Adamlar\u0131 Derne\u011fi Ba\u015fkan\u0131 Sitemkar Bolsoy, Mersin Be\u015fikta\u015fl\u0131lar Derne\u011fi Ba\u015fkan\u0131 Ufuk Onuk\u2019un yan\u0131 s\u0131ra \u00e7ok say\u0131da kongre \u00fcyesi ve taraftar kat\u0131ld\u0131.<\/p>\n","protected":false},"excerpt":{"rendered":"<p>BE\u015e\u0130KTA\u015e KUL\u00dcB\u00dc BA\u015eKANI F\u0130KRET ORMAN, \u201c\u015eAMP\u0130YONLUKLAR, MA\u00c7LARI KAZANMAK \u00d6NEML\u0130 ANCAK B\u0130Z \u2018TOP \u00c7\u0130Z\u0130Y\u0130 GE\u00c7S\u0130N DE NASIL GE\u00c7ERSE GE\u00c7S\u0130N\u2019 Z\u0130HN\u0130YET\u0130NDE DE\u011e\u0130L\u0130Z. BA\u015eKA CAM\u0130ALAR BU Z\u0130HN\u0130YETTE OLAB\u0130L\u0130R ANCAK B\u0130Z\u0130M \u0130\u015e\u0130M\u0130Z DE\u011e\u0130L. B\u0130Z, \u2018\u015eEREF\u0130NLE OYNA, HAKKINLA KAZAN\u2019 ANLAYI\u015eIYLA HAREKET EDEN B\u0130R CAM\u0130AYIZ\u201d DED\u0130.<\/p>\n","protected":false},"author":1,"featured_media":202585,"comment_status":"closed","ping_status":"open","sticky":false,"template":"","format":"standard","meta":{"jetpack_post_was_ever_published":false,"_jetpack_newsletter_access":"","_jetpack_dont_email_post_to_subs":false,"_jetpack_newsletter_tier_id":0,"_jetpack_memberships_contains_paywalled_content":false,"_jetpack_memberships_contains_paid_content":false,"footnotes":"","jetpack_publicize_message":"","jetpack_publicize_feature_enabled":true,"jetpack_social_post_already_shared":true,"jetpack_social_options":{"image_generator_settings":{"template":"highway","default_image_id":0,"font":"","enabled":false},"version":2}},"categories":[657],"tags":[51064,4919,51066,32346,2404,51065],"class_list":["post-202584","post","type-post","status-publish","format-standard","has-post-thumbnail","hentry","category-spor","tag-serefimizle","tag-fikret","tag-hakkimizla","tag-kazaniyoruz","tag-orman","tag-oynayip"],"jetpack_publicize_connections":[],"jetpack_featured_media_url":"https:\/\/i0.wp.com\/www.tvturk.com\/wp-content\/uploads\/2019\/09\/fikret-orman-serefimizle-oynayip-hakkimizla-kazaniyoruz_557f5f6.jpg?fit=1000%2C662","jetpack_sharing_enabled":true,"jetpack_shortlink":"https:\/\/wp.me\/paKIfm-QHu","_links":{"self":[{"href":"http:\/\/www.tvturk.com\/index.php\/wp-json\/wp\/v2\/posts\/202584","targetHints":{"allow":["GET"]}}],"collection":[{"href":"http:\/\/www.tvturk.com\/index.php\/wp-json\/wp\/v2\/posts"}],"about":[{"href":"http:\/\/www.tvturk.com\/index.php\/wp-json\/wp\/v2\/types\/post"}],"author":[{"embeddable":true,"href":"http:\/\/www.tvturk.com\/index.php\/wp-json\/wp\/v2\/users\/1"}],"replies":[{"embeddable":true,"href":"http:\/\/www.tvturk.com\/index.php\/wp-json\/wp\/v2\/comments?post=202584"}],"version-history":[{"count":0,"href":"http:\/\/www.tvturk.com\/index.php\/wp-json\/wp\/v2\/posts\/202584\/revisions"}],"wp:featuredmedia":[{"embeddable":true,"href":"http:\/\/www.tvturk.com\/index.php\/wp-json\/wp\/v2\/media\/202585"}],"wp:attachment":[{"href":"http:\/\/www.tvturk.com\/index.php\/wp-json\/wp\/v2\/media?parent=202584"}],"wp:term":[{"taxonomy":"category","embeddable":true,"href":"http:\/\/www.tvturk.com\/index.php\/wp-json\/wp\/v2\/categories?post=202584"},{"taxonomy":"post_tag","embeddable":true,"href":"http:\/\/www.tvturk.com\/index.php\/wp-json\/wp\/v2\/tags?post=202584"}],"curies":[{"name":"wp","href":"https:\/\/api.w.org\/{rel}","templated":true}]}}