{"id":202720,"date":"2019-09-13T15:01:54","date_gmt":"2019-09-13T12:01:54","guid":{"rendered":"http:\/\/www.tvturk.com\/index.php\/selimiyenin-golgesinde-asure-ikramina-yogun-ilgi\/"},"modified":"2019-09-13T15:01:54","modified_gmt":"2019-09-13T12:01:54","slug":"selimiyenin-golgesinde-asure-ikramina-yogun-ilgi","status":"publish","type":"post","link":"http:\/\/www.tvturk.com\/index.php\/selimiyenin-golgesinde-asure-ikramina-yogun-ilgi\/","title":{"rendered":"Selimiye\u2019nin g\u00f6lgesinde a\u015fure ikram\u0131na yo\u011fun ilgi"},"content":{"rendered":"<p>Edirne\u2019de Muharrem ay\u0131 m\u00fcnasebetiyle hay\u0131rsever kent esnaflar\u0131 taraf\u0131ndan haz\u0131rlanan a\u015fure, Selimiye Camisi\u2019nin g\u00f6lgesinde vatanda\u015flara da\u011f\u0131t\u0131ld\u0131. Cuma namaz\u0131 sonras\u0131 yap\u0131lan ikrama vatanda\u015flar yo\u011fun ilgi g\u00f6sterirken, 5 bin kase a\u015fure 5 dakika i\u00e7erisinde da\u011f\u0131t\u0131ld\u0131.<\/p>\n<p>Edirne\u2019de esnaflar taraf\u0131ndan Muharrem ay\u0131 dolay\u0131s\u0131yla a\u015fure etkinli\u011fi d\u00fczenlendi. Cuma namaz\u0131 sonras\u0131 Selimiye Camisi\u2019nin g\u00f6lgesinde yap\u0131lan ikrama vatanda\u015flar da yo\u011fun ilgi g\u00f6sterirken, 5 bin kase a\u015fure 5 dakika i\u00e7erisinde da\u011f\u0131t\u0131ld\u0131.<\/p>\n<p>\u201cMuharrem ay\u0131n\u0131n \u00fclkemize bolluk, bereket ve bar\u0131\u015f getirmesini diliyoruz\u201d<\/p>\n<p>Edirneli esnaflardan Bahri Dinar, Muharrem ay\u0131 m\u00fcnasebetiyle y\u0131llad\u0131r geleneksel hale getirdikleri a\u015fure ikram\u0131n\u0131 bu y\u0131l da ger\u00e7ekle\u015ftirmenin mutlulu\u011funu ya\u015fad\u0131klar\u0131n\u0131 belirterek, \u201cBug\u00fcn bizim i\u00e7in \u00e7ok \u00f6nemli bir g\u00fcn. Muharrem ay\u0131n\u0131n \u00fclkemize bolluk, bereket ve bar\u0131\u015f getirmesini diliyoruz. A\u015furelerimizi vatanda\u015flar\u0131m\u0131za da\u011f\u0131t\u0131yoruz\u201d dedi.<\/p>\n<p>Vatanda\u015flar da a\u015fure ikram\u0131 nedeniyle eme\u011fi ge\u00e7en esnaflara te\u015fekk\u00fcr ederek, \u201cEllerine, emeklerine sa\u011fl\u0131k. Allah kabul etsin, Allah bol kazan\u00e7 nasip etsin yapan insanlar\u0131m\u0131za\u201d diye konu\u015ftu.<\/p>\n","protected":false},"excerpt":{"rendered":"<p>SEL\u0130M\u0130YE\u2019N\u0130N G\u00d6LGES\u0130NDE A\u015eURE \u0130KRAMINA YO\u011eUN \u0130LG\u0130<\/p>\n","protected":false},"author":1,"featured_media":202721,"comment_status":"closed","ping_status":"open","sticky":false,"template":"","format":"standard","meta":{"jetpack_post_was_ever_published":false,"_jetpack_newsletter_access":"","_jetpack_dont_email_post_to_subs":false,"_jetpack_newsletter_tier_id":0,"_jetpack_memberships_contains_paywalled_content":false,"_jetpack_memberships_contains_paid_content":false,"footnotes":"","jetpack_publicize_message":"","jetpack_publicize_feature_enabled":true,"jetpack_social_post_already_shared":true,"jetpack_social_options":{"image_generator_settings":{"template":"highway","default_image_id":0,"font":"","enabled":false},"version":2}},"categories":[1],"tags":[50709,22334,51119,1726,35391,2640],"class_list":["post-202720","post","type-post","status-publish","format-standard","has-post-thumbnail","hentry","category-genel","tag-asure","tag-golgesinde","tag-ikramina","tag-ilgi","tag-selimiyenin","tag-yogun"],"jetpack_publicize_connections":[],"jetpack_featured_media_url":"https:\/\/i0.wp.com\/www.tvturk.com\/wp-content\/uploads\/2019\/09\/selimiyenin-golgesinde-asure-ikramina-yogun-ilgi_3db355e.jpg?fit=1000%2C666","jetpack_sharing_enabled":true,"jetpack_shortlink":"https:\/\/wp.me\/paKIfm-QJG","_links":{"self":[{"href":"http:\/\/www.tvturk.com\/index.php\/wp-json\/wp\/v2\/posts\/202720","targetHints":{"allow":["GET"]}}],"collection":[{"href":"http:\/\/www.tvturk.com\/index.php\/wp-json\/wp\/v2\/posts"}],"about":[{"href":"http:\/\/www.tvturk.com\/index.php\/wp-json\/wp\/v2\/types\/post"}],"author":[{"embeddable":true,"href":"http:\/\/www.tvturk.com\/index.php\/wp-json\/wp\/v2\/users\/1"}],"replies":[{"embeddable":true,"href":"http:\/\/www.tvturk.com\/index.php\/wp-json\/wp\/v2\/comments?post=202720"}],"version-history":[{"count":0,"href":"http:\/\/www.tvturk.com\/index.php\/wp-json\/wp\/v2\/posts\/202720\/revisions"}],"wp:featuredmedia":[{"embeddable":true,"href":"http:\/\/www.tvturk.com\/index.php\/wp-json\/wp\/v2\/media\/202721"}],"wp:attachment":[{"href":"http:\/\/www.tvturk.com\/index.php\/wp-json\/wp\/v2\/media?parent=202720"}],"wp:term":[{"taxonomy":"category","embeddable":true,"href":"http:\/\/www.tvturk.com\/index.php\/wp-json\/wp\/v2\/categories?post=202720"},{"taxonomy":"post_tag","embeddable":true,"href":"http:\/\/www.tvturk.com\/index.php\/wp-json\/wp\/v2\/tags?post=202720"}],"curies":[{"name":"wp","href":"https:\/\/api.w.org\/{rel}","templated":true}]}}