{"id":202742,"date":"2019-09-13T15:17:36","date_gmt":"2019-09-13T12:17:36","guid":{"rendered":"http:\/\/www.tvturk.com\/index.php\/trabzonda-gelecek-yil-yapilacak-olan-dunya-isitme-engelliler-gures-sampiyonasi-oncesinde-incelemelerde-bulunuldu\/"},"modified":"2019-09-13T15:17:36","modified_gmt":"2019-09-13T12:17:36","slug":"trabzonda-gelecek-yil-yapilacak-olan-dunya-isitme-engelliler-gures-sampiyonasi-oncesinde-incelemelerde-bulunuldu","status":"publish","type":"post","link":"http:\/\/www.tvturk.com\/index.php\/trabzonda-gelecek-yil-yapilacak-olan-dunya-isitme-engelliler-gures-sampiyonasi-oncesinde-incelemelerde-bulunuldu\/","title":{"rendered":"Trabzon\u2019da gelecek y\u0131l yap\u0131lacak olan D\u00fcnya \u0130\u015fitme Engelliler G\u00fcre\u015f \u015eampiyonas\u0131 \u00f6ncesinde incelemelerde bulunuldu"},"content":{"rendered":"<p>Bundan \u00f6nce Avrupa Gen\u00e7lik Olimpik Oyunlar\u0131 (EYOF), Okul Sporlar\u0131 Olimpiyatlar\u0131 (Gymnasiade) ve Karadeniz Oyunlar\u0131 dahil onlarca uluslararas\u0131 organizasyona ev sahipli\u011fi yapan Trabzon\u2019da, gelecek y\u0131l da \u00f6nemli bir turnuva d\u00fczenlenecek. Y\u0131ld\u0131z, Gen\u00e7ler, U23 ve B\u00fcy\u00fckler kategorilerinde yap\u0131lacak olan D\u00fcnya \u0130\u015fitme Engelliler G\u00fcre\u015f \u015eampiyonas\u0131, 2020 Temmuz ay\u0131nda ger\u00e7ekle\u015fecek. Serbest ve grekoromen dallar\u0131nda yap\u0131lacak olan \u015fampiyonaya onlarca \u00fclkeden 400\u2019\u00fcn \u00fczerinde sporcunun kat\u0131lmas\u0131 bekleniyor.<\/p>\n<p>Bu \u00f6nemli turnuva \u00f6ncesinde Uluslararas\u0131 \u0130\u015fitme Engelliler Federasyonu Y\u00f6netim Kurulu (IFHOH) \u00dcyesi Grigor Grigorian, T\u00fcrkiye \u0130\u015fitme Engelliler Spor Federasyonu Ba\u015fkan\u0131 Yakup \u00dcmit Kihtir, Milli Tak\u0131mlardan Sorumlu Asba\u015fkan Mahir Yaz\u0131c\u0131 ve G\u00fcre\u015f Bran\u015f\u0131ndan Sorumlu Y\u00f6netim Kurul \u00dcyesi Serhat \u00d6zt\u00fcrk, incelemelerde bulunmak \u00fczere Trabzon\u2019a geldi. Teknik delegeye Trabzon Gen\u00e7lik ve Spor \u0130l M\u00fcd\u00fcr\u00fc Birdal \u00d6zt\u00fcrk e\u015flik etti. \u00d6zt\u00fcrk, \u201cBe\u015firli \u00c7ok Ama\u00e7l\u0131 Spor Salonu, Hayri G\u00fcr Spor Salonu, Yomra Jimnastik Spor Kompleksinin yan\u0131 s\u0131ra sporcular\u0131n kalaca\u011f\u0131 Do\u011fu Karadeniz Yurdunu gezen heyet, tesis, ula\u015f\u0131m ve bar\u0131nma konusunda Trabzon\u2019a tam puan verdi. IFHOH \u00dcyesi Grigorian, \u201cTrabzon daha \u00f6nce de b\u00fcy\u00fck \u015fampiyonalara ev sahipli\u011fi yapt\u0131. Altyap\u0131s\u0131 m\u00fckemmel\u201d dedi. Federasyon Ba\u015fkan\u0131 Kihtir da, d\u00fcnyan\u0131n en \u00f6nemli etkinliklerden birinin Trabzon\u2019da yap\u0131laca\u011f\u0131n\u0131 hat\u0131rlatt\u0131, \u201c\u00c7ok \u00f6nemli bir organizasyon olacak, Trabzon bunun i\u00e7in ideal yer\u201d ifadelerini kulland\u0131.<\/p>\n<p>\u00d6te yandan Asba\u015fkan Mahir Yaz\u0131c\u0131 da, organizasyonun Trabzon\u2019a al\u0131nmas\u0131nda eski d\u00fcnya \u015fampiyonu g\u00fcre\u015f\u00e7i, Gen\u00e7lik ve Spor Bakanl\u0131\u011f\u0131 Spor E\u011fitimi Daire Ba\u015fkan\u0131 Sel\u00e7uk \u00c7ebi\u2019nin \u00f6nemli pay\u0131n\u0131n bulundu\u011funu s\u00f6yledi.<\/p>\n","protected":false},"excerpt":{"rendered":"<p>YILDIZ, GEN\u00c7LER, U23 VE B\u00dcY\u00dcKLER KATEGOR\u0130LER\u0130NDE YAPILACAK OLAN D\u00dcNYA \u0130\u015e\u0130TME ENGELL\u0130LER G\u00dcRE\u015e \u015eAMP\u0130YONASI, 2020 TEMMUZ AYINDA TRABZON&#8217;DA GER\u00c7EKLE\u015eECEK. BU \u00d6NEML\u0130 TURNUVA \u00d6NCES\u0130NDE ULUSLARARASI \u0130\u015e\u0130TME ENGELL\u0130LER FEDERASYONU Y\u00d6NET\u0130M KURULU (IFHOH) \u00dcYES\u0130 GR\u0130GOR GR\u0130GOR\u0130AN, T\u00dcRK\u0130YE \u0130\u015e\u0130TME ENGELL\u0130LER SPOR FEDERASYONU BA\u015eKANI YAKUP \u00dcM\u0130T K\u0130HT\u0130R, M\u0130LL\u0130 TAKIMLARDAN SORUMLU ASBA\u015eKAN MAH\u0130R YAZICI VE G\u00dcRE\u015e BRAN\u015eINDAN SORUMLU Y\u00d6NET\u0130M KURUL \u00dcYES\u0130 SERHAT \u00d6ZT\u00dcRK, \u0130NCELEMELERDE BULUNMAK \u00dcZERE TRABZON\u2019A GELD\u0130<\/p>\n","protected":false},"author":1,"featured_media":202743,"comment_status":"closed","ping_status":"open","sticky":false,"template":"","format":"standard","meta":{"jetpack_post_was_ever_published":false,"_jetpack_newsletter_access":"","_jetpack_dont_email_post_to_subs":false,"_jetpack_newsletter_tier_id":0,"_jetpack_memberships_contains_paywalled_content":false,"_jetpack_memberships_contains_paid_content":false,"footnotes":"","jetpack_publicize_message":"","jetpack_publicize_feature_enabled":true,"jetpack_social_post_already_shared":true,"jetpack_social_options":{"image_generator_settings":{"template":"highway","default_image_id":0,"font":"","enabled":false},"version":2}},"categories":[657],"tags":[349,51125,4760,81,8355,1394,1734,572,16146,395,248,158,231],"class_list":["post-202742","post","type-post","status-publish","format-standard","has-post-thumbnail","hentry","category-spor","tag-dunya","tag-bulunuldu","tag-engelliler","tag-gelecek","tag-gures","tag-incelemelerde","tag-isitme","tag-olan","tag-oncesinde","tag-sampiyonasi","tag-trabzonda","tag-yapilacak","tag-yil"],"jetpack_publicize_connections":[],"jetpack_featured_media_url":"https:\/\/i0.wp.com\/www.tvturk.com\/wp-content\/uploads\/2019\/09\/trabzonda-gelecek-yil-yapilacak-olan-dunya-isitme-engelliler-gures-sampiyonasi-oncesinde-incelemelerde-bulunuldu_d45fb76.jpg?fit=1000%2C665","jetpack_sharing_enabled":true,"jetpack_shortlink":"https:\/\/wp.me\/paKIfm-QK2","_links":{"self":[{"href":"http:\/\/www.tvturk.com\/index.php\/wp-json\/wp\/v2\/posts\/202742","targetHints":{"allow":["GET"]}}],"collection":[{"href":"http:\/\/www.tvturk.com\/index.php\/wp-json\/wp\/v2\/posts"}],"about":[{"href":"http:\/\/www.tvturk.com\/index.php\/wp-json\/wp\/v2\/types\/post"}],"author":[{"embeddable":true,"href":"http:\/\/www.tvturk.com\/index.php\/wp-json\/wp\/v2\/users\/1"}],"replies":[{"embeddable":true,"href":"http:\/\/www.tvturk.com\/index.php\/wp-json\/wp\/v2\/comments?post=202742"}],"version-history":[{"count":0,"href":"http:\/\/www.tvturk.com\/index.php\/wp-json\/wp\/v2\/posts\/202742\/revisions"}],"wp:featuredmedia":[{"embeddable":true,"href":"http:\/\/www.tvturk.com\/index.php\/wp-json\/wp\/v2\/media\/202743"}],"wp:attachment":[{"href":"http:\/\/www.tvturk.com\/index.php\/wp-json\/wp\/v2\/media?parent=202742"}],"wp:term":[{"taxonomy":"category","embeddable":true,"href":"http:\/\/www.tvturk.com\/index.php\/wp-json\/wp\/v2\/categories?post=202742"},{"taxonomy":"post_tag","embeddable":true,"href":"http:\/\/www.tvturk.com\/index.php\/wp-json\/wp\/v2\/tags?post=202742"}],"curies":[{"name":"wp","href":"https:\/\/api.w.org\/{rel}","templated":true}]}}