{"id":202780,"date":"2019-09-13T16:17:06","date_gmt":"2019-09-13T13:17:06","guid":{"rendered":"http:\/\/www.tvturk.com\/index.php\/grizu-263-turksat-model-uydu-yarismasi-birincisi\/"},"modified":"2019-09-13T16:17:06","modified_gmt":"2019-09-13T13:17:06","slug":"grizu-263-turksat-model-uydu-yarismasi-birincisi","status":"publish","type":"post","link":"http:\/\/www.tvturk.com\/index.php\/grizu-263-turksat-model-uydu-yarismasi-birincisi\/","title":{"rendered":"Grizu 263, T\u00fcrksat model uydu yar\u0131\u015fmas\u0131 birincisi"},"content":{"rendered":"<p>TEKNOFEST kapsam\u0131nda T\u00fcrksat taraf\u0131ndan 10-12 Eyl\u00fcl tarihleri aras\u0131nda d\u00fczenlenen 4. T\u00fcrksat Model Uydu yar\u0131\u015fmas\u0131nda Grizu-263 Uzay Tak\u0131m\u0131, 95 tak\u0131m aras\u0131nda T\u00fcrkiye birincisi oldu.<\/p>\n<p>Haziran ay\u0131nda NASA sponsorlu\u011funda d\u00fczenlenen Cansat Competition model uydu yar\u0131\u015fmas\u0131nda ABD\u2019de D\u00fcnya ikincisi olan uzay tak\u0131m\u0131, G\u00f6lba\u015f\u0131\/Ankara tesislerinde d\u00fczenlenen \u2019Model uydu\u2019 yar\u0131\u015fmas\u0131nda \u00d6n Tasar\u0131m ve Kritik Tasar\u0131m puanlamas\u0131nda 100 \u00fczerinden 100 puan alarak finallere kald\u0131. Finallerde de u\u00e7u\u015f g\u00f6revlerini eksiksiz tamamlayan Grizu 263 tak\u0131m\u0131 T\u00fcrkiye birincisi oldu. Makine M\u00fchendisli\u011fi B\u00f6l\u00fcm\u00fc \u00d6\u011fretim \u00dcyesi Prof. Dr. B\u00fclent Ekmek\u00e7i, &#8220;\u0130lk ba\u015fta 95 ekip kat\u0131ld\u0131. \u00d6n elemelerden sonra 38 ekibe d\u00fc\u015ft\u00fc. Finallerde 38 ekip yar\u0131\u015ft\u0131. Grizu 263 ekibi bu yar\u0131\u015fmada birincili\u011fi elde ederek ba\u015far\u0131ya imza att\u0131. Model uydu yar\u0131\u015fmas\u0131 denildi\u011fi zaman ger\u00e7ek bir uydunun tasar\u0131m faaliyetlerinde dosyalama s\u00fcrecinden ba\u015flay\u0131p model uydunun yap\u0131lmas\u0131, f\u0131rlat\u0131lmas\u0131, test edilmesi ve sonu\u00e7lar\u0131n de\u011ferlendirilmesi a\u015famalar\u0131ndan olu\u015fan uzun s\u00fcre\u00e7li bir yar\u0131\u015fma stratejisini i\u00e7eriyor. Ger\u00e7ekten \u00e7ok \u00e7aba sarf eden yo\u011fun bir \u00e7al\u0131\u015fma sonucunda bir ba\u015far\u0131 oldu\u011funu burada belirtmek isterim.  Zonguldak B\u00fclent Ecevit \u00dcniversitesi\u2019ni de \u00f6n plana \u00e7\u0131kartmak isterim. Ger\u00e7ekten hem d\u00fcnyada hem \u00fclkemizde di\u011fer b\u00fct\u00fcn b\u00fcy\u00fck \u00fcniversitelerle ismini \u00e7ok duydu\u011fumuz \u00e7ok iyi bildi\u011fimiz uluslararas\u0131 ve ulusal d\u00fczeyde ekiplerin kat\u0131ld\u0131\u011f\u0131 yar\u0131\u015fmalarda \u00fcst \u00fcste ve istikrarl\u0131 bir \u015fekilde ba\u015far\u0131lar\u0131na devam etmektedir. S\u00fcre\u00e7 boyunca bize desteklerini esirgemeyen ba\u015fta Erdemir olmak \u00fczere TA\u0130 olmak \u00fczere sonsuz te\u015fekk\u00fcrlerimizi iletiyoruz. Onlar bu y\u00fcr\u00fcy\u00fc\u015f\u00fcm\u00fczde ger\u00e7ekten yolumuzu a\u00e7an destek\u00e7ilerimiz&#8221; diye konu\u015ftu.<\/p>\n<p>\u2019Karanl\u0131k maden ocaklar\u0131ndan uzay\u0131n sonsuz derinliklerine\u2019<\/p>\n<p>Tak\u0131m kaptanlar\u0131ndan \u00c7a\u011flar Ayta\u00e7 Dursun, tak\u0131m isminin hikayesine de\u011finerek \u015f\u00f6yle dedi:<\/p>\n<p>&#8220;Model uydu yar\u0131\u015fmas\u0131n\u0131 \u015fampiyon olarak g\u00f6\u011f\u00fcsledik. Burada \u00e7ok merak edilen Grizu-263 ismi \u00f6n plana \u00e7\u0131k\u0131yor. Bunun anlam\u0131n\u0131 insanlar merak ediyor. 1992 y\u0131l\u0131nda Kozlu\u2019da ger\u00e7ekle\u015fern grizu facias\u0131nda 263 madencimiz \u015fehit olmu\u015ftu. Onlar\u0131n ismini anmak istedi\u011fimiz sebebiyle tak\u0131m\u0131m\u0131za b\u00f6yle bir isim koyduk. Burada mottomuz a\u00e7\u0131k\u00e7as\u0131 \u2019karanl\u0131k maden ocaklar\u0131ndan uzay\u0131n sonsuz derinliklerine uzanan bir Zonguldak hikayesi\u2019 olarak bu yolculu\u011fa ba\u015flad\u0131k. \u00c7al\u0131\u015fmalar\u0131m\u0131za yakla\u015f\u0131k 3 y\u0131ld\u0131r devam ediyoruz. T\u00fcrksat, CanSat ve Pocket-kup birimimizden olu\u015fuyor tak\u0131m\u0131m\u0131z 35 ki\u015fiden olu\u015fuyor. Yakla\u015f\u0131k 95 tak\u0131m\u0131n ba\u015fvurdu\u011fu yar\u0131\u015fma T\u00fcrkiye\u2019nin en \u00f6nemli \u00fcniversitelerinin de i\u00e7inde bulundu\u011fu ilk i\u015fi a\u015famada y\u00fcz \u00fczerinden 100 tam puan alarak biz finallere kald\u0131k. \u0130lk iki a\u015famay\u0131 da tekrarlayarak finallerde de sorunsuz bir \u015fekilde u\u00e7u\u015fumuzu ger\u00e7ekle\u015ftirdik. \u015eampiyonlu\u011fu elde ettik. Bu noktada tak\u0131m arkada\u015flar\u0131m\u0131za, \u00fcniversitemize, \u015fehrimize te\u015fekk\u00fcr etmek istiyoruz. Valimiz Erdo\u011fan Bekta\u015f, Rekt\u00f6r\u00fcm\u00fcz Mustafa \u00c7ufal\u0131 ve Dekan\u0131m\u0131z Hakan Kuto\u011flu\u2019na \u00e7ok te\u015fekk\u00fcr ediyoruz.&#8221;<\/p>\n<p>2020\u2019de pocket-kup uydusu f\u0131rlatacaklar<\/p>\n<p>\u00d6n\u00fcm\u00fczdeki s\u00fcre\u00e7teki projeleri anlatan tak\u0131m kaptan\u0131 Muzaffer Duysal, &#8220;Bu ba\u015far\u0131lar\u0131n \u00fczerine daha da bir hedef koyarak uzaya uydu g\u00f6nderme projemiz vard\u0131. \u0130ki senelik bir projeydi. Bir senesini tamamlad\u0131k. 2020 y\u0131l\u0131n\u0131n yaz aylar\u0131nda uzaya f\u0131rlatmay\u0131 planl\u0131yoruz. Gerekli anla\u015fmalar yap\u0131ld\u0131. Proje kapsam\u0131nda \u00fcniversitemize yer istasyonu kurduk. D\u00fc\u015f\u00fck y\u00f6r\u00fcngedeki uydulardan veri almam\u0131z\u0131 sa\u011flayacak kendi uydumuzu hem de farkl\u0131 uydular\u0131 dinleme imkan\u0131na sahip olaca\u011f\u0131z. \u00d6n\u00fcm\u00fczdeki g\u00fcnlerde de a\u00e7\u0131l\u0131\u015f\u0131n\u0131 yapaca\u011f\u0131z. E\u015f zamanl\u0131 olarak uydumuzun tasar\u0131mlar\u0131 devam ediyor. Onlarda da epey ilerledik. 2020 y\u0131l\u0131n\u0131n yaz ay\u0131nda uydumuzu f\u0131rlatmay\u0131 planl\u0131yoruz&#8221; dedi.<\/p>\n<p>Turksat birim y\u00f6neticisi Berat H\u00fcrt\u00fcrk de model uydu yar\u0131\u015fmas\u0131nda ba\u015far\u0131 elde eden tak\u0131m arkada\u015flar\u0131n\u0131 kutlad\u0131.<\/p>\n<p>&#8220;Grizu 263 kurumsal bir yap\u0131ya kavu\u015ftu&#8221;<\/p>\n<p>Zonguldak B\u00fclent Ecevit \u00dcniversitesi M\u00fchendislik Fak\u00fcltesi Dekan\u0131 Prof. Dr. Hakan Kuto\u011flu da \u015f\u00f6yle s\u00f6yledi:<\/p>\n<p>&#8220;\u00c7ok b\u00fcy\u00fck gurur duyduk. Bu gururu son y\u0131llarda \u00e7ok s\u0131k ya\u015famaya ba\u015flad\u0131k. Grizu 263 tak\u0131m\u0131 \u00fc\u00e7 sene \u00f6nce bu yola \u00e7\u0131kt\u0131\u011f\u0131nda bizler de onlar\u0131n hayallerine destek olmaya \u00e7al\u0131\u015ft\u0131k. Onlar hayal etmi\u015fti. Biz de \u00f6\u011frencilerimizin ba\u015farabilece\u011fine ve kimseden eksi\u011fi yok hatta \u00e7ok daha fazlalar\u0131 var dedik. Bu yolda onlara destek olduk. Hayallerine engel olmad\u0131k. Burada ge\u00e7en \u00fc\u00e7 sene sonucunda giderek kurumsalla\u015fan bir yap\u0131 ortaya \u00e7\u0131kt\u0131. Art\u0131k Grizu263 tak\u0131m\u0131m\u0131z kurumsal bir yap\u0131ya kavu\u015ftu. Yeni ba\u015fvurular al\u0131yor. Yeni arkada\u015flar al\u0131yor. Eski \u00f6\u011frencilerimiz bilgilerini yeni gelenlere aktar\u0131yor. Bunun sonucunda iki tane d\u00fcnya ikincili\u011fi ve en sonunda da T\u00fcrkiye\u2019de \u00e7ok \u00f6nemli bir yar\u0131\u015fmada T\u00fcrksat\u2019\u0131n d\u00fczenledi\u011fi yar\u0131\u015fmada model uydu yar\u0131\u015fmas\u0131nda birincilik elde ettiler. Bu bizim i\u00e7in gurur verici bir durum. \u00c7\u00fcnk\u00fc BE\u00dc M\u00fchendislik Fak\u00fcltesi 90 y\u0131ll\u0131k bir \u00e7\u0131nar. \u0130nsanlar\u0131m\u0131z\u0131n baz\u0131lar\u0131n\u0131n kafas\u0131nda hep \u015f\u00f6yle \u015feyler oluyor. Hep belirli yerlerdeki \u00fcniversiteler, baz\u0131 \u00fcniversiteler ba\u015far\u0131y\u0131 elde edebilir. Hay\u0131r. Biz diyoruz ki biz burada Zonguldak\u2019ta T\u00fcrkiye\u2019de en yetenekli y\u00fcksek \u00f6\u011fretim yapan m\u00fchendislik fak\u00fcltelerinden bir tanesiyiz. \u00d6\u011frencilerimize inan\u0131yoruz. Onlar\u0131n bu yar\u0131\u015fmalara girmelerini cesaretlendiriyoruz.&#8221;<\/p>\n","protected":false},"excerpt":{"rendered":"<p>(SOLDAN SA\u011eA) T\u00dcRKSAT B\u0130R\u0130M Y\u00d6NET\u0130C\u0130S\u0130 BERAT H\u00dcRT\u00dcRK, TAKIM KAPTANI \u00c7A\u011eLAR AYTA\u00c7 DURSUN, PROF. DR. B\u00dcLENT EKMEK\u00c7\u0130 VE TAKIM KAPTANI MUZAFFER DUYSAL, \u015eAMP\u0130YONLU\u011eUN BA\u015eARI H\u0130KAYES\u0130N\u0130 \u0130HA&#8217;YA ANLATTI<\/p>\n","protected":false},"author":1,"featured_media":202781,"comment_status":"closed","ping_status":"open","sticky":false,"template":"","format":"standard","meta":{"jetpack_post_was_ever_published":false,"_jetpack_newsletter_access":"","_jetpack_dont_email_post_to_subs":false,"_jetpack_newsletter_tier_id":0,"_jetpack_memberships_contains_paywalled_content":false,"_jetpack_memberships_contains_paid_content":false,"footnotes":"","jetpack_publicize_message":"","jetpack_publicize_feature_enabled":true,"jetpack_social_post_already_shared":true,"jetpack_social_options":{"image_generator_settings":{"template":"highway","default_image_id":0,"font":"","enabled":false},"version":2}},"categories":[24],"tags":[20504,7552,42074,1910,27408,10173,1650],"class_list":["post-202780","post","type-post","status-publish","format-standard","has-post-thumbnail","hentry","category-teknoloji","tag-20504","tag-birincisi","tag-grizu","tag-model","tag-turksat","tag-uydu","tag-yarismasi"],"jetpack_publicize_connections":[],"jetpack_featured_media_url":"https:\/\/i0.wp.com\/www.tvturk.com\/wp-content\/uploads\/2019\/09\/grizu-263-turksat-model-uydu-yarismasi-birincisi_df5058c.jpg?fit=1000%2C666","jetpack_sharing_enabled":true,"jetpack_shortlink":"https:\/\/wp.me\/paKIfm-QKE","_links":{"self":[{"href":"http:\/\/www.tvturk.com\/index.php\/wp-json\/wp\/v2\/posts\/202780","targetHints":{"allow":["GET"]}}],"collection":[{"href":"http:\/\/www.tvturk.com\/index.php\/wp-json\/wp\/v2\/posts"}],"about":[{"href":"http:\/\/www.tvturk.com\/index.php\/wp-json\/wp\/v2\/types\/post"}],"author":[{"embeddable":true,"href":"http:\/\/www.tvturk.com\/index.php\/wp-json\/wp\/v2\/users\/1"}],"replies":[{"embeddable":true,"href":"http:\/\/www.tvturk.com\/index.php\/wp-json\/wp\/v2\/comments?post=202780"}],"version-history":[{"count":0,"href":"http:\/\/www.tvturk.com\/index.php\/wp-json\/wp\/v2\/posts\/202780\/revisions"}],"wp:featuredmedia":[{"embeddable":true,"href":"http:\/\/www.tvturk.com\/index.php\/wp-json\/wp\/v2\/media\/202781"}],"wp:attachment":[{"href":"http:\/\/www.tvturk.com\/index.php\/wp-json\/wp\/v2\/media?parent=202780"}],"wp:term":[{"taxonomy":"category","embeddable":true,"href":"http:\/\/www.tvturk.com\/index.php\/wp-json\/wp\/v2\/categories?post=202780"},{"taxonomy":"post_tag","embeddable":true,"href":"http:\/\/www.tvturk.com\/index.php\/wp-json\/wp\/v2\/tags?post=202780"}],"curies":[{"name":"wp","href":"https:\/\/api.w.org\/{rel}","templated":true}]}}