{"id":202798,"date":"2019-09-13T17:01:55","date_gmt":"2019-09-13T14:01:55","guid":{"rendered":"http:\/\/www.tvturk.com\/index.php\/avrupa-hareketlilik-haftasi-inegolde-hareketli-gececek\/"},"modified":"2019-09-13T17:01:55","modified_gmt":"2019-09-13T14:01:55","slug":"avrupa-hareketlilik-haftasi-inegolde-hareketli-gececek","status":"publish","type":"post","link":"http:\/\/www.tvturk.com\/index.php\/avrupa-hareketlilik-haftasi-inegolde-hareketli-gececek\/","title":{"rendered":"Avrupa Hareketlilik Haftas\u0131 \u0130neg\u00f6l\u2019de hareketli ge\u00e7ecek"},"content":{"rendered":"<p>\u0130neg\u00f6l Belediyesi, Avrupa Hareketlilik Haftas\u0131 i\u00e7in akreditasyonlar\u0131n\u0131 yapt\u0131rarak haz\u0131rl\u0131klar\u0131n\u0131 tamamlad\u0131. \u0130neg\u00f6l\u2019de 16-22 Eyl\u00fcl tarihleri aras\u0131nda bir hafta boyunca farkl\u0131 faaliyetler d\u00fczenlenecek.<\/p>\n<p>Avrupa Hareketlilik Haftas\u0131 i\u00e7in akreditasyonlar\u0131n\u0131 yapt\u0131ran \u0130neg\u00f6l Belediyesi, 16-22 Eyl\u00fcl tarihlerinde kutlanacak bir haftal\u0131k program\u0131n\u0131 haz\u0131rlad\u0131. Belediye Ba\u015fkan\u0131 Alper Taban, Art\u0131k giderek oturdu\u011fu yerden i\u015f yapmaya \u00e7al\u0131\u015fan bir toplum haline d\u00f6n\u00fc\u015ft\u00fc\u011f\u00fcm\u00fcze i\u015f\u00e2ret ederek, \u201cHareketsiz kal\u0131yoruz. Sa\u011fl\u0131k ve s\u0131hhatimizi de etkileyecek \u015fekilde hayat\u0131m\u0131z\u0131 ya\u015f\u0131yoruz. Refah\u0131m\u0131z\u0131n da artmas\u0131ndan dolay\u0131 her yere ara\u00e7lar\u0131m\u0131zla ula\u015fmaya \u00e7al\u0131\u015f\u0131yoruz. B\u00fct\u00fcn i\u015flerimizi art\u0131k hareketsiz halde g\u00f6rmek \u00fczere bir kurgu i\u00e7erisindeyiz. Bunun \u00f6n\u00fcne ge\u00e7mek ad\u0131na ge\u00e7mi\u015fte hem \u00fclkemizde, hem de Avrupa\u2019da buna benzer \u00e7al\u0131\u015fmalar yap\u0131l\u0131yordu. Biz de \u015fehrimiz ad\u0131na b\u00f6yle bir eksi\u011fin oldu\u011funu g\u00f6rerek bu \u00e7al\u0131\u015fmalar\u0131 ba\u015flatt\u0131k. 16-22 Eyl\u00fcl tarihlerinde Avrupa Hareketlilik Haftas\u0131 dolu dolu kutlan\u0131yor. \u00dclkemizden de 51 belediye buraya ba\u015fvuru yapt\u0131. \u0130neg\u00f6l Belediyesi de bunlardan biri. Tabi\u00ee sadece bunu haftayla k\u0131s\u0131tlamak do\u011fru olmaz. Burada ama\u00e7 \u0130neg\u00f6l i\u00e7erisindeki b\u00fct\u00fcn vatanda\u015flar\u0131 asl\u0131nda daha hareket eder h\u00e2le  ge\u00e7melerini istiyoruz. \u0130\u015f ve g\u00fcndelik ya\u015fat\u0131m\u0131z\u0131 biraz daha hareketli ge\u00e7irmek ad\u0131na bir kurgu d\u00fc\u015f\u00fcn\u00fcyoruz\u201d diye konu\u015ftu.<\/p>\n<p>16-22 Eyl\u00fcl tarihleri aras\u0131nda kutlanacak haftan\u0131n bu y\u0131lki slogan\u0131n\u0131n \u201cBirlikte Y\u00fcr\u00fcyelim\u201d oldu\u011funu an\u0131msatan Taban, \u201c16 Eyl\u00fcl Pazartesi g\u00fcn\u00fc \u2018Hayat\u0131na Hareket Kat\u2019 slogan\u0131yla sabah y\u00fcr\u00fcy\u00fc\u015f\u00fc ger\u00e7ekle\u015ftirece\u011fiz. Sabah 06.30 ile 07.30 aras\u0131nda Hikmet \u015eahin K\u00fclt\u00fcr Park\u0131 i\u00e7erisinde bir sabah y\u00fcr\u00fcy\u00fc\u015f\u00fc yap\u0131lacak. Beraberinde ayn\u0131 g\u00fcn i\u00e7erisinde bu konudaki e\u011fitimcilerimiz Nuri Pakdil \u0130mam Hatip Ortaokulunda bisikletin hayat\u0131m\u0131zdaki \u00f6nemi ve yine ok\u00e7uluk \u00fczerine seminer verecekler. 17 Eyl\u00fcl Sal\u0131 g\u00fcn\u00fc de \u2018Cesaretini Pedal\u0131na G\u00f6ster\u2019 \u015feklinde bir bisiklet konvoyu yapaca\u011f\u0131z. 09.30\u2019da belediyemiz \u00f6n\u00fcnden ba\u015flayacak, ya\u011fl\u0131 tohumlar kav\u015fa\u011f\u0131ndan Kozluca yolu \u00fczerinden yeniden ba\u015flang\u0131\u00e7 noktas\u0131nda sona erecek. 18 Eyl\u00fcl \u00c7ar\u015famba g\u00fcn\u00fc \u2019Cesaretini Do\u011faya G\u00f6ster\u2019 diyerek Yenice g\u00f6letimizin etraf\u0131ndaki 1300 metrelik parkurda bir y\u00fcr\u00fcy\u00fc\u015f yapaca\u011f\u0131z. \u2018Gelece\u011fe 1299 Ad\u0131m\u2019 slogan\u0131yla Osmanl\u0131 Devleti\u2019nin kurulu\u015funa da ith\u00e2fen harekete ge\u00e7mi\u015f olaca\u011f\u0131z\u201d dedi.<\/p>\n","protected":false},"excerpt":{"rendered":"<p>\u0130NEG\u00d6L BELED\u0130YES\u0130, AVRUPA HAREKETL\u0130L\u0130K HAFTASI \u0130\u00c7\u0130N AKRED\u0130TASYONLARINI YAPTIRARAK HAZIRLIKLARINI TAMAMLADI.<\/p>\n","protected":false},"author":1,"featured_media":202799,"comment_status":"closed","ping_status":"open","sticky":false,"template":"","format":"standard","meta":{"jetpack_post_was_ever_published":false,"_jetpack_newsletter_access":"","_jetpack_dont_email_post_to_subs":false,"_jetpack_newsletter_tier_id":0,"_jetpack_memberships_contains_paywalled_content":false,"_jetpack_memberships_contains_paid_content":false,"footnotes":"","jetpack_publicize_message":"","jetpack_publicize_feature_enabled":true,"jetpack_social_post_already_shared":true,"jetpack_social_options":{"image_generator_settings":{"template":"highway","default_image_id":0,"font":"","enabled":false},"version":2}},"categories":[1],"tags":[392,4177,7490,34608,46953,4199],"class_list":["post-202798","post","type-post","status-publish","format-standard","has-post-thumbnail","hentry","category-genel","tag-avrupa","tag-gececek","tag-haftasi","tag-hareketli","tag-hareketlilik","tag-inegolde"],"jetpack_publicize_connections":[],"jetpack_featured_media_url":"https:\/\/i0.wp.com\/www.tvturk.com\/wp-content\/uploads\/2019\/09\/avrupa-hareketlilik-haftasi-inegolde-hareketli-gececek_dbd66e7.jpg?fit=1000%2C666","jetpack_sharing_enabled":true,"jetpack_shortlink":"https:\/\/wp.me\/paKIfm-QKW","_links":{"self":[{"href":"http:\/\/www.tvturk.com\/index.php\/wp-json\/wp\/v2\/posts\/202798","targetHints":{"allow":["GET"]}}],"collection":[{"href":"http:\/\/www.tvturk.com\/index.php\/wp-json\/wp\/v2\/posts"}],"about":[{"href":"http:\/\/www.tvturk.com\/index.php\/wp-json\/wp\/v2\/types\/post"}],"author":[{"embeddable":true,"href":"http:\/\/www.tvturk.com\/index.php\/wp-json\/wp\/v2\/users\/1"}],"replies":[{"embeddable":true,"href":"http:\/\/www.tvturk.com\/index.php\/wp-json\/wp\/v2\/comments?post=202798"}],"version-history":[{"count":0,"href":"http:\/\/www.tvturk.com\/index.php\/wp-json\/wp\/v2\/posts\/202798\/revisions"}],"wp:featuredmedia":[{"embeddable":true,"href":"http:\/\/www.tvturk.com\/index.php\/wp-json\/wp\/v2\/media\/202799"}],"wp:attachment":[{"href":"http:\/\/www.tvturk.com\/index.php\/wp-json\/wp\/v2\/media?parent=202798"}],"wp:term":[{"taxonomy":"category","embeddable":true,"href":"http:\/\/www.tvturk.com\/index.php\/wp-json\/wp\/v2\/categories?post=202798"},{"taxonomy":"post_tag","embeddable":true,"href":"http:\/\/www.tvturk.com\/index.php\/wp-json\/wp\/v2\/tags?post=202798"}],"curies":[{"name":"wp","href":"https:\/\/api.w.org\/{rel}","templated":true}]}}