{"id":202804,"date":"2019-09-13T17:03:14","date_gmt":"2019-09-13T14:03:14","guid":{"rendered":"http:\/\/www.tvturk.com\/index.php\/iskenderunda-universite-ogrencileri-insansiz-hava-araci-ve-hidrojenle-calisan-otomobil-yapti\/"},"modified":"2019-09-13T17:03:14","modified_gmt":"2019-09-13T14:03:14","slug":"iskenderunda-universite-ogrencileri-insansiz-hava-araci-ve-hidrojenle-calisan-otomobil-yapti","status":"publish","type":"post","link":"http:\/\/www.tvturk.com\/index.php\/iskenderunda-universite-ogrencileri-insansiz-hava-araci-ve-hidrojenle-calisan-otomobil-yapti\/","title":{"rendered":"\u0130skenderun\u2019da \u00fcniversite \u00f6\u011frencileri insans\u0131z hava arac\u0131 ve hidrojenle \u00e7al\u0131\u015fan otomobil yapt\u0131"},"content":{"rendered":"<p>\u0130skenderun Teknik \u00dcniversitesi (\u0130STE) \u00f6\u011frencileri taraf\u0131ndan haz\u0131rlanan insans\u0131z hava ara\u00e7lar\u0131 ve hidrojenle \u00e7al\u0131\u015fan otomobil Teknofest\u2019te yar\u0131\u015fmak \u00fczere \u0130zmit\u2019e g\u00f6nderildi.<\/p>\n<p>Hatay\u2019\u0131n \u0130skenderun il\u00e7esinde bulunan \u0130STE kamp\u00fcs\u00fcnde 9 ayl\u0131k \u00e7al\u0131\u015fman\u0131n ard\u0131ndan \u00fcretilen insans\u0131z hava ara\u00e7lar\u0131 ile elektrikli ve hidrojenle \u00e7al\u0131\u015fan otomobil son haz\u0131rl\u0131klar\u0131 tamamland\u0131ktan sonra \u0130zmit\u2019e g\u00f6nderilmek \u00fczere t\u0131ra y\u00fcklendi. Olduk\u00e7a heyecanl\u0131 olduklar\u0131 g\u00f6zlenen \u00f6\u011frenciler yar\u0131\u015fma \u00f6ncesi ekip arkada\u015flar\u0131 ile birlikte proje ara\u00e7lar\u0131n\u0131n son kontrollerini yapt\u0131lar. Sponsor kurulu\u015flar\u0131n temsilcilerininde kat\u0131ld\u0131klar\u0131 u\u011furlama t\u00f6reninde projelerle ilgili a\u00e7\u0131klamada bulunan \u0130STE Rekt\u00f6r\u00fc Prof. Dr. T\u00fcrkay Dereli, bu y\u0131lki projelerinin daha iddial\u0131 oldu\u011funun alt\u0131n\u0131 \u00e7izdi. Ge\u00e7en y\u0131l yar\u0131\u015fmaya bir otomobille kat\u0131ld\u0131klar\u0131 belirten Rekt\u00f6r Dereli, &#8220;Bu sene \u00fc\u00e7 ekiple finale kald\u0131k ve daha iddial\u0131y\u0131z. kat\u0131ld\u0131\u011f\u0131m\u0131z iki otomobilden birisi elektrikli, di\u011feri de hidrojenli olarak \u00e7al\u0131\u015fmaktad\u0131r. Biliyorsunuz elektrikli otomobillerden sonra hidrojenli ara\u00e7lar gelecek y\u0131llarda ticarile\u015fecek. Elektrikli ara\u00e7lara g\u00f6re daha tasarruflu olacak. Onun i\u00e7in \u00f6\u011frencilerimiz taraf\u0131ndan geli\u015ftirilmesi \u00e7ok \u00e7ok \u00f6nemlidir. \u00dcniversiteler baz\u0131nda bakt\u0131\u011f\u0131m\u0131zda hem hidrojenli hemde elektrikli otomobil yar\u0131\u015f\u0131na kat\u0131lan ender \u00fcniversitelerden birisiyiz. Tabi ki biz teknik \u00fcniversiteyiz bizden beklenen de zaten buydu. Kazanmaktan daha \u00f6nemli bir \u015fey var oda tak\u0131m olmakt\u0131r&#8221; \u015feklinde konu\u015ftu.<\/p>\n<p>\u00d6\u011frenciler taraf\u0131ndan yakla\u015f\u0131k 9 ayda tamamlanan otomobiller ile insans\u0131z hava ara\u00e7lar\u0131 son kontrolleri yap\u0131ld\u0131ktan sonra t\u0131ra y\u00fcklenerek 14-22 Eyl\u00fcl\u2019de \u0130zmit\u2019te ger\u00e7ekle\u015fecek olan Teknofest yar\u0131\u015fmalar\u0131na kat\u0131lmak \u00fczere yola \u00e7\u0131kt\u0131.<\/p>\n","protected":false},"excerpt":{"rendered":"<p>\u00dcN\u0130VERS\u0130TE \u00d6\u011eRENC\u0130LER\u0130 \u0130NSANSIZ HAVA ARACI VE H\u0130DROJENLE \u00c7ALI\u015eAN OTOMOB\u0130L YAPTILAR<\/p>\n","protected":false},"author":1,"featured_media":202805,"comment_status":"closed","ping_status":"open","sticky":false,"template":"","format":"standard","meta":{"jetpack_post_was_ever_published":false,"_jetpack_newsletter_access":"","_jetpack_dont_email_post_to_subs":false,"_jetpack_newsletter_tier_id":0,"_jetpack_memberships_contains_paywalled_content":false,"_jetpack_memberships_contains_paid_content":false,"footnotes":"","jetpack_publicize_message":"","jetpack_publicize_feature_enabled":true,"jetpack_social_post_already_shared":true,"jetpack_social_options":{"image_generator_settings":{"template":"highway","default_image_id":0,"font":"","enabled":false},"version":2}},"categories":[1],"tags":[321,1050,257,51145,17914,8730,1491,2873,1281,292],"class_list":["post-202804","post","type-post","status-publish","format-standard","has-post-thumbnail","hentry","category-genel","tag-araci","tag-calisan","tag-hava","tag-hidrojenle","tag-insansiz","tag-iskenderunda","tag-ogrencileri","tag-otomobil","tag-universite","tag-yapti"],"jetpack_publicize_connections":[],"jetpack_featured_media_url":"https:\/\/i0.wp.com\/www.tvturk.com\/wp-content\/uploads\/2019\/09\/iskenderunda-universite-ogrencileri-insansiz-hava-araci-ve-hidrojenle-calisan-otomobil-yapti_c76acbf.jpg?fit=1000%2C667","jetpack_sharing_enabled":true,"jetpack_shortlink":"https:\/\/wp.me\/paKIfm-QL2","_links":{"self":[{"href":"http:\/\/www.tvturk.com\/index.php\/wp-json\/wp\/v2\/posts\/202804","targetHints":{"allow":["GET"]}}],"collection":[{"href":"http:\/\/www.tvturk.com\/index.php\/wp-json\/wp\/v2\/posts"}],"about":[{"href":"http:\/\/www.tvturk.com\/index.php\/wp-json\/wp\/v2\/types\/post"}],"author":[{"embeddable":true,"href":"http:\/\/www.tvturk.com\/index.php\/wp-json\/wp\/v2\/users\/1"}],"replies":[{"embeddable":true,"href":"http:\/\/www.tvturk.com\/index.php\/wp-json\/wp\/v2\/comments?post=202804"}],"version-history":[{"count":0,"href":"http:\/\/www.tvturk.com\/index.php\/wp-json\/wp\/v2\/posts\/202804\/revisions"}],"wp:featuredmedia":[{"embeddable":true,"href":"http:\/\/www.tvturk.com\/index.php\/wp-json\/wp\/v2\/media\/202805"}],"wp:attachment":[{"href":"http:\/\/www.tvturk.com\/index.php\/wp-json\/wp\/v2\/media?parent=202804"}],"wp:term":[{"taxonomy":"category","embeddable":true,"href":"http:\/\/www.tvturk.com\/index.php\/wp-json\/wp\/v2\/categories?post=202804"},{"taxonomy":"post_tag","embeddable":true,"href":"http:\/\/www.tvturk.com\/index.php\/wp-json\/wp\/v2\/tags?post=202804"}],"curies":[{"name":"wp","href":"https:\/\/api.w.org\/{rel}","templated":true}]}}