{"id":202820,"date":"2019-09-13T17:46:47","date_gmt":"2019-09-13T14:46:47","guid":{"rendered":"http:\/\/www.tvturk.com\/index.php\/feyzioglu-bu-vatani-bolmek-isteyenler-asla-basaramayacaklar\/"},"modified":"2019-09-13T17:46:47","modified_gmt":"2019-09-13T14:46:47","slug":"feyzioglu-bu-vatani-bolmek-isteyenler-asla-basaramayacaklar","status":"publish","type":"post","link":"http:\/\/www.tvturk.com\/index.php\/feyzioglu-bu-vatani-bolmek-isteyenler-asla-basaramayacaklar\/","title":{"rendered":"Feyzio\u011flu: &#8220;Bu vatan\u0131 b\u00f6lmek isteyenler asla ba\u015faramayacaklar&#8221;"},"content":{"rendered":"<p>Uluslar aras\u0131 Hukuk Kurultay\u0131 ve Sempozyumunda konu\u015fan T\u00fcrkiye Barolar Birli\u011fi Ba\u015fkan\u0131 Metin Fezyio\u011flu, \u00fclkeyi b\u00f6lmek isteyenlerin ba\u015far\u0131l\u0131 olamayaca\u011f\u0131n\u0131 s\u00f6yledi.<\/p>\n<p>\u201cKurtulu\u015ftan Kurulu\u015fa 100. Y\u0131l\u0131nda Sivas Kongresi\u201d Uluslararas\u0131 Hukuk Kurultay\u0131 ve Sempozyumu, Sivas Cumhuriyet \u00dcniversitesi 4 Eyl\u00fcl Kongre Merkezinde ger\u00e7ekle\u015ftirildi. Sempozyuma T\u00fcrkiye Barolar Birli\u011fi Ba\u015fkan\u0131 (TBB)Metin Feyzio\u011flu, Sivas Valisi Salih Ayhan, Sivas Belediye Ba\u015fkan\u0131 Hilmi Bilgin ve T\u00fcrk Cumhuriyetlerinden \u00e7ok say\u0131da temsilcisi kat\u0131ld\u0131. Sempozyum, sayg\u0131 duru\u015funda bulunulmas\u0131 ve \u0130stiklal Mar\u015f\u0131n\u0131n okunmas\u0131 ile ba\u015flad\u0131.<\/p>\n<p>Sempozyumda a\u00e7\u0131l\u0131\u015f konu\u015fmas\u0131 yapan TBB Ba\u015fkan\u0131 Metin Feyzio\u011flu, \u201cBu g\u00fcn \u015fu s\u00f6zleri hepimiz herhalde y\u00fcrekten tekrarlamal\u0131y\u0131z, \u2019Vatan milli s\u0131n\u0131rlar i\u00e7inde bir b\u00fct\u00fcnd\u00fcr, b\u00f6l\u00fcnemez.\u2019 Bu g\u00fcn bu vatan\u0131 b\u00f6lmek isteyenler var m\u0131d\u0131r? vard\u0131r. Bu g\u00fcn bu vatan\u0131 b\u00f6lmek isteyenler ba\u015farabilecekler mi? Asla ba\u015faramayacaklard\u0131r. Bu g\u00fcn 21.y\u00fczy\u0131l\u0131n mandac\u0131lar\u0131 var m\u0131d\u0131r? Teslim olmaya haz\u0131rlar. Bu g\u00fcn emperyalistlerin hayranlar\u0131 var m\u0131d\u0131r? Vard\u0131r. Asla ba\u015faramayacaklar. \u00c7\u00fcnk\u00fc biz Sivas\u2019ta bir s\u00f6z verdik, ya istiklal ya \u00f6l\u00fcm dedik. Benimde ya istiklal ya \u00f6l\u00fcm dedikten sonra bir tek s\u00f6z\u00fcm var, Mustafa Kemal Atat\u00fcrk\u2019\u00fcn anlad\u0131\u011f\u0131 anlam\u0131yla \u2019Ne mutlu T\u00fcrk\u00fcm diyene&#8221; \u015feklinde konu\u015ftu.<\/p>\n","protected":false},"excerpt":{"rendered":"<p>S\u0130VAS\u2019TA T\u00dcRK D\u0130L\u0130 KONU\u015eAN VE AKRABA \u00dcLKELER AVUKATLIK \u00d6RG\u00dcTLER\u0130 B\u0130RL\u0130\u011e\u0130N\u0130N (T\u00dcRK-AV) BA\u015eKANLARI VE TEMS\u0130LC\u0130LER\u0130N\u0130N KATILIMI \u0130LE \u201cKURTULU\u015eTAN KURULU\u015eA 100.YILINDA S\u0130VAS KONGRES\u0130\u201d SEMPOZYUMU BA\u015eLADI. SEMPOZYUMDA A\u00c7ILI\u015e KONU\u015eMASI YAPAN TBB BA\u015eKANI MET\u0130N FEYZ\u0130O\u011eLU FEYZ\u0130O\u011eLU, \u201cBU G\u00dcN BU VATANI B\u00d6LMEK \u0130STEYENLER VARMIDIR, VARDIR.  BU G\u00dcN BU VATANI B\u00d6LMEK \u0130STEYENLER BA\u015eARAB\u0130LECEKLERM\u0130D\u0130R, ASLA BA\u015eARAMAYACAKLARDIR. \u201cDED\u0130.<\/p>\n","protected":false},"author":1,"featured_media":202821,"comment_status":"closed","ping_status":"open","sticky":false,"template":"","format":"standard","meta":{"jetpack_post_was_ever_published":false,"_jetpack_newsletter_access":"","_jetpack_dont_email_post_to_subs":false,"_jetpack_newsletter_tier_id":0,"_jetpack_memberships_contains_paywalled_content":false,"_jetpack_memberships_contains_paid_content":false,"footnotes":"","jetpack_publicize_message":"","jetpack_publicize_feature_enabled":true,"jetpack_social_post_already_shared":true,"jetpack_social_options":{"image_generator_settings":{"template":"highway","default_image_id":0,"font":"","enabled":false},"version":2}},"categories":[1],"tags":[986,9890,51149,51148,10940,12200,18188],"class_list":["post-202820","post","type-post","status-publish","format-standard","has-post-thumbnail","hentry","category-genel","tag-bu","tag-asla","tag-basaramayacaklar","tag-bolmek","tag-feyzioglu","tag-isteyenler","tag-vatani"],"jetpack_publicize_connections":[],"jetpack_featured_media_url":"https:\/\/i0.wp.com\/www.tvturk.com\/wp-content\/uploads\/2019\/09\/feyzioglu-bu-vatani-bolmek-isteyenler-asla-basaramayacaklar_d152845.jpg?fit=1000%2C779","jetpack_sharing_enabled":true,"jetpack_shortlink":"https:\/\/wp.me\/paKIfm-QLi","_links":{"self":[{"href":"http:\/\/www.tvturk.com\/index.php\/wp-json\/wp\/v2\/posts\/202820","targetHints":{"allow":["GET"]}}],"collection":[{"href":"http:\/\/www.tvturk.com\/index.php\/wp-json\/wp\/v2\/posts"}],"about":[{"href":"http:\/\/www.tvturk.com\/index.php\/wp-json\/wp\/v2\/types\/post"}],"author":[{"embeddable":true,"href":"http:\/\/www.tvturk.com\/index.php\/wp-json\/wp\/v2\/users\/1"}],"replies":[{"embeddable":true,"href":"http:\/\/www.tvturk.com\/index.php\/wp-json\/wp\/v2\/comments?post=202820"}],"version-history":[{"count":0,"href":"http:\/\/www.tvturk.com\/index.php\/wp-json\/wp\/v2\/posts\/202820\/revisions"}],"wp:featuredmedia":[{"embeddable":true,"href":"http:\/\/www.tvturk.com\/index.php\/wp-json\/wp\/v2\/media\/202821"}],"wp:attachment":[{"href":"http:\/\/www.tvturk.com\/index.php\/wp-json\/wp\/v2\/media?parent=202820"}],"wp:term":[{"taxonomy":"category","embeddable":true,"href":"http:\/\/www.tvturk.com\/index.php\/wp-json\/wp\/v2\/categories?post=202820"},{"taxonomy":"post_tag","embeddable":true,"href":"http:\/\/www.tvturk.com\/index.php\/wp-json\/wp\/v2\/tags?post=202820"}],"curies":[{"name":"wp","href":"https:\/\/api.w.org\/{rel}","templated":true}]}}