{"id":202826,"date":"2019-09-13T18:02:05","date_gmt":"2019-09-13T15:02:05","guid":{"rendered":"http:\/\/www.tvturk.com\/index.php\/binali-yildirim-ve-ismet-yilmaz-bitliste-cenaze-torenine-katildi\/"},"modified":"2019-09-13T18:02:05","modified_gmt":"2019-09-13T15:02:05","slug":"binali-yildirim-ve-ismet-yilmaz-bitliste-cenaze-torenine-katildi","status":"publish","type":"post","link":"http:\/\/www.tvturk.com\/index.php\/binali-yildirim-ve-ismet-yilmaz-bitliste-cenaze-torenine-katildi\/","title":{"rendered":"Binali Y\u0131ld\u0131r\u0131m ve \u0130smet Y\u0131lmaz Bitlis\u2019te cenaze t\u00f6renine kat\u0131ld\u0131"},"content":{"rendered":"<p>AK Parti milletvekilleri Binali Y\u0131ld\u0131r\u0131m ile \u0130smet Y\u0131lmaz, hayat\u0131n\u0131 kaybeden T\u00fcrkiye Cumhuriyeti Uluslararas\u0131 Sivil Havac\u0131l\u0131k Organizasyonu (ICAO) Daimi Temsilcisi Suat Hayri Aka\u2019n\u0131n babas\u0131 Sadettin Aka\u2019n\u0131n cenazesine kat\u0131ld\u0131.<\/p>\n<p>Sadettin Aka\u2019n\u0131n cenazesine kat\u0131lmak \u00fczere AK Parti milletvekilleri Binali Y\u0131ld\u0131r\u0131m, \u0130smet Y\u0131lmaz ve Ahmet Arslan Bitlis\u2019e geldi. Mu\u015f\u2019tan karayoluyla Bitlis\u2019in Tatvan il\u00e7esine gelerek Aka\u2019n\u0131n babas\u0131n\u0131n evine giden milletvekilleri, burada bir s\u00fcre kald\u0131ktan sonra \u0130badullah Camisi\u2019ne ge\u00e7ti. Burada cuma namaz\u0131n\u0131 m\u00fcteakiben k\u0131l\u0131nan cenaze namaz\u0131n\u0131n ard\u0131ndan Sadettin Aka\u2019n\u0131n cenazesi defnedilmek \u00fczere Ahlat il\u00e7esindeki Kalender Mezarl\u0131\u011f\u0131na g\u00f6t\u00fcr\u00fcld\u00fc.<\/p>\n<p>Dualar e\u015fli\u011finde topra\u011fa verilen Aka\u2019n\u0131n cenaze t\u00f6reninde konu\u015fan AK Parti \u0130zmir Milletvekili Binali Y\u0131ld\u0131r\u0131m, \u00e7al\u0131\u015fma arkada\u015f\u0131 Suat Hayri Aka\u2019n\u0131n babas\u0131n\u0131 hakk\u0131n rahmetine yolcu ettiklerini belirtti. Y\u0131ld\u0131r\u0131m, &#8220;Allah mekan\u0131n\u0131 cennet eylesin. Taksirat\u0131n\u0131 affetsin. Biz de b\u00f6yle bir g\u00fcnle kar\u015f\u0131 kar\u015f\u0131ya geldi\u011fimizde Rabbim rahmetiyle muamele eylesin. O art\u0131k uhre aleminde biz d\u00fcnya alemindeyiz. Hepimiz \u015funu iyi biliyoruz. Hepimiz bu d\u00fcnyada misafiriz. As\u0131l gidece\u011fimiz yer uhredir, ahirettir, aynen bir yolculuk gibi. Yolculukta nas\u0131l bir a\u011fa\u00e7 g\u00f6lgesinde biraz dinlenme mesafesinde kal\u0131yorsak, d\u00fcnya hayat\u0131n\u0131 da Allah\u2019\u0131n Resul\u00fc b\u00f6yle tarif ediyor. De\u011ferli Aka ailesine ba\u015fsa\u011fl\u0131\u011f\u0131 diliyorum. Allah sab\u0131r versin. Kalanlara hay\u0131rl\u0131 \u00f6m\u00fcr versin. Sadettin amcan\u0131n da mekan\u0131 cennet olsun. Cemaatten de Allah raz\u0131 olsun&#8221; diye konu\u015ftu.<\/p>\n<p>Daha sonra Aka ailesine ba\u015fsa\u011fl\u0131\u011f\u0131 dile\u011finde bulunan milletvekilleri, Tatvan Belediye Ba\u015fkan\u0131 Mehmet Emin Geylani\u2019yi makam\u0131nda ziyaret ederek, \u00e7al\u0131\u015fmalar hakk\u0131nda bilgi ald\u0131.<\/p>\n<p>Cenazeye Vali Oktay \u00c7a\u011fatay, AK Parti Bitlis milletvekilleri Cemal Ta\u015far ve Vahit Kiler ile HDP Bitlis Milletvekili Mahmut Celadet Gaydal\u0131, eski Devlet Bakan\u0131 Edip Safter Gaydal\u0131, eski Bay\u0131nd\u0131rl\u0131k ve \u0130skan Bakan\u0131 Zeki Ergezen, Bitlis Eren \u00dcniversitesi Prof. Dr. Erdal Necip Yard\u0131m, Ahlat Kaymakam\u0131 Erkan \u0130sa Erat, Tatvan Kaymakam\u0131 Mehmet Ali \u00d6zkan, belediye ba\u015fkanlar\u0131, partililer, kurum amirleri, sivil toplum kurulu\u015fu temsilcileri ve \u00e7ok say\u0131da vatanda\u015f kat\u0131ld\u0131.<\/p>\n","protected":false},"excerpt":{"rendered":"<p>B\u0130NAL\u0130 YILDIRIM \u0130LE \u0130SMET YILMAZ, HAYATINI KAYBEDEN T\u00dcRK\u0130YE CUMHUR\u0130YET\u0130 ULUSLARARASI S\u0130V\u0130L HAVACILIK ORGAN\u0130ZASYONU (ICAO) DA\u0130M\u0130 TEMS\u0130LC\u0130S\u0130 SUAT HAYR\u0130 AKA&#8217;NIN BABASI SADETT\u0130N AKA&#8217;NIN CENAZES\u0130NE KATILDI.<\/p>\n","protected":false},"author":1,"featured_media":202827,"comment_status":"closed","ping_status":"open","sticky":false,"template":"","format":"standard","meta":{"jetpack_post_was_ever_published":false,"_jetpack_newsletter_access":"","_jetpack_dont_email_post_to_subs":false,"_jetpack_newsletter_tier_id":0,"_jetpack_memberships_contains_paywalled_content":false,"_jetpack_memberships_contains_paid_content":false,"footnotes":"","jetpack_publicize_message":"","jetpack_publicize_feature_enabled":true,"jetpack_social_post_already_shared":true,"jetpack_social_options":{"image_generator_settings":{"template":"highway","default_image_id":0,"font":"","enabled":false},"version":2}},"categories":[1],"tags":[3333,2312,7499,9845,1757,6096,376,4688],"class_list":["post-202826","post","type-post","status-publish","format-standard","has-post-thumbnail","hentry","category-genel","tag-binali","tag-bitliste","tag-cenaze","tag-ismet","tag-katildi","tag-torenine","tag-yildirim","tag-yilmaz"],"jetpack_publicize_connections":[],"jetpack_featured_media_url":"https:\/\/i0.wp.com\/www.tvturk.com\/wp-content\/uploads\/2019\/09\/binali-yildirim-ve-ismet-yilmaz-bitliste-cenaze-torenine-katildi_97a100a.jpg?fit=1000%2C663","jetpack_sharing_enabled":true,"jetpack_shortlink":"https:\/\/wp.me\/paKIfm-QLo","_links":{"self":[{"href":"http:\/\/www.tvturk.com\/index.php\/wp-json\/wp\/v2\/posts\/202826","targetHints":{"allow":["GET"]}}],"collection":[{"href":"http:\/\/www.tvturk.com\/index.php\/wp-json\/wp\/v2\/posts"}],"about":[{"href":"http:\/\/www.tvturk.com\/index.php\/wp-json\/wp\/v2\/types\/post"}],"author":[{"embeddable":true,"href":"http:\/\/www.tvturk.com\/index.php\/wp-json\/wp\/v2\/users\/1"}],"replies":[{"embeddable":true,"href":"http:\/\/www.tvturk.com\/index.php\/wp-json\/wp\/v2\/comments?post=202826"}],"version-history":[{"count":0,"href":"http:\/\/www.tvturk.com\/index.php\/wp-json\/wp\/v2\/posts\/202826\/revisions"}],"wp:featuredmedia":[{"embeddable":true,"href":"http:\/\/www.tvturk.com\/index.php\/wp-json\/wp\/v2\/media\/202827"}],"wp:attachment":[{"href":"http:\/\/www.tvturk.com\/index.php\/wp-json\/wp\/v2\/media?parent=202826"}],"wp:term":[{"taxonomy":"category","embeddable":true,"href":"http:\/\/www.tvturk.com\/index.php\/wp-json\/wp\/v2\/categories?post=202826"},{"taxonomy":"post_tag","embeddable":true,"href":"http:\/\/www.tvturk.com\/index.php\/wp-json\/wp\/v2\/tags?post=202826"}],"curies":[{"name":"wp","href":"https:\/\/api.w.org\/{rel}","templated":true}]}}