{"id":202846,"date":"2019-09-13T19:02:50","date_gmt":"2019-09-13T16:02:50","guid":{"rendered":"http:\/\/www.tvturk.com\/index.php\/fikret-orman-hatayda-taraftarla-bulustu\/"},"modified":"2019-09-13T19:02:50","modified_gmt":"2019-09-13T16:02:50","slug":"fikret-orman-hatayda-taraftarla-bulustu","status":"publish","type":"post","link":"http:\/\/www.tvturk.com\/index.php\/fikret-orman-hatayda-taraftarla-bulustu\/","title":{"rendered":"Fikret Orman, Hatay\u2019da taraftarla bulu\u015ftu"},"content":{"rendered":"<p>Be\u015fikta\u015f Kul\u00fcb\u00fc Ba\u015fkan\u0131 Fikret Orman, Hatay\u2019da taraftarla bir araya geldi.<\/p>\n<p>Gazi\u015fehir Gaziantep ma\u00e7\u0131 \u00f6ncesi Mersin, Adana ve Hatay \u00e7\u0131karmas\u0131 yapan Be\u015fikta\u015f Kul\u00fcb\u00fc Ba\u015fkan\u0131 Fikret Orman, Hatay Be\u015fikta\u015fl\u0131lar Derne\u011fi organizasyonunda, Antakya Kartal Yuvas\u0131\u2019nda Be\u015fikta\u015fl\u0131 taraftarlarla bir araya geldi. Ba\u015fkan Orman burada kendisine yo\u011fun ilgi g\u00f6steren ve uzun kuyruklar olu\u015fturan taraftarlarla tek tek foto\u011fraf \u00e7ekildi. Antakya Kartal Yuvas\u0131\u2019nda ger\u00e7ekle\u015fen taraftar bulu\u015fmas\u0131n\u0131n ard\u0131ndan gazetecilere a\u00e7\u0131klamada bulunan Fikret Orman, bir daha aday olmayaca\u011f\u0131n\u0131 burada da tekrarlad\u0131. Orman, \u201cBen taraftar\u0131m ve taraftar\u0131n i\u00e7inden geliyorum. Rol olarak de\u011fil severek yapt\u0131\u011f\u0131m bir \u015fey \u00e7\u00fcnk\u00fc onlar\u0131n i\u00e7inden geliyorum. 2,5 senem kald\u0131, bir s\u00fcre sonrada taraftarlar aras\u0131na d\u00f6nece\u011fim zaten\u201d dedi.<\/p>\n<p>Hatayl\u0131 iki \u015fehit ve Hatay \u0130l Emniyet M\u00fcd\u00fcr\u00fcn\u00fcn e\u015fi i\u00e7inde a\u00e7\u0131klamalarda bulunan Orman, &#8220;Hatay\u2019da iki tane \u015fehidimiz vard\u0131. Allah rahmet eylesin. Ailelerine ba\u015f sa\u011fl\u0131\u011f\u0131 diliyorum. Bir de Hatay emniyet m\u00fcd\u00fcr\u00fcm\u00fcz\u00fcn e\u015fi de rahmetli olmu\u015f, Allah rahmet eylesin. Emniyet m\u00fcd\u00fcr\u00fcm\u00fcze de acil \u015fifalar diliyorum\u201d dedi.<\/p>\n<p>Fikret Orman, The Museum Hotel Antakya\u2019ya hayran kald\u0131<\/p>\n<p>Hatay\u2019da resmi a\u00e7\u0131l\u0131\u015f\u0131 hen\u00fcz ger\u00e7ekle\u015ftirilmeyen The Museum Hotel Antakya\u2019ya ziyarette bulunan Be\u015fikta\u015f Kul\u00fcb\u00fc Ba\u015fkan\u0131 Fikret Orman, m\u00fcze otele hayran kald\u0131. Alanda incelemelerde bulunan Ba\u015fkan Orman burada da yapt\u0131\u011f\u0131 konu\u015fmada, \u201cBug\u00fcn Mersin, Adana ve Antakya turu yap\u0131yoruz. Hatay\u2019a geldim ve \u00e7okta mutlu oldum a\u00e7\u0131k\u00e7as\u0131. Necmi Asfuro\u011flu abimiz bizim kongre \u00fcyemiz, The Museum Hotel Antakya\u2019y\u0131 \u00e7ok m\u00fcthi\u015f yapm\u0131\u015f. G\u00f6rmeden anlat\u0131lacak gibi de\u011fil, bay\u0131ld\u0131m yap\u0131lan \u015feylere. Herkesin buray\u0131 g\u00f6rmesini tavsiye ederim. \u00dclkemize yap\u0131lan m\u00fcthi\u015f bir hizmet olarak g\u00f6r\u00fcyorum. Ben kendimle \u00f6v\u00fcn\u00fcrd\u00fcm Be\u015fikta\u015f Park\u2019\u0131 yapt\u0131m diye ama Necmi Asfuro\u011flu abimiz bizi ge\u00e7mi\u015f valla, m\u00fcthi\u015f bir \u015fey yapm\u0131\u015f. Buray\u0131 g\u00f6rd\u00fc\u011f\u00fcm i\u00e7in \u00e7ok mutluyum\u201d a\u00e7\u0131klamalar\u0131nda bulundu.<\/p>\n","protected":false},"excerpt":{"rendered":"<p>BE\u015e\u0130KTA\u015e KUL\u00dcB\u00dc VE KUL\u00dcPLER B\u0130RL\u0130\u011e\u0130 BA\u015eKANI F\u0130KRET ORMAN, HATAY\u2019DA TARAFTARLA B\u0130R ARAYA GELD\u0130.<\/p>\n","protected":false},"author":1,"featured_media":202847,"comment_status":"closed","ping_status":"open","sticky":false,"template":"","format":"standard","meta":{"jetpack_post_was_ever_published":false,"_jetpack_newsletter_access":"","_jetpack_dont_email_post_to_subs":false,"_jetpack_newsletter_tier_id":0,"_jetpack_memberships_contains_paywalled_content":false,"_jetpack_memberships_contains_paid_content":false,"footnotes":"","jetpack_publicize_message":"","jetpack_publicize_feature_enabled":true,"jetpack_social_post_already_shared":true,"jetpack_social_options":{"image_generator_settings":{"template":"highway","default_image_id":0,"font":"","enabled":false},"version":2}},"categories":[657],"tags":[389,4919,1285,2404,2859],"class_list":["post-202846","post","type-post","status-publish","format-standard","has-post-thumbnail","hentry","category-spor","tag-bulustu","tag-fikret","tag-hatayda","tag-orman","tag-taraftarla"],"jetpack_publicize_connections":[],"jetpack_featured_media_url":"https:\/\/i0.wp.com\/www.tvturk.com\/wp-content\/uploads\/2019\/09\/fikret-orman-hatayda-taraftarla-bulustu_c7bb1e1.jpg?fit=1000%2C666","jetpack_sharing_enabled":true,"jetpack_shortlink":"https:\/\/wp.me\/paKIfm-QLI","_links":{"self":[{"href":"http:\/\/www.tvturk.com\/index.php\/wp-json\/wp\/v2\/posts\/202846","targetHints":{"allow":["GET"]}}],"collection":[{"href":"http:\/\/www.tvturk.com\/index.php\/wp-json\/wp\/v2\/posts"}],"about":[{"href":"http:\/\/www.tvturk.com\/index.php\/wp-json\/wp\/v2\/types\/post"}],"author":[{"embeddable":true,"href":"http:\/\/www.tvturk.com\/index.php\/wp-json\/wp\/v2\/users\/1"}],"replies":[{"embeddable":true,"href":"http:\/\/www.tvturk.com\/index.php\/wp-json\/wp\/v2\/comments?post=202846"}],"version-history":[{"count":0,"href":"http:\/\/www.tvturk.com\/index.php\/wp-json\/wp\/v2\/posts\/202846\/revisions"}],"wp:featuredmedia":[{"embeddable":true,"href":"http:\/\/www.tvturk.com\/index.php\/wp-json\/wp\/v2\/media\/202847"}],"wp:attachment":[{"href":"http:\/\/www.tvturk.com\/index.php\/wp-json\/wp\/v2\/media?parent=202846"}],"wp:term":[{"taxonomy":"category","embeddable":true,"href":"http:\/\/www.tvturk.com\/index.php\/wp-json\/wp\/v2\/categories?post=202846"},{"taxonomy":"post_tag","embeddable":true,"href":"http:\/\/www.tvturk.com\/index.php\/wp-json\/wp\/v2\/tags?post=202846"}],"curies":[{"name":"wp","href":"https:\/\/api.w.org\/{rel}","templated":true}]}}