{"id":202872,"date":"2019-09-13T22:32:40","date_gmt":"2019-09-13T19:32:40","guid":{"rendered":"http:\/\/www.tvturk.com\/index.php\/balikesirspor-umraniyespor-macinin-ardindan\/"},"modified":"2019-09-13T22:32:40","modified_gmt":"2019-09-13T19:32:40","slug":"balikesirspor-umraniyespor-macinin-ardindan","status":"publish","type":"post","link":"http:\/\/www.tvturk.com\/index.php\/balikesirspor-umraniyespor-macinin-ardindan\/","title":{"rendered":"Bal\u0131kesirspor &#8211; \u00dcmraniyespor ma\u00e7\u0131n\u0131n ard\u0131ndan"},"content":{"rendered":"<p>TFF 1. Lig\u2019in 4. haftas\u0131nda Bal\u0131kesirspor sahas\u0131nda \u00dcmraniyespor\u2019u 2-0 ma\u011flup etti. Ma\u00e7\u0131n ard\u0131ndan teknik adamlar m\u00fccadeleyi de\u011ferlendirdi.<\/p>\n<p>Ma\u00e7\u0131n ard\u0131ndan a\u00e7\u0131klamalarda bulunan Bal\u0131kesirspor Teknik Direkt\u00f6r\u00fc Mustafa Ati G\u00f6ksu, &#8220;\u00dc\u00e7 puan ald\u0131\u011f\u0131m\u0131z i\u00e7in mutluyuz, bundan sonra bu galibiyet serisini s\u00fcrd\u00fcrmek istiyoruz&#8221; dedi.<\/p>\n<p>G\u00f6ksu, ma\u00e7\u0131n ard\u0131ndan yapt\u0131\u011f\u0131 a\u00e7\u0131klamada, futbolcular\u0131 iyi m\u00fccadele ettikleri i\u00e7in kutlad\u0131\u011f\u0131n\u0131 dile getirdi. Rakip tak\u0131m\u0131n da oyunu \u00e7irkinle\u015ftirmeden oynad\u0131\u011f\u0131 ifade eden G\u00f6ksu, \u015f\u00f6yle konu\u015ftu:<\/p>\n<p>&#8220;Golleri biz bulduk, daha farkl\u0131 da kazanabilirdik. Ka\u00e7\u0131r\u0131lmayacak golleri ka\u00e7\u0131rd\u0131k, bu y\u00fczden \u00e7ok \u00fcz\u00fcld\u00fck. \u00dc\u00e7 puan ald\u0131\u011f\u0131m\u0131z i\u00e7in mutluyuz, bundan sonra bu galibiyet serisini s\u00fcrd\u00fcrmek istiyoruz. Milli ma\u00e7 aras\u0131nda yeni transferlerimizle tak\u0131mdaki oyuncular \u00e7ok iyi uyum sa\u011flad\u0131. Bu s\u00fcrd\u00fc\u011f\u00fc s\u00fcrece iyi neticeler alaca\u011f\u0131m\u0131za inan\u0131yorum.&#8221;<\/p>\n<p>\u00dcmraniyespor cephesi<\/p>\n<p>\u00dcmraniyespor Teknik Direkt\u00f6r\u00fc Ahmet Ta\u015fy\u00fcrek, ayaklar\u0131n\u0131n yere basmad\u0131klar\u0131n\u0131 s\u00f6ylerken, bunun sonunda ma\u011flubiyetin ka\u00e7\u0131n\u0131lmaz oldu\u011funu belirtti.<\/p>\n<p>Ta\u015fy\u00fcrek, Bal\u0131kesirspor\u2019un bu ma\u00e7 kendilerinden daha iyi oynad\u0131\u011f\u0131n\u0131 ifade ederek, &#8220;Bizden daha iyi, daha konsantrelerdi. Biz \u00fc\u00e7te \u00fc\u00e7 yap\u0131nca ayaklar\u0131m\u0131z yere basmad\u0131, rakibimizin pozisyonuna bakarak ma\u00e7 oynamadan kendi kafam\u0131zda pozisyona girdik. \u00c7ok erken yedi\u011fimiz golden sonra \u00e7abalar\u0131m\u0131z sonu\u00e7 vermedi. Bal\u0131kesirspor\u2019u tebrik ediyorum&#8221; diye konu\u015ftu.<\/p>\n","protected":false},"excerpt":{"rendered":"<p>\u00dcMRAN\u0130YESPOR TEKN\u0130K D\u0130REKT\u00d6R\u00dc AHMET TA\u015eY\u00dcREK, AYAKLARININ YERE BASMADIKLARINI S\u00d6YLERKEN BUNUN SONUNDA MA\u011eLUB\u0130YET\u0130N KA\u00c7INILMAZ OLDU\u011eUNU BEL\u0130RTT\u0130.<\/p>\n","protected":false},"author":1,"featured_media":202873,"comment_status":"closed","ping_status":"open","sticky":false,"template":"","format":"standard","meta":{"jetpack_post_was_ever_published":false,"_jetpack_newsletter_access":"","_jetpack_dont_email_post_to_subs":false,"_jetpack_newsletter_tier_id":0,"_jetpack_memberships_contains_paywalled_content":false,"_jetpack_memberships_contains_paid_content":false,"footnotes":"","jetpack_publicize_message":"","jetpack_publicize_feature_enabled":true,"jetpack_social_post_already_shared":true,"jetpack_social_options":{"image_generator_settings":{"template":"highway","default_image_id":0,"font":"","enabled":false},"version":2}},"categories":[657],"tags":[3469,2505,3468,917],"class_list":["post-202872","post","type-post","status-publish","format-standard","has-post-thumbnail","hentry","category-spor","tag-ardindan","tag-balikesirspor","tag-macinin","tag-umraniyespor"],"jetpack_publicize_connections":[],"jetpack_featured_media_url":"https:\/\/i0.wp.com\/www.tvturk.com\/wp-content\/uploads\/2019\/09\/balikesirspor-umraniyespor-macinin-ardindan_bcd5962.jpg?fit=1000%2C666","jetpack_sharing_enabled":true,"jetpack_shortlink":"https:\/\/wp.me\/paKIfm-QM8","_links":{"self":[{"href":"http:\/\/www.tvturk.com\/index.php\/wp-json\/wp\/v2\/posts\/202872","targetHints":{"allow":["GET"]}}],"collection":[{"href":"http:\/\/www.tvturk.com\/index.php\/wp-json\/wp\/v2\/posts"}],"about":[{"href":"http:\/\/www.tvturk.com\/index.php\/wp-json\/wp\/v2\/types\/post"}],"author":[{"embeddable":true,"href":"http:\/\/www.tvturk.com\/index.php\/wp-json\/wp\/v2\/users\/1"}],"replies":[{"embeddable":true,"href":"http:\/\/www.tvturk.com\/index.php\/wp-json\/wp\/v2\/comments?post=202872"}],"version-history":[{"count":0,"href":"http:\/\/www.tvturk.com\/index.php\/wp-json\/wp\/v2\/posts\/202872\/revisions"}],"wp:featuredmedia":[{"embeddable":true,"href":"http:\/\/www.tvturk.com\/index.php\/wp-json\/wp\/v2\/media\/202873"}],"wp:attachment":[{"href":"http:\/\/www.tvturk.com\/index.php\/wp-json\/wp\/v2\/media?parent=202872"}],"wp:term":[{"taxonomy":"category","embeddable":true,"href":"http:\/\/www.tvturk.com\/index.php\/wp-json\/wp\/v2\/categories?post=202872"},{"taxonomy":"post_tag","embeddable":true,"href":"http:\/\/www.tvturk.com\/index.php\/wp-json\/wp\/v2\/tags?post=202872"}],"curies":[{"name":"wp","href":"https:\/\/api.w.org\/{rel}","templated":true}]}}