{"id":202904,"date":"2019-09-14T09:16:31","date_gmt":"2019-09-14T06:16:31","guid":{"rendered":"http:\/\/www.tvturk.com\/index.php\/ozel-eski-hukumlulere-is-kurma-imkani\/"},"modified":"2019-09-14T09:16:31","modified_gmt":"2019-09-14T06:16:31","slug":"ozel-eski-hukumlulere-is-kurma-imkani","status":"publish","type":"post","link":"http:\/\/www.tvturk.com\/index.php\/ozel-eski-hukumlulere-is-kurma-imkani\/","title":{"rendered":"(\u00d6zel) Eski h\u00fck\u00fcml\u00fclere, i\u015f kurma imkan\u0131"},"content":{"rendered":"<p>Adalet Bakanl\u0131\u011f\u0131 ve \u0130\u015fkur i\u015f birli\u011finde ba\u015flat\u0131lan \u201cKendi i\u015fini kur\u201d projesi kapsam\u0131nda ba\u015fvurusu onaylanan eski h\u00fck\u00fcml\u00fcler kendi i\u015flerini kurma imkan\u0131 buluyor.<\/p>\n<p>Cezaevlerinde yatt\u0131ktan sonra denetimli serbestlikle d\u0131\u015far\u0131 \u00e7\u0131kan veya cezas\u0131 bitmi\u015f eski h\u00fck\u00fcml\u00fcler Adalet Bakanl\u0131\u011f\u0131 arac\u0131l\u0131\u011f\u0131yla \u0130\u015fkur \u00fczerinden Giri\u015fimcilik kursu alarak kendi i\u015f yerlerini a\u00e7ma imkan\u0131 bulurken, i\u015f arayanlara da istihdam sa\u011flam\u0131\u015f oluyor.<\/p>\n<p>Denetimli Serbestlikten yararlanarak d\u0131\u015far\u0131 \u00e7\u0131kan ve Giri\u015fimcilik kursu ba\u015fvurusunda bulunduktan sonra projesini Adalet Bakanl\u0131\u011f\u0131 arac\u0131l\u0131\u011f\u0131yla \u0130\u015fkur\u2019a sunan eski h\u00fck\u00fcml\u00fc Celalettin Demir, \u201cCezaevinden \u00e7\u0131kt\u0131ktan sonra Adalet Bakanl\u0131\u011f\u0131na ba\u011fl\u0131 Denetimli Serbestlik M\u00fcd\u00fcrl\u00fc\u011f\u00fcn\u00fcn seminerlerine kat\u0131ld\u0131m. Seminerlerde hocalar\u0131m\u0131z\u0131n bize verdi\u011fi e\u011fitimlerde, \u2018kendi i\u015fini kur\u2019 projesinden bahsedildi ve bu alanla ilgilenen b\u00f6l\u00fcme y\u00f6nlendirildim. Adalet Bakanl\u0131\u011f\u0131 arac\u0131l\u0131\u011f\u0131yla \u0130\u015fkur\u2019un kursuna kat\u0131ld\u0131m. Kurs sonucunda ba\u015far\u0131l\u0131 oldu\u011fum i\u00e7in sertifika almaya hak kazand\u0131m\u201d diye konu\u015ftu.<\/p>\n<p>\u00d6ncesinde de elektrikle u\u011fra\u015ft\u0131\u011f\u0131n\u0131 aktaran Demir, \u201dDaha \u00f6nceden elektrik ve elektronik i\u015flerinde \u00e7al\u0131\u015ft\u0131\u011f\u0131m i\u00e7in tecr\u00fcbem vard\u0131. Bunlar\u0131n sonucunda sertifikam\u0131 ald\u0131m ancak maddi imkan olmad\u0131\u011f\u0131 i\u00e7in \u0130\u015fkur\u2019un da destek olmas\u0131 gerekiyordu. Sundu\u011fum proje kabul edildikten sonra \u0130\u015fkur\u2019un da deste\u011fiyle i\u015f yerimizi kurduk. \u015eu anda iki tane meslek lisesi mezunu arkada\u015f\u0131m\u0131zda firmam\u0131zda \u00e7al\u0131\u015f\u0131yor\u201d ifadelerini kulland\u0131.<\/p>\n<p>Kurdu\u011fu i\u015f yer i\u00e7erisindeki \u00e7al\u0131\u015fma alanlar\u0131na de\u011finen ve eski h\u00fck\u00fcml\u00fclere tavsiyede bulunan Demir, \u201cBilgisayar tamiri, veri kurtarma, cep telefonu tamiri, montaj ve kamera sistemleri i\u015flerini yap\u0131yoruz. Projeyi kesinlikle eski h\u00fck\u00fcml\u00fclere tavsiye ederim. Seminerlerde hocalar\u0131m\u0131z\u0131n belirtti\u011fi konular\u0131n i\u00e7erisinde bunlarda var. Hayata d\u00f6n\u00fc\u015f ve g\u00fczel bak\u0131\u015f \u015feklinde anlat\u0131lan konular var bunlardan bahsediliyor, sonras\u0131nda da belgesi ve becerisi olan insanlara \u2018kendi i\u015fini kur\u2019 projesi kapsam\u0131nda yard\u0131mc\u0131 olunuyor. Bundan sonraki s\u00fcre\u00e7te daha \u00e7ok b\u00fcy\u00fcmek ve istihdam say\u0131m\u0131z\u0131 iki yerine d\u00f6rde \u00e7\u0131karmak istiyorum\u201d dedi.<\/p>\n<p>Konuyla ilgili olarak, Adalet Bakanl\u0131\u011f\u0131 Denetimli Serbestlik Daire Ba\u015fkan\u0131 Hakim Burak Ceyhan, \u201cKendi i\u015fini kur\u201d projesi hakk\u0131nda bilgiler verdi.<\/p>\n<p>\u201cKendi i\u015fini kur\u201d projesi hakk\u0131nda bilgiler veren Adalet Bakanl\u0131\u011f\u0131 Denetimli Serbestlik Daire Ba\u015fkan\u0131 Hakim Burak Ceyhan, \u201cAdalet Bakanl\u0131\u011f\u0131 olarak modern ceza infaz sistemi ve onar\u0131c\u0131 adalet anlay\u0131\u015f\u0131yla hareket ediyoruz. Bu proje bu anlay\u0131\u015f\u0131n bir g\u00f6stergesi, denetimli serbestlik h\u00fck\u00fcml\u00fcleri, denetimli serbestlik sistemine girdiklerinde sadece cezalar\u0131n\u0131 infaz etmekle kalm\u0131yorlar, ayn\u0131 zamanda e\u011fitim iyile\u015ftirme ve meslek edindirme faaliyetlerinde bulunuyorlar\u201d ifadelerini aktard\u0131.<\/p>\n<p>Projenin amac\u0131n\u0131n h\u00fck\u00fcml\u00fclerin sosyal uyum becerilerini geli\u015ftirmek ve hayatlar\u0131n\u0131 daha g\u00fczel bir hale getirmek oldu\u011funu belirten Ceyhan, \u201cBuradaki amac\u0131m\u0131z h\u00fck\u00fcml\u00fclerin sosyal uyum becerilerinin geli\u015ftirilmesi, hayatlar\u0131n\u0131 daha g\u00fczel bir hale getirmek ve topluma yeniden kazand\u0131rmak. \u2018Kendi i\u015fini kur\u2019 projesiyle bug\u00fcne kadar Edirne\u2019den Kars\u2019a, Sinop\u2019tan Mersin\u2019e kadar y\u00fczlerce projemiz kabul edildi. Eski h\u00fck\u00fcml\u00fclerimiz i\u015f yerlerini a\u00e7arak ya\u015famlar\u0131na devam ediyorlar\u201c \u015feklinde konu\u015ftu.<\/p>\n<p>Proje kapsam\u0131ndaki s\u00fcrece de\u011finen Ceyhan, \u015f\u00f6yle konu\u015ftu:<\/p>\n<p>\u201cBu s\u00fcre\u00e7 \u015fu \u015fekilde i\u015fliyor; denetimli serbestlik sistemine giren h\u00fck\u00fcml\u00fc, infaz\u0131n yan\u0131nda e\u011fitim ve iyile\u015ftirme ve meslek edindirme faaliyetlerinde bulunuyor. \u0130nfaz s\u00fcreci tamamland\u0131ktan sonra koruma kurullar\u0131m\u0131z arac\u0131l\u0131\u011f\u0131yla proje haz\u0131rl\u0131yorlar, bu projelere biz y\u00f6nlendirmelerde bulunuyoruz. Meslek edindirdi\u011fimiz faaliyet alanlar\u0131nda herhangi bir sigorta kayd\u0131 olmayan veya mesle\u011fi olmayan eski h\u00fck\u00fcml\u00fcler bize m\u00fcracaat ediyorlar ve projelendirdi\u011fimiz bu i\u015f yerlerini T\u00fcrkiye \u0130\u015f Kurumu\u2019na g\u00f6nderiyoruz. Kurul senede iki defa toplanarak Adalet Bakanl\u0131\u011f\u0131 g\u00f6revlilerinin de i\u00e7inde bulundu\u011fu bir komisyon taraf\u0131ndan projeleri de\u011ferlendirmeye al\u0131yor\u201d diye konu\u015ftu.<\/p>\n<p>Onaylanan projelere asgari \u00fccretin br\u00fct miktar\u0131n\u0131n 15 kat\u0131na kadar hibe verildi\u011fini aktaran Ceyhan, \u201cOnaylanan projelere, br\u00fct asgari \u00fccretin 15 kat\u0131na kadar hibe (geri \u00f6demesiz kredi) sa\u011flan\u0131yor. Bu krediyle projeleri onaylanan h\u00fck\u00fcml\u00fcler hem i\u015f yerlerini a\u00e7\u0131p ailelerinin ge\u00e7imini temin ediyorlar hem de istihdam sa\u011flayarak hayatlar\u0131na devam ediyorlar\u201d ifadelerini kaydetti.<\/p>\n<p>Projenin ba\u015flad\u0131\u011f\u0131 tarihten itibaren binin \u00fczerinde projenin onayland\u0131\u011f\u0131n\u0131 belirten Ceyhan, \u201cBug\u00fcne kadar binin \u00fczerinde projemiz onayland\u0131 ve eski h\u00fck\u00fcml\u00fclerimiz kendi i\u015f yerlerini a\u00e7arak hali haz\u0131rda \u00e7al\u0131\u015f\u0131yor. Zaman zaman denetimini yaparak takibini yap\u0131yoruz. Proje onayland\u0131ktan sonra denetimli serbestlik h\u00fck\u00fcml\u00fclerimiz taraf\u0131ndan projenin onayland\u0131\u011f\u0131 haliyle i\u015fletmeci i\u015fletmesini devam ettiriyor mu, orada \u00e7al\u0131\u015f\u0131yor mu ? diye denetimini yap\u0131yoruz\u201d diye konu\u015ftu.<\/p>\n<p>\u0130\u015f yerlerinin b\u00fcy\u00fckl\u00fc\u011f\u00fcne ve alan\u0131na g\u00f6re istihdam edilen \u00e7al\u0131\u015fan say\u0131s\u0131n\u0131n de\u011fi\u015fti\u011fini bildiren Ceyhan, belirli bir say\u0131n\u0131n olmad\u0131\u011f\u0131n\u0131 ancak 5-10 binin \u00fczerinde ki\u015finin istihdam edildi\u011fini kaydetti.<\/p>\n","protected":false},"excerpt":{"rendered":"<p>ADALET BAKANLI\u011eI VE \u0130\u015eKUR \u0130\u015e B\u0130RL\u0130\u011e\u0130NDE BA\u015eLATILAN \u201cKEND\u0130 \u0130\u015e\u0130N\u0130 KUR\u201d PROJES\u0130 KAPSAMINDA BA\u015eVURUSU ONAYLANAN ESK\u0130 H\u00dcK\u00dcML\u00dcLER KEND\u0130 \u0130\u015eLER\u0130N\u0130 KURMA \u0130MKANI BULUYOR.<\/p>\n","protected":false},"author":1,"featured_media":202905,"comment_status":"closed","ping_status":"open","sticky":false,"template":"","format":"standard","meta":{"jetpack_post_was_ever_published":false,"_jetpack_newsletter_access":"","_jetpack_dont_email_post_to_subs":false,"_jetpack_newsletter_tier_id":0,"_jetpack_memberships_contains_paywalled_content":false,"_jetpack_memberships_contains_paid_content":false,"footnotes":"","jetpack_publicize_message":"","jetpack_publicize_feature_enabled":true,"jetpack_social_post_already_shared":true,"jetpack_social_options":{"image_generator_settings":{"template":"highway","default_image_id":0,"font":"","enabled":false},"version":2}},"categories":[1],"tags":[1073,1123,3998,21765,432,21230],"class_list":["post-202904","post","type-post","status-publish","format-standard","has-post-thumbnail","hentry","category-genel","tag-ozel","tag-eski","tag-hukumlulere","tag-imkani","tag-is","tag-kurma"],"jetpack_publicize_connections":[],"jetpack_featured_media_url":"https:\/\/i0.wp.com\/www.tvturk.com\/wp-content\/uploads\/2019\/09\/ozel-eski-hukumlulere-is-kurma-imkani_38a44a1.jpg?fit=1000%2C539","jetpack_sharing_enabled":true,"jetpack_shortlink":"https:\/\/wp.me\/paKIfm-QME","_links":{"self":[{"href":"http:\/\/www.tvturk.com\/index.php\/wp-json\/wp\/v2\/posts\/202904","targetHints":{"allow":["GET"]}}],"collection":[{"href":"http:\/\/www.tvturk.com\/index.php\/wp-json\/wp\/v2\/posts"}],"about":[{"href":"http:\/\/www.tvturk.com\/index.php\/wp-json\/wp\/v2\/types\/post"}],"author":[{"embeddable":true,"href":"http:\/\/www.tvturk.com\/index.php\/wp-json\/wp\/v2\/users\/1"}],"replies":[{"embeddable":true,"href":"http:\/\/www.tvturk.com\/index.php\/wp-json\/wp\/v2\/comments?post=202904"}],"version-history":[{"count":0,"href":"http:\/\/www.tvturk.com\/index.php\/wp-json\/wp\/v2\/posts\/202904\/revisions"}],"wp:featuredmedia":[{"embeddable":true,"href":"http:\/\/www.tvturk.com\/index.php\/wp-json\/wp\/v2\/media\/202905"}],"wp:attachment":[{"href":"http:\/\/www.tvturk.com\/index.php\/wp-json\/wp\/v2\/media?parent=202904"}],"wp:term":[{"taxonomy":"category","embeddable":true,"href":"http:\/\/www.tvturk.com\/index.php\/wp-json\/wp\/v2\/categories?post=202904"},{"taxonomy":"post_tag","embeddable":true,"href":"http:\/\/www.tvturk.com\/index.php\/wp-json\/wp\/v2\/tags?post=202904"}],"curies":[{"name":"wp","href":"https:\/\/api.w.org\/{rel}","templated":true}]}}