{"id":202914,"date":"2019-09-14T10:01:43","date_gmt":"2019-09-14T07:01:43","guid":{"rendered":"http:\/\/www.tvturk.com\/index.php\/engelliler-sualti-dunyasini-kesfetti\/"},"modified":"2019-09-14T10:01:43","modified_gmt":"2019-09-14T07:01:43","slug":"engelliler-sualti-dunyasini-kesfetti","status":"publish","type":"post","link":"http:\/\/www.tvturk.com\/index.php\/engelliler-sualti-dunyasini-kesfetti\/","title":{"rendered":"Engelliler sualt\u0131 d\u00fcnyas\u0131n\u0131 ke\u015ffetti"},"content":{"rendered":"<p>Engelli bak\u0131m\u0131nda T\u00fcrkiye\u2019ye \u00f6rnek olmaya devam eden Aile \u00c7al\u0131\u015fma ve Sosyal Politikalar \u0130zmir \u0130l M\u00fcd\u00fcrl\u00fc\u011f\u00fc \u00f6nc\u00fcl\u00fc\u011f\u00fcnde 12 \u00f6zel ve 1 resmi engelli bak\u0131m merkezinde hizmet g\u00f6ren engelliler, \u00f6zel sertifikal\u0131 e\u011fitmenler e\u015fli\u011finde dal\u0131\u015f yapt\u0131 ve su alt\u0131 d\u00fcnyas\u0131n\u0131 ke\u015ffetmenin mutlulu\u011funu ya\u015fad\u0131.<\/p>\n<p>Aile \u00c7al\u0131\u015fma ve Sosyal Politikalar \u0130zmir \u0130l M\u00fcd\u00fcrl\u00fc\u011f\u00fc, yeni bir proje ba\u015flatt\u0131. Farkl\u0131 uygulamalar\u0131 ile engelli bak\u0131m\u0131nda \u00e7\u0131\u011f\u0131r a\u00e7an \u0130zmir, bu kez engellileri su alt\u0131 d\u00fcnyas\u0131 ile tan\u0131\u015ft\u0131rd\u0131. Seferihisar Akarca Plaj\u0131\u2019nda faaliyet g\u00f6steren Seferihisar Dal\u0131\u015f Merkezi ile i\u015fbirli\u011fi i\u00e7inde ger\u00e7ekle\u015fen proje ile \u0130zmir\u2019de hizmet veren 12 \u00f6zel ve 1 resmi engelli bak\u0131m merkezinde hizmet g\u00f6ren engelliler, engellilere hizmet verme yetkinli\u011fi olan sertifika sahibi dal\u0131\u015f e\u011fitmenleri e\u015fli\u011finde dal\u0131\u015f ger\u00e7ekle\u015ftirdi.<\/p>\n<p>Tan\u0131\u015ft\u0131klar\u0131 bu yeni d\u00fcnya kar\u015f\u0131s\u0131nda \u015fa\u015fk\u0131nl\u0131klar\u0131n\u0131 gizleyemeyen engellilerin mutlulu\u011fu g\u00f6zlerinden okunurken, projenin ilk olarak dal\u0131\u015f yapma yeterlili\u011fi olan her merkezden 2\u2019\u015fer ki\u015fi ile ba\u015flat\u0131ld\u0131\u011f\u0131 bilgisin veren Aile \u00c7al\u0131\u015fma ve Sosyal Politikalar \u0130zmir \u0130l \u015eube M\u00fcd\u00fcr\u00fc Hakan Ar\u0131, farkl\u0131 sosyal etkinliklerle engelli bireylerin \u00f6z g\u00fcvenini geli\u015ftirmeye \u00e7al\u0131\u015ft\u0131klar\u0131n\u0131 s\u00f6yledi. Ar\u0131, projenin detaylar\u0131n\u0131 anlatarak \u015f\u00f6yle konu\u015ftu:<\/p>\n<p>&#8220;Dal\u0131\u015flar ikiye ayr\u0131l\u0131yor; tan\u0131t\u0131m dal\u0131\u015f\u0131 maksimum 5 metre derinli\u011fi olan yerlerde e\u011fitmen ve e\u011fitmen yard\u0131mc\u0131s\u0131 e\u015fli\u011finde yap\u0131l\u0131yor. Bu tan\u0131t\u0131m dal\u0131\u015f\u0131ndan sonra ki\u015fi uygun g\u00f6r\u00fcl\u00fcrse daha a\u00e7\u0131k alanlarda profesyonel dal\u0131\u015f yap\u0131l\u0131yor. O y\u00fczden bizim \u015fu anda yapt\u0131\u011f\u0131m\u0131z asl\u0131nda tan\u0131t\u0131m dal\u0131\u015f\u0131 oluyor. Su alt\u0131nda maksimum 5 metre derinlikte, dal\u0131\u015f yapan engelli bireyimiz kendini rahat hissetti\u011fi s\u00fcrece maksimum 1,5 saat olmak \u00fczere dal\u0131\u015f devam ediyor. Engelli birey bir \u015fekilde kendini rahat hissetmezse de dal\u0131\u015f e\u011fitmenler g\u00f6zetiminde sonland\u0131r\u0131l\u0131yor.\u201d<\/p>\n<p>\u201c\u00c7ok mutlu oldular\u201d<\/p>\n<p>Dal\u0131\u015f yapan engellilerin duygular\u0131n\u0131 da ifade eden \u015eube M\u00fcd\u00fcr\u00fc Hakan Ar\u0131, \u201c\u00c7ok mutlulard\u0131, suyun alt\u0131nda ba\u015fka bir d\u00fcnya ile tan\u0131\u015fm\u0131\u015flar, bu onlara \u00e7ok keyifli geliyordu. Adalarda b\u00fcy\u00fcm\u00fc\u015f, bo\u011fazda y\u00fczm\u00fc\u015f bir engellimiz var. Mesela o yeniden dal\u0131\u015f yapabildi\u011fi i\u00e7in harika hissediyordu ve espri yaparak \u2018t\u00fcp bitmezse Samos\u2019a kadar y\u00fczebilirim\u2019 dedi. Onlar\u0131n mutlulu\u011fu kar\u015f\u0131s\u0131nda tabi bizler ve engelli merkezlerinin sorumlular\u0131 da mutlu oluyorlar. T\u00fcrkiye\u2019de ilk kez b\u00f6yle bir proje \u0130zmir Valili\u011fi oluru Aile \u00c7al\u0131\u015fma ve Sosyal Politikalar \u0130l M\u00fcd\u00fcrl\u00fc\u011f\u00fcm\u00fcz\u00fcn, koordinat\u00f6rl\u00fc\u011f\u00fcnde ger\u00e7ekle\u015fmi\u015f oldu. Bundan da gurur duyduk\u201d diye konu\u015ftu. Ar\u0131, bu dal\u0131\u015flarda ba\u015far\u0131l\u0131 olan engellilerle dal\u0131\u015f program\u0131na devam edeceklerinin de m\u00fcjdesini vererek, \u201cBu i\u015f uluslararas\u0131 organizasyona kadar da gidebilir. Farkl\u0131 \u00fclkelerdeki engelli bireyleri bir dal\u0131\u015f organizasyonunda bulu\u015fturmay\u0131 dahi d\u00fc\u015f\u00fcn\u00fcyoruz\u201d dedi.<\/p>\n<p>\u201cAma\u00e7 \u00f6zsayg\u0131lar\u0131n\u0131 y\u00fckseltmek\u201d<\/p>\n<p>Bu t\u00fcr sosyal etkinliklerin amac\u0131n\u0131 da anlatan Ar\u0131, \u201cTemel ama\u00e7, engellinin bir bak\u0131m merkezinde bar\u0131nmas\u0131n\u0131 ve yedirilip i\u00e7irilmesini, asgari hayat ko\u015fullar\u0131n\u0131 yerine getirmesini sa\u011flamak de\u011fil. Bir birey oldu\u011funun fark\u0131na varmas\u0131n\u0131 istiyoruz. Benlik sayg\u0131s\u0131n\u0131 biraz y\u00fckseltmek, sosyalle\u015fmesini, spor yapmas\u0131n\u0131 hedefliyoruz. Ama spor yapt\u0131r\u0131rken de i\u015fte farkl\u0131 merkezlerdeki engellilerle bir araya getirerek, kendi ya\u015fad\u0131klar\u0131 ya\u015fam\u0131 ba\u015fkalar\u0131n\u0131nki ile b\u00fct\u00fcnle\u015ftirip, bu d\u00fcnyay\u0131 sadece kendilerinin ya\u015famad\u0131\u011f\u0131n\u0131, ba\u015fkalar\u0131n\u0131n da ayn\u0131 ko\u015fullarla ya\u015fad\u0131\u011f\u0131n\u0131 g\u00f6r\u00fcp, \u2018bak benim gibi hisseden ba\u015fka birileri daha var\u2019 duygusunu ya\u015fatmak ve benlik duygusunu geli\u015ftirmek istiyoruz. Engelli oldu\u011fu i\u00e7in bir yere kapatmak ve hayattan geriye \u00e7ekmek yerine biraz daha ger\u00e7ekten hayat\u0131n i\u00e7erisine \u00e7ekmeyi ama\u00e7l\u0131yoruz\u201d dedi.<\/p>\n","protected":false},"excerpt":{"rendered":"<p>A\u0130LE \u00c7ALI\u015eMA VE SOSYAL POL\u0130T\u0130KALAR \u0130ZM\u0130R \u0130L M\u00dcD\u00dcRL\u00dc\u011e\u00dc \u00d6NC\u00dcL\u00dc\u011e\u00dcNDE 12 \u00d6ZEL VE 1 RESM\u0130 ENGELL\u0130 BAKIM MERKEZ\u0130NDE H\u0130ZMET G\u00d6REN ENGELL\u0130LER, \u00d6ZEL SERT\u0130F\u0130KALI E\u011e\u0130TMENLER E\u015eL\u0130\u011e\u0130NDE DALI\u015e YAPTI VE SU ALTI D\u00dcNYASINI KE\u015eFETMEN\u0130N MUTLULU\u011eUNU YA\u015eADI.<\/p>\n","protected":false},"author":1,"featured_media":202915,"comment_status":"closed","ping_status":"open","sticky":false,"template":"","format":"standard","meta":{"jetpack_post_was_ever_published":false,"_jetpack_newsletter_access":"","_jetpack_dont_email_post_to_subs":false,"_jetpack_newsletter_tier_id":0,"_jetpack_memberships_contains_paywalled_content":false,"_jetpack_memberships_contains_paid_content":false,"footnotes":"","jetpack_publicize_message":"","jetpack_publicize_feature_enabled":true,"jetpack_social_post_already_shared":true,"jetpack_social_options":{"image_generator_settings":{"template":"highway","default_image_id":0,"font":"","enabled":false},"version":2}},"categories":[1],"tags":[14072,4760,15387,19915],"class_list":["post-202914","post","type-post","status-publish","format-standard","has-post-thumbnail","hentry","category-genel","tag-dunyasini","tag-engelliler","tag-kesfetti","tag-sualti"],"jetpack_publicize_connections":[],"jetpack_featured_media_url":"https:\/\/i0.wp.com\/www.tvturk.com\/wp-content\/uploads\/2019\/09\/engelliler-sualti-dunyasini-kesfetti_760a89d.jpg?fit=1000%2C667","jetpack_sharing_enabled":true,"jetpack_shortlink":"https:\/\/wp.me\/paKIfm-QMO","_links":{"self":[{"href":"http:\/\/www.tvturk.com\/index.php\/wp-json\/wp\/v2\/posts\/202914","targetHints":{"allow":["GET"]}}],"collection":[{"href":"http:\/\/www.tvturk.com\/index.php\/wp-json\/wp\/v2\/posts"}],"about":[{"href":"http:\/\/www.tvturk.com\/index.php\/wp-json\/wp\/v2\/types\/post"}],"author":[{"embeddable":true,"href":"http:\/\/www.tvturk.com\/index.php\/wp-json\/wp\/v2\/users\/1"}],"replies":[{"embeddable":true,"href":"http:\/\/www.tvturk.com\/index.php\/wp-json\/wp\/v2\/comments?post=202914"}],"version-history":[{"count":0,"href":"http:\/\/www.tvturk.com\/index.php\/wp-json\/wp\/v2\/posts\/202914\/revisions"}],"wp:featuredmedia":[{"embeddable":true,"href":"http:\/\/www.tvturk.com\/index.php\/wp-json\/wp\/v2\/media\/202915"}],"wp:attachment":[{"href":"http:\/\/www.tvturk.com\/index.php\/wp-json\/wp\/v2\/media?parent=202914"}],"wp:term":[{"taxonomy":"category","embeddable":true,"href":"http:\/\/www.tvturk.com\/index.php\/wp-json\/wp\/v2\/categories?post=202914"},{"taxonomy":"post_tag","embeddable":true,"href":"http:\/\/www.tvturk.com\/index.php\/wp-json\/wp\/v2\/tags?post=202914"}],"curies":[{"name":"wp","href":"https:\/\/api.w.org\/{rel}","templated":true}]}}