{"id":203000,"date":"2019-09-14T13:02:25","date_gmt":"2019-09-14T10:02:25","guid":{"rendered":"http:\/\/www.tvturk.com\/index.php\/beysehirde-bisiklet-festivali-basladi\/"},"modified":"2019-09-14T13:02:25","modified_gmt":"2019-09-14T10:02:25","slug":"beysehirde-bisiklet-festivali-basladi","status":"publish","type":"post","link":"http:\/\/www.tvturk.com\/index.php\/beysehirde-bisiklet-festivali-basladi\/","title":{"rendered":"Bey\u015fehir\u2019de bisiklet festivali ba\u015flad\u0131"},"content":{"rendered":"<p>Konya\u2019n\u0131n Bey\u015fehir il\u00e7esinde bu y\u0131l 7\u2019incisi ger\u00e7ekle\u015ftirilen Geleneksel Bisiklet Festivali ba\u015flad\u0131.<\/p>\n<p>Bey\u015fehir Belediyesi ve Bey\u015fehir K\u00fclt\u00fcr ve Turizm Derne\u011fi Bisiklet Toplulu\u011fu i\u015fbirli\u011fiyle d\u00fczenlenen Konya ile Isparta illerini kapsayan, toplam parkuru 167 kilometrelik mesafeden olu\u015fan Bey\u015fehir G\u00f6l\u00fc Etraf\u0131, Kampl\u0131 Bisiklet Turu\u2019na T\u00fcrkiye\u2019nin kilometrelerce uzakl\u0131ktaki illerinden Bey\u015fehir il\u00e7esine gelen \u00e7ok say\u0131da bisiklet tutkunu kat\u0131l\u0131yor. Bisikletseverlerin pedal \u00e7evirmeye ba\u015flamas\u0131ndan \u00f6nce Vuslat Park\u0131ndaki festival alan\u0131nda d\u00fczenlenen u\u011furlama t\u00f6renine kat\u0131lan Bey\u015fehir Belediye Ba\u015fkan Vekili G\u00fcl\u015fah Bah\u00e7eci, bisiklet festivaline kat\u0131lmak i\u00e7in T\u00fcrkiye\u2019nin d\u00f6rt bir yan\u0131ndan Bey\u015fehir\u2019e gelerek kat\u0131l\u0131m g\u00f6steren bisiklet tutkunlar\u0131na etkinliklere g\u00f6sterdikleri yo\u011fun ilgiden dolay\u0131 te\u015fekk\u00fcr etti. 167 kilometrelik parkur boyunca pedal \u00e7evirecek olan bisikletseverlere tur vesilesiyle Bey\u015fehir G\u00f6l\u00fc ve do\u011fal g\u00fczelliklerinin tad\u0131n\u0131 doyas\u0131ya \u00e7\u0131karma temennisinde bulunan Bah\u00e7eci, \u201cSizlere iyi yolculuklar diliyorum, kazas\u0131z belas\u0131z bir \u015fekilde evlerinize varman\u0131z\u0131 temenni ediyorum. Do\u011fa harikas\u0131 olan, ye\u015fil ile mavinin bulu\u015ftu\u011fu bu g\u00fczel il\u00e7emizde sizlere keyifli s\u00fcr\u00fc\u015f ve iyi e\u011flenceler, ba\u015far\u0131lar diliyorum\u201d dedi.<\/p>\n<p>Bey\u015fehir Bisiklet Toplulu\u011fu Ba\u015fkan\u0131 Mustafa Varol da tur \u00f6ncesi etkinli\u011fe kat\u0131lan bisikletseverlere g\u00fczergah boyunca uymalar\u0131 gereken konularda bilgiler verirken, \u201cFestivalin ilk g\u00fcnk\u00fc g\u00fczergah\u0131n\u0131n parkuru toplam 74 kilometre. B\u00fcy\u00fck \u00e7o\u011funlu\u011fu da g\u00f6l kenar\u0131nda, yani keyifli bir g\u00fczergah. Keyif alabilmek i\u00e7in bir h\u0131z yar\u0131\u015f\u0131na girmemeniz b\u00fcy\u00fck \u00f6nem arz ediyor. \u00c7\u00fcnk\u00fc bu bir g\u00f6l etraf\u0131 gezisi ve yar\u0131\u015f de\u011fil\u201d hat\u0131rlatmas\u0131nda bulundu.<\/p>\n<p>Konu\u015fmalar\u0131n ard\u0131ndan tur i\u00e7in festival meydan\u0131nda g\u00f6steri ama\u00e7l\u0131 \u00fc\u00e7 tur d\u00f6nen bisikletseverler pedal \u00e7evirmeye devam ederek belirtilen g\u00fczergah \u00fczerinden etkinli\u011fi ba\u015flatt\u0131.<\/p>\n<p>G\u00f6rme engelli gen\u00e7 de kat\u0131l\u0131yor<\/p>\n<p>\u00d6te yandan, 167 kilometrelik bisiklet turuna \u0130stanbul\u2019dan tandem bisikletleriyle il\u00e7eye gelen g\u00f6rme engelli 18 ya\u015f\u0131ndaki Murat Can da pedal arkada\u015f\u0131yla birlikte kat\u0131l\u0131yor. G\u00f6rme engelli Can, do\u011fu\u015ftan g\u00f6rme engelli oldu\u011funu belirterek, \u201cTandem bisikletimizle Bey\u015fehir\u2019e geldik pedal arkada\u015f\u0131mla birlikte. Daha \u00f6nce de Ortaca\u2019da d\u00fczenlenen benzer bir festivale kat\u0131lm\u0131\u015ft\u0131m. B\u00f6yle bir festivale kat\u0131l\u0131\u015f\u0131m ikinci kez oluyor ama Bey\u015fehir\u2019e ilk kez geliyorum. 167 kilometrelik parkur i\u00e7in de heyecanl\u0131y\u0131m. Hafta i\u00e7inin stresinden sonra burada g\u00fczel bir iki g\u00fcn ge\u00e7irmeyi umuyorum, in\u015fallah \u00f6yle olur. Engelleri b\u00f6yle bisiklete binerek a\u015ft\u0131\u011f\u0131m\u0131 s\u00f6yleyebilirim\u201d dedi.<\/p>\n<p>G\u00f6rme engelli Can\u2019\u0131n pedal arkada\u015f\u0131 21 ya\u015f\u0131ndaki Hamit Ak\u0131n ise, \u0130stanbul\u2019da bulunan engelsiz pedal derne\u011fi b\u00fcnyesinde g\u00f6rme engellilere bisiklet s\u00fcrmeyi \u00f6\u011fretip daha sonra onlar\u0131 b\u00f6yle uzun turlara \u00e7\u0131kard\u0131klar\u0131n\u0131 belirterek, \u201cBen asl\u0131nda milli sporcuyum, bisiklet\u00e7iyim. 15 y\u0131ld\u0131r bisiklet s\u00fcr\u00fcyorum. Tandemi ise 1,5-2 y\u0131ld\u0131r kullan\u0131yorum ve bu t\u00fcr etkinliklere kat\u0131l\u0131yorum. Tandemin ayr\u0131 bir g\u00fczelli\u011fi var. Arkan\u0131zda birisini ta\u015f\u0131yorsunuz ve g\u00f6rme engelli birisini ta\u015f\u0131mak b\u00fcy\u00fck bir sorumluluk ama keyifli ge\u00e7iyor. Buras\u0131 bizim i\u00e7in g\u00fczel oldu, normalde b\u00f6yle bir plan\u0131m\u0131z yoktu ani bir kararla Murat\u2019la yola \u00e7\u0131karak \u0130stanbul\u2019dan geldik. \u0130yi ki de gelmi\u015fiz\u201d diye konu\u015ftu.<\/p>\n<p>Bisikletseverleri u\u011furlama t\u00f6renine Bey\u015fehir Belediye Ba\u015fkan Yard\u0131mc\u0131s\u0131 Zeki A\u011fmaz, Bey\u015fehir K\u00fct\u00fcphane M\u00fcd\u00fcr\u00fc Kemal Ye\u015filyurt ve \u00e7ok say\u0131da bisiklet tutkunu ve vatanda\u015flar kat\u0131ld\u0131.<\/p>\n","protected":false},"excerpt":{"rendered":"<p>KONYA\u2019NIN BEY\u015eEH\u0130R \u0130L\u00c7ES\u0130NDE BU YIL 7\u2019\u0130NC\u0130S\u0130 GER\u00c7EKLE\u015eT\u0130R\u0130LEN \u0130K\u0130 G\u00dcN S\u00dcREL\u0130 GELENEKSEL B\u0130S\u0130KLET FEST\u0130VAL\u0130 BA\u015eLADI.<\/p>\n","protected":false},"author":1,"featured_media":203001,"comment_status":"closed","ping_status":"open","sticky":false,"template":"","format":"standard","meta":{"jetpack_post_was_ever_published":false,"_jetpack_newsletter_access":"","_jetpack_dont_email_post_to_subs":false,"_jetpack_newsletter_tier_id":0,"_jetpack_memberships_contains_paywalled_content":false,"_jetpack_memberships_contains_paid_content":false,"footnotes":"","jetpack_publicize_message":"","jetpack_publicize_feature_enabled":true,"jetpack_social_post_already_shared":true,"jetpack_social_options":{"image_generator_settings":{"template":"highway","default_image_id":0,"font":"","enabled":false},"version":2}},"categories":[657],"tags":[55,3975,449,3400],"class_list":["post-203000","post","type-post","status-publish","format-standard","has-post-thumbnail","hentry","category-spor","tag-basladi","tag-beysehirde","tag-bisiklet","tag-festivali"],"jetpack_publicize_connections":[],"jetpack_featured_media_url":"https:\/\/i0.wp.com\/www.tvturk.com\/wp-content\/uploads\/2019\/09\/beysehirde-bisiklet-festivali-basladi_267dad0.jpg?fit=1000%2C611","jetpack_sharing_enabled":true,"jetpack_shortlink":"https:\/\/wp.me\/paKIfm-QOc","_links":{"self":[{"href":"http:\/\/www.tvturk.com\/index.php\/wp-json\/wp\/v2\/posts\/203000","targetHints":{"allow":["GET"]}}],"collection":[{"href":"http:\/\/www.tvturk.com\/index.php\/wp-json\/wp\/v2\/posts"}],"about":[{"href":"http:\/\/www.tvturk.com\/index.php\/wp-json\/wp\/v2\/types\/post"}],"author":[{"embeddable":true,"href":"http:\/\/www.tvturk.com\/index.php\/wp-json\/wp\/v2\/users\/1"}],"replies":[{"embeddable":true,"href":"http:\/\/www.tvturk.com\/index.php\/wp-json\/wp\/v2\/comments?post=203000"}],"version-history":[{"count":0,"href":"http:\/\/www.tvturk.com\/index.php\/wp-json\/wp\/v2\/posts\/203000\/revisions"}],"wp:featuredmedia":[{"embeddable":true,"href":"http:\/\/www.tvturk.com\/index.php\/wp-json\/wp\/v2\/media\/203001"}],"wp:attachment":[{"href":"http:\/\/www.tvturk.com\/index.php\/wp-json\/wp\/v2\/media?parent=203000"}],"wp:term":[{"taxonomy":"category","embeddable":true,"href":"http:\/\/www.tvturk.com\/index.php\/wp-json\/wp\/v2\/categories?post=203000"},{"taxonomy":"post_tag","embeddable":true,"href":"http:\/\/www.tvturk.com\/index.php\/wp-json\/wp\/v2\/tags?post=203000"}],"curies":[{"name":"wp","href":"https:\/\/api.w.org\/{rel}","templated":true}]}}