{"id":203002,"date":"2019-09-14T13:16:31","date_gmt":"2019-09-14T10:16:31","guid":{"rendered":"http:\/\/www.tvturk.com\/index.php\/vali-aktas-koylerimizde-de-zarar-goren-binalarimiz-oldu-ama-herhangi-binamizda-herhangi-bir-hasar-soz-konusu-degil\/"},"modified":"2019-09-14T13:16:31","modified_gmt":"2019-09-14T10:16:31","slug":"vali-aktas-koylerimizde-de-zarar-goren-binalarimiz-oldu-ama-herhangi-binamizda-herhangi-bir-hasar-soz-konusu-degil","status":"publish","type":"post","link":"http:\/\/www.tvturk.com\/index.php\/vali-aktas-koylerimizde-de-zarar-goren-binalarimiz-oldu-ama-herhangi-binamizda-herhangi-bir-hasar-soz-konusu-degil\/","title":{"rendered":"Vali Akta\u015f: &#8220;K\u00f6ylerimizde de zarar g\u00f6ren binalar\u0131m\u0131z oldu ama herhangi binam\u0131zda herhangi bir hasar s\u00f6z konusu de\u011fil&#8221;"},"content":{"rendered":"<p>\u00c7ank\u0131r\u0131\u2019da meydana gelen depremle ilgili a\u00e7\u0131klamalarda bulunan \u00c7ank\u0131r\u0131 Valisi Hamdi Bilge Akta\u015f, &#8220;K\u00f6ylerimizde zarar g\u00f6ren binalar\u0131m\u0131z oldu ama herhangi binam\u0131zda herhangi bir hasar s\u00f6z konusu de\u011fil&#8221; dedi.<\/p>\n<p>\u00c7ank\u0131r\u0131 \u00c7erke\u015f il\u00e7esi Hac\u0131lar k\u00f6y\u00fc merkezli meydana gelen depremde il\u00e7e merkezinde de hissedildi. \u0130l\u00e7e merkezinde bulunan baz\u0131 binalarda \u00e7atlamalar meydana gelirken can kayb\u0131 ve herhangi bir y\u0131k\u0131lma meydana gelmedi.<\/p>\n<p>\u00c7ank\u0131r\u0131 Valisi Hamdi Bilge Akta\u015f konuya ili\u015fkin yapt\u0131\u011f\u0131 a\u00e7\u0131klamada, &#8220;9\u2019u hen\u00fcz ge\u00e7iyordu bende o s\u0131rada ara\u00e7la yolda oldu\u011fumdan dolay\u0131 hissetmedim. Ilgaz\u2019da hafif\u00e7e yans\u0131mas\u0131 olmu\u015f. Kuzey Anadolu fay hatt\u0131n\u0131n uzant\u0131s\u0131 olan ve il\u00e7emizde ge\u00e7en hat \u00fczerinde \u00c7erke\u015f\u2019in bir k\u00f6y\u00fcn\u00fcn merkezi oldu\u011fu  bir sars\u0131nt\u0131 ger\u00e7ekle\u015fti. Tabii bu sars\u0131nt\u0131n\u0131n boyutu insanlara zarar verecek bir b\u00fcy\u00fckl\u00fckte de\u011fil. 4,7- 4,8 T\u00fcrkiye \u015fartlar\u0131nda 6.0 \u015fiddetinin alt\u0131nda tehlike uyand\u0131racak bir sars\u0131nt\u0131 olmad\u0131\u011f\u0131n\u0131 d\u00fc\u015f\u00fcn\u00fcyoruz. Bunlar uzmanlar\u0131m\u0131z\u0131n g\u00f6r\u00fc\u015fleri. 6,0\u2019da asl\u0131nda deprem y\u00f6netmeli\u011fine g\u00f6re herhangi bir zarar olu\u015fmaz. Ama binalar\u0131m\u0131z bir \u00e7o\u011fu deprem y\u00f6netmeli\u011finden \u00f6nce yap\u0131ld\u0131\u011f\u0131ndan dolay\u0131 k\u00f6ylerimizde derme \u00e7atma yap\u0131lan bir\u00e7ok binalar\u0131m\u0131z oldu\u011fu i\u00e7in bunlar 4,7\u2019de dahi zarar g\u00f6rebilmektedir. K\u00f6ylerimizde de zarar g\u00f6ren binalar\u0131m\u0131z oldu ama herhangi binam\u0131zda herhangi bir hasar s\u00f6z konusu de\u011fil. Bu t\u00fcr sars\u0131nt\u0131lar T\u00fcrkiye\u2019miz genel olarak deprem ku\u015fa\u011f\u0131n\u0131n fazla oldu\u011fu bir \u00fclke onun i\u00e7in zaman zaman ya\u015f\u0131yoruz. \u0130limizde de sars\u0131nt\u0131lar oluyor. Halk\u0131m\u0131zdan da herhangi bir \u015fekilde panik olmamas\u0131 g\u00fcnl\u00fck hayatlar\u0131na devam etmelerini rica ediyorum&#8221; ifadelerine yer verdi.<\/p>\n<p>\u00c7erke\u015f Belediye Ba\u015fkan\u0131 Hasan Sopac\u0131 ise &#8220;Saat 9 sular\u0131yd\u0131. Sallanmaya ba\u015flad\u0131k. Ne oldu\u011funu anlamad\u0131k. Yakla\u015f\u0131k 10 saniye s\u00fcrd\u00fc. Daha sonra 3 dakika sonra tekrar sallamaya ba\u015flad\u0131k. Sakin bir \u015fekilde evimizden \u00e7\u0131kt\u0131k. Belediyeye gelerek kriz masas\u0131 olu\u015fturduk. T\u00fcm \u00c7erke\u015f\u2019i kontrol ettik. Zab\u0131talar tek tek gezdiler. Vatanda\u015flardan gelen ihbarlar\u0131 de\u011ferlendirdik. K\u00f6ylerimizi telefonla irtibat haline ge\u00e7tik. Vatanda\u015flar\u0131m\u0131z\u0131n panik hali s\u00fck\u00fcnete d\u00f6n\u00fc\u015ft\u00fc. \u0130nsanlar d\u0131\u015far\u0131da baya bir panikledi. \u015eu an vatanda\u015flar\u0131m\u0131z evlerine d\u00f6nd\u00fcler. \u0130l\u00e7emizde herhangi bir yaralanma s\u00f6z konusu de\u011fil. Ufak tefek hasarlar var. metruk evlerde baca y\u0131k\u0131lmas\u0131, s\u0131va d\u00f6k\u00fclmeleri gibi hasarlar var. belediye ile alakal\u0131 su hatlar\u0131m\u0131zda patlaklar meydana geldi\u011fini biliyoruz. Bunlar\u0131n da tamirat\u0131n\u0131 en k\u0131sa s\u00fcrede tamamlayaca\u011f\u0131z. \u0130l\u00e7emizde su ve elektrik kesintisi gibi ciddi olumsuzluklar tespit edilmedi. Vatanda\u015flar\u0131m\u0131z normal ya\u015fant\u0131lar\u0131na devam ediyor. Kriz masas\u0131nda vatanda\u015flar\u0131m\u0131z\u0131n huzuru i\u00e7in \u00e7al\u0131\u015fmaya devam ediyoruz. Allah b\u00f6yle k\u00f6t\u00fc depremler ya\u015fatmas\u0131n. \u00c7erke\u015f kuzey Anadolu fay hatt\u0131 \u00fczerinde. Tam ortas\u0131ndan ge\u00e7iyor \u00c7erke\u015f\u2019in. 1944\u2019de b\u00fcy\u00fck bir deprem tecr\u00fcbemiz var. 7,2 gibi bir depremde \u00c7erke\u015f\u2019in bir\u00e7ok ya\u015fam alan\u0131 binalar\u0131 yerle bir olmu\u015ftu. Ciddi \u00f6l\u00fcmler olmu\u015ftu. Allah\u2019\u0131m b\u00f6yle k\u00f6t\u00fc g\u00fcnleri il\u00e7emize bir daha ya\u015fatmas\u0131n&#8221; dedi.<\/p>\n<p>\u0130l\u00e7e sakinlerinden Mehmet Ku\u015f ise &#8220;Depremde evdeydim korktum. \u00c7ocuklar\u0131ma k\u00f6\u015felerde kal\u0131n korkmay\u0131n dedim ikinci bir deprem daha oldu d\u0131\u015far\u0131 \u00e7\u0131kmad\u0131k&#8221; \u015feklinde konu\u015ftu.<\/p>\n","protected":false},"excerpt":{"rendered":"<p>ANKIRI \u00c7ERKE\u015e \u0130L\u00c7ES\u0130 HACILAR K\u00d6Y\u00dc MERKEZL\u0130 MEYDANA GELEN DEPREMDE \u0130L\u00c7E MERKEZ\u0130NDE DE H\u0130SSED\u0130LD\u0130. \u0130L\u00c7E MERKEZ\u0130NDE BULUNAN BAZI B\u0130NALARDA \u00c7ATLAMALAR MEYDANA GEL\u0130RKEN CAN KAYBI VE HERHANG\u0130 B\u0130R YIKILMA MEYDANA GELMED\u0130.<\/p>\n","protected":false},"author":1,"featured_media":203003,"comment_status":"closed","ping_status":"open","sticky":false,"template":"","format":"standard","meta":{"jetpack_post_was_ever_published":false,"_jetpack_newsletter_access":"","_jetpack_dont_email_post_to_subs":false,"_jetpack_newsletter_tier_id":0,"_jetpack_memberships_contains_paywalled_content":false,"_jetpack_memberships_contains_paid_content":false,"footnotes":"","jetpack_publicize_message":"","jetpack_publicize_feature_enabled":true,"jetpack_social_post_already_shared":true,"jetpack_social_options":{"image_generator_settings":{"template":"highway","default_image_id":0,"font":"","enabled":false},"version":2}},"categories":[1],"tags":[51204,2369,5120,51205,51206,125,2039,5493,11009,17822,4660,77,1106,148,900],"class_list":["post-203002","post","type-post","status-publish","format-standard","has-post-thumbnail","hentry","category-genel","tag-koylerimizde","tag-aktas","tag-ama","tag-binalarimiz","tag-binamizda","tag-bir","tag-degil","tag-goren","tag-hasar","tag-herhangi","tag-konusu","tag-oldu","tag-soz","tag-vali","tag-zarar"],"jetpack_publicize_connections":[],"jetpack_featured_media_url":"https:\/\/i0.wp.com\/www.tvturk.com\/wp-content\/uploads\/2019\/09\/vali-aktas-koylerimizde-de-zarar-goren-binalarimiz-oldu-ama-herhangi-binamizda-herhangi-bir-hasar-soz-konusu-degil_9b036f6.jpg?fit=1000%2C666","jetpack_sharing_enabled":true,"jetpack_shortlink":"https:\/\/wp.me\/paKIfm-QOe","_links":{"self":[{"href":"http:\/\/www.tvturk.com\/index.php\/wp-json\/wp\/v2\/posts\/203002","targetHints":{"allow":["GET"]}}],"collection":[{"href":"http:\/\/www.tvturk.com\/index.php\/wp-json\/wp\/v2\/posts"}],"about":[{"href":"http:\/\/www.tvturk.com\/index.php\/wp-json\/wp\/v2\/types\/post"}],"author":[{"embeddable":true,"href":"http:\/\/www.tvturk.com\/index.php\/wp-json\/wp\/v2\/users\/1"}],"replies":[{"embeddable":true,"href":"http:\/\/www.tvturk.com\/index.php\/wp-json\/wp\/v2\/comments?post=203002"}],"version-history":[{"count":0,"href":"http:\/\/www.tvturk.com\/index.php\/wp-json\/wp\/v2\/posts\/203002\/revisions"}],"wp:featuredmedia":[{"embeddable":true,"href":"http:\/\/www.tvturk.com\/index.php\/wp-json\/wp\/v2\/media\/203003"}],"wp:attachment":[{"href":"http:\/\/www.tvturk.com\/index.php\/wp-json\/wp\/v2\/media?parent=203002"}],"wp:term":[{"taxonomy":"category","embeddable":true,"href":"http:\/\/www.tvturk.com\/index.php\/wp-json\/wp\/v2\/categories?post=203002"},{"taxonomy":"post_tag","embeddable":true,"href":"http:\/\/www.tvturk.com\/index.php\/wp-json\/wp\/v2\/tags?post=203002"}],"curies":[{"name":"wp","href":"https:\/\/api.w.org\/{rel}","templated":true}]}}