{"id":203018,"date":"2019-09-14T13:46:45","date_gmt":"2019-09-14T10:46:45","guid":{"rendered":"http:\/\/www.tvturk.com\/index.php\/ahi-esnafi-davullu-zurnali-kutlamalara-davet-edildi\/"},"modified":"2019-09-14T13:46:45","modified_gmt":"2019-09-14T10:46:45","slug":"ahi-esnafi-davullu-zurnali-kutlamalara-davet-edildi","status":"publish","type":"post","link":"http:\/\/www.tvturk.com\/index.php\/ahi-esnafi-davullu-zurnali-kutlamalara-davet-edildi\/","title":{"rendered":"Ahi Esnaf\u0131, davullu zurnal\u0131 kutlamalara davet edildi"},"content":{"rendered":"<p>KIR\u015eEH\u0130R (\u0130HA) \u2013 K\u0131r\u015fehir\u2019de Pazartesi g\u00fcn\u00fc ba\u015flayacak Ahilik Haftas\u0131 \u00f6ncesinde Esnaf Odalar\u0131 Birli\u011fi, vatanda\u015flar\u0131 davul ve zurnayla kutlamalara davet etti.<\/p>\n<p>Esnaf Odalar\u0131 Birli\u011fi \u00f6n\u00fcne esnaf temsilcilerini simgeleyen kaftanlar\u0131 ve c\u00fcbbeleri giyerek \u00e7\u0131kan birlik temsilcileri, esnaf\u0131 ziyaret ederek kutlama davetinde bulunup T\u00fcrk Bayra\u011f\u0131 ve ahi helvas\u0131 ikram etti. Esnaf Odalar\u0131 Birlik Ba\u015fkan\u0131 Bahamettin \u00d6zt\u00fcrk, Ahili\u011fin K\u0131r\u015fehir\u2019de ya\u015fayan herkesin meselesi oldu\u011funu s\u00f6yledi. \u00d6zt\u00fcrk, &#8220;Esnaflar\u0131m\u0131z\u0131 Ahilik Bayram\u0131 Kutlamalar\u0131na davet ediyoruz. T\u00fcrkiye genelinde Pazartesi g\u00fcn\u00fcnden itibaren Ahilik kutlanacak. Ahili\u011fin ba\u015fkenti K\u0131r\u015fehir oldu\u011fu i\u00e7in etkinliklerin de merkezi \u015fehrimiz olacak. Esnaflar\u0131m\u0131z \u015fehir d\u0131\u015f\u0131ndan gelen misafirlere yeni \u00fcr\u00fcnlerinde y\u00fcz 10 ve 20 oran\u0131nda indirim yaps\u0131n. Ahili\u011fin bayram oldu\u011funu herkes duysun ve bilsin\u201d dedi.<\/p>\n<p>Esnaf\u0131n zor durumlarda ya\u015fad\u0131\u011f\u0131n\u0131 anlatan \u00d6zt\u00fcrk, &#8220;Esnaf tabi zor durumlar ya\u015f\u0131yor. \u00dcz\u00fcnt\u00fcl\u00fc g\u00fcnlerimiz oluyor ama Ahilik\u2019te sevin\u00e7li g\u00fcn\u00fcm\u00fcz. Herkesin bu nedenle birlik ve beraberlik i\u00e7erisinde olmas\u0131 laz\u0131m, esnaf\u0131m\u0131z bayram\u0131na sahip \u00e7\u0131kmal\u0131 bu benim meselem de\u011fil, belediyenin, vali\u2019nin di\u011ferinin de meselesi de\u011fil. Ahilik, K\u0131r\u015fehir halk\u0131n\u0131n meselesi, daha duyarl\u0131 olarak herkes bir hafta boyunca dolu dolu ge\u00e7ecek bu bayrama sahip \u00e7\u0131kmal\u0131&#8221; diye konu\u015ftu.<\/p>\n","protected":false},"excerpt":{"rendered":"<p>KIR\u015eEH\u0130R MERKEZL\u0130 PAZARTES\u0130 G\u00dcN\u00dc BA\u015eLAYACAK AH\u0130L\u0130K HAFTASI KUTLAMALARINA ESNAF ODALARI B\u0130RL\u0130\u011e\u0130 Y\u00d6NET\u0130C\u0130LER\u0130, AH\u0130 ESNAFINA DAVULLU ZURNALI DAVETTE BULUNDU.<\/p>\n","protected":false},"author":1,"featured_media":203019,"comment_status":"closed","ping_status":"open","sticky":false,"template":"","format":"standard","meta":{"jetpack_post_was_ever_published":false,"_jetpack_newsletter_access":"","_jetpack_dont_email_post_to_subs":false,"_jetpack_newsletter_tier_id":0,"_jetpack_memberships_contains_paywalled_content":false,"_jetpack_memberships_contains_paid_content":false,"footnotes":"","jetpack_publicize_message":"","jetpack_publicize_feature_enabled":true,"jetpack_social_post_already_shared":true,"jetpack_social_options":{"image_generator_settings":{"template":"highway","default_image_id":0,"font":"","enabled":false},"version":2}},"categories":[1],"tags":[14244,3008,1672,857,443,8306,1673],"class_list":["post-203018","post","type-post","status-publish","format-standard","has-post-thumbnail","hentry","category-genel","tag-ahi","tag-davet","tag-davullu","tag-edildi","tag-esnafi","tag-kutlamalara","tag-zurnali"],"jetpack_publicize_connections":[],"jetpack_featured_media_url":"https:\/\/i0.wp.com\/www.tvturk.com\/wp-content\/uploads\/2019\/09\/ahi-esnafi-davullu-zurnali-kutlamalara-davet-edildi_7d9b6f0.jpg?fit=1000%2C666","jetpack_sharing_enabled":true,"jetpack_shortlink":"https:\/\/wp.me\/paKIfm-QOu","_links":{"self":[{"href":"http:\/\/www.tvturk.com\/index.php\/wp-json\/wp\/v2\/posts\/203018","targetHints":{"allow":["GET"]}}],"collection":[{"href":"http:\/\/www.tvturk.com\/index.php\/wp-json\/wp\/v2\/posts"}],"about":[{"href":"http:\/\/www.tvturk.com\/index.php\/wp-json\/wp\/v2\/types\/post"}],"author":[{"embeddable":true,"href":"http:\/\/www.tvturk.com\/index.php\/wp-json\/wp\/v2\/users\/1"}],"replies":[{"embeddable":true,"href":"http:\/\/www.tvturk.com\/index.php\/wp-json\/wp\/v2\/comments?post=203018"}],"version-history":[{"count":0,"href":"http:\/\/www.tvturk.com\/index.php\/wp-json\/wp\/v2\/posts\/203018\/revisions"}],"wp:featuredmedia":[{"embeddable":true,"href":"http:\/\/www.tvturk.com\/index.php\/wp-json\/wp\/v2\/media\/203019"}],"wp:attachment":[{"href":"http:\/\/www.tvturk.com\/index.php\/wp-json\/wp\/v2\/media?parent=203018"}],"wp:term":[{"taxonomy":"category","embeddable":true,"href":"http:\/\/www.tvturk.com\/index.php\/wp-json\/wp\/v2\/categories?post=203018"},{"taxonomy":"post_tag","embeddable":true,"href":"http:\/\/www.tvturk.com\/index.php\/wp-json\/wp\/v2\/tags?post=203018"}],"curies":[{"name":"wp","href":"https:\/\/api.w.org\/{rel}","templated":true}]}}