{"id":203020,"date":"2019-09-14T14:01:59","date_gmt":"2019-09-14T11:01:59","guid":{"rendered":"http:\/\/www.tvturk.com\/index.php\/tbb-baskani-feyzioglu-yargi-reformu-strateji-belgesinin-cikmasi-konusunda-umutluyuz\/"},"modified":"2019-09-14T14:01:59","modified_gmt":"2019-09-14T11:01:59","slug":"tbb-baskani-feyzioglu-yargi-reformu-strateji-belgesinin-cikmasi-konusunda-umutluyuz","status":"publish","type":"post","link":"http:\/\/www.tvturk.com\/index.php\/tbb-baskani-feyzioglu-yargi-reformu-strateji-belgesinin-cikmasi-konusunda-umutluyuz\/","title":{"rendered":"TBB Ba\u015fkan\u0131 Feyzio\u011flu: \u201cYarg\u0131 Reformu Strateji Belgesinin \u00e7\u0131kmas\u0131 konusunda umutluyuz\u201d"},"content":{"rendered":"<p>\u0130\u00e7 Anadolu Geni\u015fletilmi\u015f Baro Ba\u015fkanlar\u0131 toplant\u0131s\u0131nda konu\u015fan T\u00fcrkiye Barolar Birli\u011fi Ba\u015fkan\u0131 Metin Feyzio\u011flu, Yarg\u0131 Reformu Strateji Belgesinin \u00e7\u0131kmas\u0131 i\u00e7in ellerinden gelen her \u015feyi yapt\u0131klar\u0131n\u0131 belirterek \u00e7\u0131kmas\u0131 konusunda umutlu olduklar\u0131n\u0131 s\u00f6yledi.<\/p>\n<p>\u00dc\u00e7\u00fcnc\u00fcs\u00fc d\u00fczenlenen \u0130\u00e7 Anadolu Geni\u015fletilmi\u015f Baro Ba\u015fkanlar\u0131 toplant\u0131s\u0131na kat\u0131lmak i\u00e7in bir\u00e7ok ilin baro ba\u015fkan\u0131 Sivas\u2019ta bir araya geldi. Toplant\u0131 \u00f6ncesi kent meydan\u0131nda bulunan Atat\u00fcrk An\u0131t\u0131\u2019na \u00e7elenk sunumu yap\u0131ld\u0131. Toplant\u0131 bir otelin konferans salonunda ger\u00e7ekle\u015ftirildi.<\/p>\n<p>Toplant\u0131 \u00f6ncesi bas\u0131n mensuplar\u0131na a\u00e7\u0131klamalarda bulunan TBB Ba\u015fkan\u0131 Metin Feyzio\u011flu, \u201cBarolar\u0131m\u0131z\u0131n \u00e7ok b\u00fcy\u00fck \u00e7o\u011funlu\u011fu g\u00fcndemimizdeki Yarg\u0131 Reformu Strateji Belgesine tam destek vermektedir. Barolar\u0131m\u0131z\u0131n pek \u00e7o\u011funlu\u011fu bu belgenin kanunla\u015fmas\u0131 i\u00e7in elinden geleni yapmaktad\u0131r. Ekim ay\u0131nda in\u015fallah meclisimizin ilk g\u00fcndem maddesi olarak masaya gelecektir ve sadece biz avukatlar\u0131n da\u011flar kadar birikmi\u015f sorunlar\u0131n\u0131 \u00e7\u00f6zmek ile kalmayacak, vatanda\u015flar\u0131m\u0131z\u0131n adliyelerden beklentilerini de b\u00fcy\u00fck \u00f6l\u00e7\u00fcde \u00e7\u00f6zmeye ba\u015flayacakt\u0131r. Elbette t\u00fcm sorunlar\u0131n bir g\u00fcnde, bir kanun ile, bir paket ile \u00e7\u00f6z\u00fclmesinin beklemeyelim ama \u00f6nemli olan ilk ad\u0131m\u0131 atmakt\u0131r. Uzaya da gidecek olsan\u0131z ilk ad\u0131m\u0131 at\u0131p kald\u0131r\u0131ma ayak basmak zorundas\u0131n\u0131z. Soka\u011fa \u00e7\u0131kmak zorundas\u0131n\u0131z. \u015eu halde birileri umutsuzluk yaymaya \u00e7al\u0131\u015fsa da, birileri olmaz niyet yok, iyi niyet yok yap\u0131lmaz demeye \u00e7al\u0131\u015fsa da biz barolar\u0131m\u0131z\u0131n \u00e7ok b\u00fcy\u00fck \u00e7o\u011funlu\u011fu ve emin olunuz avukatlar\u0131m\u0131z\u0131n ezici \u00e7o\u011funlu\u011fu ile bu belgenin \u00e7\u0131kmas\u0131 i\u00e7in elimizden gelen her \u015feyi yap\u0131yoruz ve umutluyuz. Verilen en \u00fcst d\u00fczeyden s\u00f6z\u00fcn gere\u011finin yerine getirilece\u011fine inan\u0131yoruz&#8221; dedi.<\/p>\n","protected":false},"excerpt":{"rendered":"<p>\u0130\u00c7 ANADOLU GEN\u0130\u015eLET\u0130LM\u0130\u015e BARO BA\u015eKANLARI TOPLANTISINDA KONU\u015eAN T\u00dcRK\u0130YE BAROLAR B\u0130RL\u0130\u011e\u0130 BA\u015eKANI MET\u0130N FEYZ\u0130O\u011eLU, YARGI REFORMU STRATEJ\u0130 BELGES\u0130N\u0130N \u00c7IKMASI \u0130\u00c7\u0130N ELLER\u0130NDEN GELEN HER \u015eEY\u0130 YAPTIKLARINI BEL\u0130RTEREK \u00c7IKMASI KONUSUNDA UMUTLU OLDUKLARINI S\u00d6YLED\u0130.<\/p>\n","protected":false},"author":1,"featured_media":203021,"comment_status":"closed","ping_status":"open","sticky":false,"template":"","format":"standard","meta":{"jetpack_post_was_ever_published":false,"_jetpack_newsletter_access":"","_jetpack_dont_email_post_to_subs":false,"_jetpack_newsletter_tier_id":0,"_jetpack_memberships_contains_paywalled_content":false,"_jetpack_memberships_contains_paid_content":false,"footnotes":"","jetpack_publicize_message":"","jetpack_publicize_feature_enabled":true,"jetpack_social_post_already_shared":true,"jetpack_social_options":{"image_generator_settings":{"template":"highway","default_image_id":0,"font":"","enabled":false},"version":2}},"categories":[1],"tags":[216,51209,25429,10940,272,38930,302,7744,16911,1901],"class_list":["post-203020","post","type-post","status-publish","format-standard","has-post-thumbnail","hentry","category-genel","tag-baskani","tag-belgesinin","tag-cikmasi","tag-feyzioglu","tag-konusunda","tag-reformu","tag-strateji","tag-tbb","tag-umutluyuz","tag-yargi"],"jetpack_publicize_connections":[],"jetpack_featured_media_url":"https:\/\/i0.wp.com\/www.tvturk.com\/wp-content\/uploads\/2019\/09\/tbb-baskani-feyzioglu-yargi-reformu-strateji-belgesinin-cikmasi-konusunda-umutluyuz_9ba1151.jpg?fit=1000%2C666","jetpack_sharing_enabled":true,"jetpack_shortlink":"https:\/\/wp.me\/paKIfm-QOw","_links":{"self":[{"href":"http:\/\/www.tvturk.com\/index.php\/wp-json\/wp\/v2\/posts\/203020","targetHints":{"allow":["GET"]}}],"collection":[{"href":"http:\/\/www.tvturk.com\/index.php\/wp-json\/wp\/v2\/posts"}],"about":[{"href":"http:\/\/www.tvturk.com\/index.php\/wp-json\/wp\/v2\/types\/post"}],"author":[{"embeddable":true,"href":"http:\/\/www.tvturk.com\/index.php\/wp-json\/wp\/v2\/users\/1"}],"replies":[{"embeddable":true,"href":"http:\/\/www.tvturk.com\/index.php\/wp-json\/wp\/v2\/comments?post=203020"}],"version-history":[{"count":0,"href":"http:\/\/www.tvturk.com\/index.php\/wp-json\/wp\/v2\/posts\/203020\/revisions"}],"wp:featuredmedia":[{"embeddable":true,"href":"http:\/\/www.tvturk.com\/index.php\/wp-json\/wp\/v2\/media\/203021"}],"wp:attachment":[{"href":"http:\/\/www.tvturk.com\/index.php\/wp-json\/wp\/v2\/media?parent=203020"}],"wp:term":[{"taxonomy":"category","embeddable":true,"href":"http:\/\/www.tvturk.com\/index.php\/wp-json\/wp\/v2\/categories?post=203020"},{"taxonomy":"post_tag","embeddable":true,"href":"http:\/\/www.tvturk.com\/index.php\/wp-json\/wp\/v2\/tags?post=203020"}],"curies":[{"name":"wp","href":"https:\/\/api.w.org\/{rel}","templated":true}]}}