{"id":203032,"date":"2019-09-14T14:31:58","date_gmt":"2019-09-14T11:31:58","guid":{"rendered":"http:\/\/www.tvturk.com\/index.php\/yarali-ibibik-kusu-tedavi-altina-alindi\/"},"modified":"2019-09-14T14:31:58","modified_gmt":"2019-09-14T11:31:58","slug":"yarali-ibibik-kusu-tedavi-altina-alindi","status":"publish","type":"post","link":"http:\/\/www.tvturk.com\/index.php\/yarali-ibibik-kusu-tedavi-altina-alindi\/","title":{"rendered":"Yaral\u0131 ibibik ku\u015fu tedavi alt\u0131na al\u0131nd\u0131"},"content":{"rendered":"<p>Bal\u0131kesir\u2019in Edremit il\u00e7esinde vatanda\u015flarca yaral\u0131 olarak bulunan ibibik ku\u015fu (H\u00fcdh\u00fcd), Kazda\u011flar\u0131 Milli Parklar \u015eefli\u011fi taraf\u0131ndan tedavi edilmek \u00fczere teslim al\u0131nd\u0131.<\/p>\n<p>Kazda\u011flar\u0131 Milli Parklar \u015eefli\u011finden edinilen bilgiye g\u00f6re, Edremit il\u00e7esinde vatanda\u015flar\u0131n buldu\u011fu ve kanad\u0131 k\u0131r\u0131k oldu\u011fu tespit edilen ku\u015f, veteriner hekimler taraf\u0131ndan tedaviye al\u0131nd\u0131. H\u00fcdh\u00fcd Ku\u015fu, tedavisinin tamamlanmas\u0131n\u0131n ard\u0131ndan do\u011fal ortam\u0131na tekrar b\u0131rak\u0131lmas\u0131 planlan\u0131yor.<\/p>\n<p>\u0130bibik (H\u00fcdh\u00fcd) ku\u015fu hakk\u0131nda:<\/p>\n<p>&#8220;S\u0131ra d\u0131\u015f\u0131 g\u00f6r\u00fcn\u00fcm\u00fc nedeni ile bir\u00e7ok k\u00fclt\u00fcr\u00fcn yaz\u0131tlar\u0131nda rastlan\u0131l\u0131r. Antik Yunan\u2019da ku\u015flar\u0131n kral\u0131 olarak kaleme al\u0131nm\u0131\u015ft\u0131r. 2008\u2019de \u0130srail\u2019in ulusal ku\u015fu unvan\u0131n\u0131 kazanm\u0131\u015ft\u0131r. Estonya gelene\u011finde \u00f6t\u00fc\u015f\u00fc \u00f6l\u00fcmden sonra ile ili\u015fkilendirilir ve bir ki\u015finin \u00f6lece\u011fine i\u015faret eder. Pers \u0130mparatorlu\u011fu\u2019nda erdemin simgesidir. Simurg\u2019u (Z\u00fcmr\u00fcd-\u00fc Anka) ku\u015flar\u0131n kral\u0131 olarak g\u00f6steren ku\u015ftur. M\u00fcrg-i S\u00fcleyman ad\u0131 ile bilinen h\u00fcdh\u00fcd, Kur\u2019an-\u0131 Kerim\u2019de kendisine ku\u015f dilinin \u00f6\u011fretildi\u011fi bilinen Hz. S\u00fcleyman peygambere Saba Melikesi Belk\u0131s hakk\u0131nda haber getirir ve Hz. S\u00fcleyman\u2019\u0131n ir\u015fad mektubunu Belk\u0131s\u2019a ula\u015ft\u0131ran ku\u015f olarak bilinir.&#8221;<\/p>\n","protected":false},"excerpt":{"rendered":"<p>BALIKES\u0130R\u2019\u0130N EDREM\u0130T \u0130L\u00c7ES\u0130NDE VATANDA\u015eLAR TARAFINDAN YARALI OLARAK BULUNAN \u0130B\u0130B\u0130K KU\u015eU (H\u00dcDH\u00dcD), KAZDA\u011eLARI M\u0130LL\u0130 PARKLAR \u015eEFL\u0130\u011e\u0130 TARAFINDAN TEDAV\u0130 ED\u0130LMEK \u00dcZERE TESL\u0130M ALINDI.<\/p>\n","protected":false},"author":1,"featured_media":203033,"comment_status":"closed","ping_status":"open","sticky":false,"template":"","format":"standard","meta":{"jetpack_post_was_ever_published":false,"_jetpack_newsletter_access":"","_jetpack_dont_email_post_to_subs":false,"_jetpack_newsletter_tier_id":0,"_jetpack_memberships_contains_paywalled_content":false,"_jetpack_memberships_contains_paid_content":false,"footnotes":"","jetpack_publicize_message":"","jetpack_publicize_feature_enabled":true,"jetpack_social_post_already_shared":true,"jetpack_social_options":{"image_generator_settings":{"template":"highway","default_image_id":0,"font":"","enabled":false},"version":2}},"categories":[1],"tags":[1014,1186,40352,18786,144,774],"class_list":["post-203032","post","type-post","status-publish","format-standard","has-post-thumbnail","hentry","category-genel","tag-alindi","tag-altina","tag-ibibik","tag-kusu","tag-tedavi","tag-yarali"],"jetpack_publicize_connections":[],"jetpack_featured_media_url":"https:\/\/i0.wp.com\/www.tvturk.com\/wp-content\/uploads\/2019\/09\/yarali-ibibik-kusu-tedavi-altina-alindi_093c0ee.jpg?fit=940%2C588","jetpack_sharing_enabled":true,"jetpack_shortlink":"https:\/\/wp.me\/paKIfm-QOI","_links":{"self":[{"href":"http:\/\/www.tvturk.com\/index.php\/wp-json\/wp\/v2\/posts\/203032","targetHints":{"allow":["GET"]}}],"collection":[{"href":"http:\/\/www.tvturk.com\/index.php\/wp-json\/wp\/v2\/posts"}],"about":[{"href":"http:\/\/www.tvturk.com\/index.php\/wp-json\/wp\/v2\/types\/post"}],"author":[{"embeddable":true,"href":"http:\/\/www.tvturk.com\/index.php\/wp-json\/wp\/v2\/users\/1"}],"replies":[{"embeddable":true,"href":"http:\/\/www.tvturk.com\/index.php\/wp-json\/wp\/v2\/comments?post=203032"}],"version-history":[{"count":0,"href":"http:\/\/www.tvturk.com\/index.php\/wp-json\/wp\/v2\/posts\/203032\/revisions"}],"wp:featuredmedia":[{"embeddable":true,"href":"http:\/\/www.tvturk.com\/index.php\/wp-json\/wp\/v2\/media\/203033"}],"wp:attachment":[{"href":"http:\/\/www.tvturk.com\/index.php\/wp-json\/wp\/v2\/media?parent=203032"}],"wp:term":[{"taxonomy":"category","embeddable":true,"href":"http:\/\/www.tvturk.com\/index.php\/wp-json\/wp\/v2\/categories?post=203032"},{"taxonomy":"post_tag","embeddable":true,"href":"http:\/\/www.tvturk.com\/index.php\/wp-json\/wp\/v2\/tags?post=203032"}],"curies":[{"name":"wp","href":"https:\/\/api.w.org\/{rel}","templated":true}]}}