{"id":203042,"date":"2019-09-14T15:01:57","date_gmt":"2019-09-14T12:01:57","guid":{"rendered":"http:\/\/www.tvturk.com\/index.php\/elazigda-terore-lanet-yuruyusu\/"},"modified":"2019-09-14T15:01:57","modified_gmt":"2019-09-14T12:01:57","slug":"elazigda-terore-lanet-yuruyusu","status":"publish","type":"post","link":"http:\/\/www.tvturk.com\/index.php\/elazigda-terore-lanet-yuruyusu\/","title":{"rendered":"Elaz\u0131\u011f\u2019da \u2018ter\u00f6re lanet\u2019 y\u00fcr\u00fcy\u00fc\u015f\u00fc"},"content":{"rendered":"<p>Elaz\u0131\u011f\u2019da ter\u00f6re lanet y\u00fcr\u00fcy\u00fc\u015f\u00fcnde bir araya gelen  vatanda\u015flar ter\u00f6r\u00fc lanetledi.<\/p>\n<p>Elaz\u0131\u011f\u2019da Sivil Toplum Kurulu\u015flar\u0131 \u00f6nc\u00fcl\u00fc\u011f\u00fcnde \u2018ter\u00f6re lanet\u2019 y\u00fcr\u00fcy\u00fc\u015f\u00fc d\u00fczenledi. Bu kapsamda bayraklar\u0131n\u0131 alan  vatanda\u015flar 15 Temmuz Demokrasi Meydan\u0131\u2019nda bir araya geldi. Tekbirler getiren kalabal\u0131k,  \u2018Kahrolsun PKK, \u015fehitler \u00f6lmez vatan b\u00f6l\u00fcnmez, Hacire anneler yaln\u0131z de\u011fil\u2019 sloganlar\u0131 atarak Ahmet Aytar Meydan\u0131na kadar y\u00fcr\u00fcd\u00fc.<\/p>\n<p>Diyarbak\u0131r\u2019\u0131n Kulp il\u00e7esinin a\u011fa\u00e7 korur mevkisinde 7 sivilin \u015fehit oldu\u011fu  hain sald\u0131r\u0131y\u0131 an\u0131msatan Memur-Sen Elaz\u0131\u011f  \u0130l Temsilcisi \u0130brahim Bah\u015fi\u2019nin, \u201cTer\u00f6r kan ve \u015fiddetten beslenen bir insanl\u0131k su\u00e7udur. Bu su\u00e7a akl\u0131 vicdan\u0131 kurumu\u015f ki\u015fi ve guruplar i\u015fleyebilir. Ter\u00f6rizmi ve ter\u00f6ristlerin hedefi insanl\u0131k, karde\u015flik milletimiz ortak gelece\u011fimize y\u00f6nelen ve bu canice sald\u0131r\u0131lar. Kimden gelirse gelsin ter\u00f6ri ve ona destek verenleri ter\u00f6rin arkas\u0131ndaki i\u00e7 ve d\u0131\u015f g\u00fc\u00e7leri nefretle k\u0131n\u0131yor ve lanetliyoruz. Eli kanl\u0131 ter\u00f6r \u00f6rg\u00fct\u00fc asker polis \u00f6\u011fretmen \u00e7ocuk bebek gen\u00e7 ya\u015fl\u0131 kad\u0131n demeden kan ak\u0131tmaya devam etmektedir. Analar\u0131n g\u00f6z ya\u015f\u0131 bir t\u00fcrl\u00fc kurumam\u0131\u015f. \u0130nsanlar\u0131m\u0131z y\u0131llarca unutamayaca\u011f\u0131 ac\u0131lar ya\u015fam\u0131\u015ft\u0131r. Bu ac\u0131lar bitsin analar\u0131n g\u00f6z ya\u015f\u0131 dinsin \u00fclkemizde ya\u015fanan ter\u00f6r sald\u0131r\u0131lar\u0131n\u0131 Irakta, Suriye\u2019de Filistin\u2019de yada Afganistan\u2019da ya\u015fananlardan ba\u011f\u0131ms\u0131z almak m\u00fcmk\u00fcn de\u011fildir. Hedef topyek\u00fcm \u0130slam co\u011frafyas\u0131 \u0130slam alemi ve milletimizdir. \u0130slam co\u011frafyas\u0131nda par\u00e7alanm\u0131\u015fl\u0131\u011f\u0131n\u0131 hedefleyen odaklar t\u00fcm ter\u00f6r yap\u0131lar\u0131n\u0131 finansa etmektedirler. Bu ba\u011flamda Diyarbak\u0131r\u2019daki annelerimizin ba\u015flatt\u0131\u011f\u0131 eylem \u00e7ok de\u011ferlidir. Diyarbak\u0131r\u2019daki annelere Elaz\u0131\u011f\u2019dan selam olsun\u201d dedi.<\/p>\n<p>Y\u00fcr\u00fcy\u00fc\u015fe, AK Parti Elaz\u0131\u011f Milletvekili Z\u00fclf\u00fc Demirba\u011f, CHP Elaz\u0131\u011f Milletvekili G\u00fcrsel Erol, Belediye Ba\u015fkan\u0131 \u015eahin \u015eerifo\u011fullar\u0131, siyasi parti il ba\u015fkanlar\u0131, STK ba\u015fkanlar\u0131 ve \u00e7ok say\u0131da vatanda\u015f kat\u0131ld\u0131.<\/p>\n","protected":false},"excerpt":{"rendered":"<p>ELAZI\u011e\u2019DA TER\u00d6RE LANET Y\u00dcR\u00dcY\u00dc\u015e\u00dc\u2019NDE B\u0130R ARAYA GELEN Y\u00dcZLERCE VATANDA\u015e TER\u00d6R\u00dc LANETLED\u0130.<\/p>\n","protected":false},"author":1,"featured_media":203043,"comment_status":"closed","ping_status":"open","sticky":false,"template":"","format":"standard","meta":{"jetpack_post_was_ever_published":false,"_jetpack_newsletter_access":"","_jetpack_dont_email_post_to_subs":false,"_jetpack_newsletter_tier_id":0,"_jetpack_memberships_contains_paywalled_content":false,"_jetpack_memberships_contains_paid_content":false,"footnotes":"","jetpack_publicize_message":"","jetpack_publicize_feature_enabled":true,"jetpack_social_post_already_shared":true,"jetpack_social_options":{"image_generator_settings":{"template":"highway","default_image_id":0,"font":"","enabled":false},"version":2}},"categories":[1],"tags":[2479,46440,13496,1983],"class_list":["post-203042","post","type-post","status-publish","format-standard","has-post-thumbnail","hentry","category-genel","tag-elazigda","tag-lanet","tag-terore","tag-yuruyusu"],"jetpack_publicize_connections":[],"jetpack_featured_media_url":"https:\/\/i0.wp.com\/www.tvturk.com\/wp-content\/uploads\/2019\/09\/elazigda-terore-lanet-yuruyusu_407166e.jpg?fit=1000%2C666","jetpack_sharing_enabled":true,"jetpack_shortlink":"https:\/\/wp.me\/paKIfm-QOS","_links":{"self":[{"href":"http:\/\/www.tvturk.com\/index.php\/wp-json\/wp\/v2\/posts\/203042","targetHints":{"allow":["GET"]}}],"collection":[{"href":"http:\/\/www.tvturk.com\/index.php\/wp-json\/wp\/v2\/posts"}],"about":[{"href":"http:\/\/www.tvturk.com\/index.php\/wp-json\/wp\/v2\/types\/post"}],"author":[{"embeddable":true,"href":"http:\/\/www.tvturk.com\/index.php\/wp-json\/wp\/v2\/users\/1"}],"replies":[{"embeddable":true,"href":"http:\/\/www.tvturk.com\/index.php\/wp-json\/wp\/v2\/comments?post=203042"}],"version-history":[{"count":0,"href":"http:\/\/www.tvturk.com\/index.php\/wp-json\/wp\/v2\/posts\/203042\/revisions"}],"wp:featuredmedia":[{"embeddable":true,"href":"http:\/\/www.tvturk.com\/index.php\/wp-json\/wp\/v2\/media\/203043"}],"wp:attachment":[{"href":"http:\/\/www.tvturk.com\/index.php\/wp-json\/wp\/v2\/media?parent=203042"}],"wp:term":[{"taxonomy":"category","embeddable":true,"href":"http:\/\/www.tvturk.com\/index.php\/wp-json\/wp\/v2\/categories?post=203042"},{"taxonomy":"post_tag","embeddable":true,"href":"http:\/\/www.tvturk.com\/index.php\/wp-json\/wp\/v2\/tags?post=203042"}],"curies":[{"name":"wp","href":"https:\/\/api.w.org\/{rel}","templated":true}]}}