{"id":203100,"date":"2019-09-14T17:16:37","date_gmt":"2019-09-14T14:16:37","guid":{"rendered":"http:\/\/www.tvturk.com\/index.php\/vali-yerlikaya-ahilik-haftasi-vesilesiyle-kapali-carsi-esnafini-ziyaret-etti\/"},"modified":"2019-09-14T17:16:37","modified_gmt":"2019-09-14T14:16:37","slug":"vali-yerlikaya-ahilik-haftasi-vesilesiyle-kapali-carsi-esnafini-ziyaret-etti","status":"publish","type":"post","link":"http:\/\/www.tvturk.com\/index.php\/vali-yerlikaya-ahilik-haftasi-vesilesiyle-kapali-carsi-esnafini-ziyaret-etti\/","title":{"rendered":"Vali Yerlikaya Ahilik Haftas\u0131 vesilesiyle Kapal\u0131 \u00c7ar\u015f\u0131 esnaf\u0131n\u0131 ziyaret etti"},"content":{"rendered":"<p>\u0130stanbul Valisi Ali Yerlikaya, Ahilik Haftas\u0131 dolay\u0131s\u0131yla Kapal\u0131 \u00c7ar\u015f\u0131 esnaf\u0131yla bir araya geldi. Yerlikaya, Ahilik Haftas\u0131yla ilgili olarak, \u201cT\u00fcrkiye\u2019nin de\u011fil, d\u00fcnyan\u0131n en \u00f6nemli ilk AVM\u2019sini ayakta tutan ruhunun bu oldu\u011funa inan\u0131yoruz; Ahilik ruhu\u201d dedi.<\/p>\n<p>\u0130stanbul Valisi Ali Yerlikaya, 16-22 Eyl\u00fcl tarihleri aras\u0131nda kutlanan Ahilik Haftas\u0131 dolay\u0131s\u0131yla Kapal\u0131 \u00c7ar\u015f\u0131 esnaf\u0131yla bir araya geldi. Esnaflar\u0131n birlik ve beraberli\u011fine vurgu yapan Vali Yerlikaya, \u00e7ar\u015f\u0131 esnaf\u0131yla sohbet etti ve Ahilik Haftas\u0131n\u0131 kutlad\u0131. Vali Yerlikaya, Kapal\u0131 \u00c7ar\u015f\u0131\u2019n\u0131n en eski esnaflar\u0131ndan olan \u015eemsettin \u015eeng\u00f6r\u2019\u00fc de ziyaret ederek, esnafl\u0131\u011f\u0131yla t\u00fcm esnaflara \u00f6rnek oldu\u011fu i\u00e7in \u0130stanbullular ad\u0131na kendisine te\u015fekk\u00fcr etti.<\/p>\n<p>\u201c\u00d6\u011f\u00fctlerini dinledik\u201d<\/p>\n<p>Vali Yerlikaya, \u201cPazartesi g\u00fcn\u00fcnden itibaren Ahilik Haftas\u0131. Bug\u00fcn kadim \u00e7ar\u015f\u0131m\u0131z\u0131n 101 y\u0131ll\u0131k \u015eeng\u00f6r Hal\u0131c\u0131k, \u015eemsettin \u015eeng\u00f6r a\u011fabeyimize, b\u00fcy\u00fc\u011f\u00fcm\u00fcze misafiriz. \u0130stanbul\u2019umuzda en b\u00fcy\u00fck, en ya\u015fl\u0131 demiyoruz en b\u00fcy\u00fck, s\u00f6z\u00fc en muteber, herkese \u00f6rnek, b\u00fct\u00fcn esnaflara, b\u00fct\u00fcn zanaatkarla, b\u00fct\u00fcn t\u00fcccarlara \u00f6rnek olan \u015eemsettin a\u011fabeyimizin ticarethanesinde o\u011flu Ahmet bey ile beraber az \u00f6nce hasbihal ettik. \u00d6\u011f\u00fctlerini bir ahi olarak, \u00f6\u011f\u00fctlerini dinledik\u201d dedi.<\/p>\n<p>\u201cAllah say\u0131lar\u0131n\u0131 artt\u0131rs\u0131n\u201d<\/p>\n<p>Konu\u015fmas\u0131n\u0131n devam\u0131nda Yerlikaya, \u201cDile kolay 90 y\u0131ll\u0131k bir \u00f6m\u00fcr, 101 y\u0131ll\u0131k bir i\u015fletme ama 6 ya\u015f\u0131ndan beri aral\u0131ks\u0131z 84 y\u0131ld\u0131r geldi\u011fimiz yer. Allah say\u0131lar\u0131n\u0131 artt\u0131rs\u0131n. Hem \u015eemsettin b\u00fcy\u00fc\u011f\u00fcm\u00fcz, a\u011fabeyimiz hem onun mahutumu 65 y\u0131ll\u0131k \u00f6m\u00fcr o da hakeza 13 ya\u015f\u0131ndan itibaren burada. Dolay\u0131s\u0131yla bu kadim \u00e7ar\u015f\u0131m\u0131zda T\u00fcrkiye\u2019nin de\u011fil, d\u00fcnyan\u0131n en \u00f6nemli ilk AVM\u2019sini ayakta tutan ruhunun bu oldu\u011funa inan\u0131yoruz; Ahilik ruhu\u201d \u015feklinde konu\u015ftu.<\/p>\n<p>\u201c\u00d6nemli olan g\u00fcvenmek\u201d<\/p>\n<p>Esnafl\u0131kta \u00f6nemli olan\u0131n g\u00fcven oldu\u011funu belirten Yerlikaya, \u201cR\u0131zk\u0131 veren Allah ama eline, diline, beline hakim olmak gelen kap\u0131dan her m\u00fc\u015fteriyi als\u0131n, almas\u0131n evinde kar\u015f\u0131layanlar gibi tebess\u00fcmle kar\u015f\u0131lamak. Tekrar buraya gelecek, satmak de\u011fil, \u00f6nemli olan buraya g\u00fcvenmek, ho\u015fnut olmak\u201d ifadelerini kulland\u0131.<\/p>\n<p>Vali Yerlikaya, konu\u015fmas\u0131n\u0131n ard\u0131ndan t\u00fcm \u0130stanbullu hem\u015fehrileri ad\u0131na Kapal\u0131 \u00c7ar\u015f\u0131\u2019n\u0131n en eski esnaflar\u0131ndan \u015eemsettin \u015eeng\u00f6r\u2019e sar\u0131larak, Ahilik Haftas\u0131\u2019n\u0131 kutlad\u0131.<\/p>\n<p>Yerlikaya, \u00e7ar\u015f\u0131da faaliyet g\u00f6steren di\u011fer esnaflar\u0131 da ziyaret ederek, gezisini sonland\u0131rd\u0131.<\/p>\n","protected":false},"excerpt":{"rendered":"<p>\u0130STANBUL VAL\u0130S\u0130 AL\u0130 YERL\u0130KAYA, 16-22 EYL\u00dcL TAR\u0130HLER\u0130 ARASINDA KUTLANAN AH\u0130L\u0130K HAFTASI DOLAYISIYLA KAPALI \u00c7AR\u015eI ESNAFIYLA B\u0130R ARAYA GELD\u0130.<\/p>\n","protected":false},"author":1,"featured_media":203101,"comment_status":"closed","ping_status":"open","sticky":false,"template":"","format":"standard","meta":{"jetpack_post_was_ever_published":false,"_jetpack_newsletter_access":"","_jetpack_dont_email_post_to_subs":false,"_jetpack_newsletter_tier_id":0,"_jetpack_memberships_contains_paywalled_content":false,"_jetpack_memberships_contains_paid_content":false,"footnotes":"","jetpack_publicize_message":"","jetpack_publicize_feature_enabled":true,"jetpack_social_post_already_shared":true,"jetpack_social_options":{"image_generator_settings":{"template":"highway","default_image_id":0,"font":"","enabled":false},"version":2}},"categories":[1],"tags":[51231,5247,206,207,7490,2004,148,51232,3340,150],"class_list":["post-203100","post","type-post","status-publish","format-standard","has-post-thumbnail","hentry","category-genel","tag-ahilik","tag-carsi","tag-esnafini","tag-etti","tag-haftasi","tag-kapali","tag-vali","tag-vesilesiyle","tag-yerlikaya","tag-ziyaret"],"jetpack_publicize_connections":[],"jetpack_featured_media_url":"https:\/\/i0.wp.com\/www.tvturk.com\/wp-content\/uploads\/2019\/09\/vali-yerlikaya-ahilik-haftasi-vesilesiyle-kapali-carsi-esnafini-ziyaret-etti_211fd4b.jpg?fit=1000%2C750","jetpack_sharing_enabled":true,"jetpack_shortlink":"https:\/\/wp.me\/paKIfm-QPO","_links":{"self":[{"href":"http:\/\/www.tvturk.com\/index.php\/wp-json\/wp\/v2\/posts\/203100","targetHints":{"allow":["GET"]}}],"collection":[{"href":"http:\/\/www.tvturk.com\/index.php\/wp-json\/wp\/v2\/posts"}],"about":[{"href":"http:\/\/www.tvturk.com\/index.php\/wp-json\/wp\/v2\/types\/post"}],"author":[{"embeddable":true,"href":"http:\/\/www.tvturk.com\/index.php\/wp-json\/wp\/v2\/users\/1"}],"replies":[{"embeddable":true,"href":"http:\/\/www.tvturk.com\/index.php\/wp-json\/wp\/v2\/comments?post=203100"}],"version-history":[{"count":0,"href":"http:\/\/www.tvturk.com\/index.php\/wp-json\/wp\/v2\/posts\/203100\/revisions"}],"wp:featuredmedia":[{"embeddable":true,"href":"http:\/\/www.tvturk.com\/index.php\/wp-json\/wp\/v2\/media\/203101"}],"wp:attachment":[{"href":"http:\/\/www.tvturk.com\/index.php\/wp-json\/wp\/v2\/media?parent=203100"}],"wp:term":[{"taxonomy":"category","embeddable":true,"href":"http:\/\/www.tvturk.com\/index.php\/wp-json\/wp\/v2\/categories?post=203100"},{"taxonomy":"post_tag","embeddable":true,"href":"http:\/\/www.tvturk.com\/index.php\/wp-json\/wp\/v2\/tags?post=203100"}],"curies":[{"name":"wp","href":"https:\/\/api.w.org\/{rel}","templated":true}]}}