{"id":203102,"date":"2019-09-14T17:46:39","date_gmt":"2019-09-14T14:46:39","guid":{"rendered":"http:\/\/www.tvturk.com\/index.php\/elazigda-2-geleneksel-salcali-kofte-festivali-basladi\/"},"modified":"2019-09-14T17:46:39","modified_gmt":"2019-09-14T14:46:39","slug":"elazigda-2-geleneksel-salcali-kofte-festivali-basladi","status":"publish","type":"post","link":"http:\/\/www.tvturk.com\/index.php\/elazigda-2-geleneksel-salcali-kofte-festivali-basladi\/","title":{"rendered":"Elaz\u0131\u011f\u2019da, \u20182. Geleneksel Sal\u00e7al\u0131 K\u00f6fte\u2019 festivali ba\u015flad\u0131"},"content":{"rendered":"<p>Elaz\u0131\u011f\u2019da  geleneksel hale getirilen ve bu y\u0131l ikincisi d\u00fczenlenen Sal\u00e7al\u0131 K\u00f6fte festivali ba\u015flad\u0131.<\/p>\n<p>Elaz\u0131\u011f Lokantac\u0131lar ve Tatl\u0131c\u0131lar Odas\u0131 koordinasyonunda Valilik, Belediye, Elaz\u0131\u011f TSO ve baz\u0131 odalar\u0131n deste\u011fiyle &#8220;Geleneksel Sal\u00e7al\u0131 K\u00f6fte\u2019 festivalinin, bu sene  ikincisi d\u00fczenlendi. Valilik Meydan\u0131nda yap\u0131lan festivalin a\u00e7\u0131l\u0131\u015f\u0131na Vali Vekili Uhud Emre Koyuncu, Belediye Ba\u015fkan\u0131 \u015eahin \u015eerifo\u011fullar\u0131, AK Parti Elaz\u0131\u011f Milletvekili Z\u00fclf\u00fc Demirba\u011f, CHP Elaz\u0131\u011f Milletvekili G\u00fcrsel Erol, Elaz\u0131\u011f TSO Ba\u015fkan\u0131 Asilhan Arslan,Elaz\u0131\u011f Lokantac\u0131lar ve Tatl\u0131c\u0131lar Odas\u0131 Ba\u015fkan\u0131 Z\u00fclf\u00fc Tarhan,kurum m\u00fcd\u00fcrleri,vatanda\u015flar ve \u00e7ok say\u0131da davetli kat\u0131ld\u0131.<\/p>\n<p>Meydanda \u00f6zel olarak kurulan stantlarda ustalar sal\u00e7al\u0131 k\u00f6fte yaparak marifetlerini g\u00f6sterdi. \u00c7ok say\u0131da vatanda\u015f\u0131m kat\u0131ld\u0131\u011f\u0131 ve renkli g\u00f6r\u00fcnt\u00fclere sahne olan festivalde kat\u0131lanlara \u00fccretsiz sal\u00e7al\u0131 k\u00f6fte ikram edildi.<\/p>\n<p>Festivalin bu y\u0131l ikincisini d\u00fczenlediklerini dile getiren Elaz\u0131\u011f Lokantac\u0131lar Odas\u0131 Ba\u015fkan\u0131 Z\u00fclf\u00fc Tarhan ise, &#8220;Elaz\u0131\u011f\u2019\u0131n \u00f6nemli de\u011ferleri aras\u0131nda yer alan sal\u00e7al\u0131 k\u00f6fteyi t\u00fcm T\u00fcrkiye\u2019ye tan\u0131tmak ve geleneksel hale getirip her y\u0131l bu festivali s\u00fcrd\u00fcrmek i\u00e7in yo\u011fun gayretlerle \u00e7al\u0131\u015f\u0131yoruz ve \u00e7al\u0131\u015faca\u011f\u0131z&#8221; dedi.<\/p>\n<p>Festivalin 2\u2019ncisini d\u00fczenlediklerini an\u0131msatan Elaz\u0131\u011f TSO Ba\u015fkan\u0131 Asilhan Arslan da, \u201c\u015eehrimize son y\u0131llarda de\u011ferlerimizin fark\u0131nda olmak onlar\u0131 hak etti\u011fi yerlere ta\u015f\u0131ma ad\u0131na ciddi etkinlikler d\u00fczenleniyor. Bu etkinliklerin d\u00fczenlenmesinde eme\u011fi ge\u00e7en valimize, belediye ba\u015fkan\u0131na ve k\u0131ymetli vekillerimize te\u015fekk\u00fcr ediyorum. Elaz\u0131\u011f\u2019\u0131m\u0131z\u0131n her alanda kendi ba\u015f\u0131na bir de\u011fer ifade etmekte \u00f6zellikle d\u0131\u015far\u0131dan gelen ziyaret\u00e7ilerimiz ve misafirlerimiz bunu \u00e7ok g\u00fczel duygularla bizlere ifade ediyorlar. Sal\u00e7al\u0131 k\u00f6ftemizde bunlardan biridir. Bug\u00fcn bunu panay\u0131r haline d\u00f6n\u00fc\u015ft\u00fcrd\u00fck&#8221; ifadelerini kulland\u0131.<\/p>\n<p>Bu t\u00fcr festival ve fuarlar\u0131n kentin tan\u0131t\u0131m\u0131 i\u00e7in b\u00fcy\u00fck bir \u00f6nem arz eti\u011fine vurgu yapan Belediye Ba\u015fkan\u0131 \u015eahin \u015eerifo\u011fullar\u0131, \u201cSamimi mekanlar\u0131yla ilimizde farkl\u0131 yeri olan sal\u00e7al\u0131 k\u00f6ftemizin 2\u2019nci festivalini ger\u00e7ekle\u015ftiriyoruz. Bizde Elaz\u0131\u011f Belediyesi olarak bu t\u00fcr fuarlar\u0131 ve festivalleri yapmak ad\u0131na elimizden gelen her \u015feyi yap\u0131yoruz. Bug\u00fcn burada deste\u011fimizi ve katk\u0131m\u0131z\u0131 sunduk. Bu t\u00fcr festivallerin ve tan\u0131t\u0131mlar\u0131n yan\u0131nda olaca\u011f\u0131z. Elaz\u0131\u011f ifade edildi\u011fi gibi k\u00fclt\u00fcr, sanat ve musiki \u015fehridir. 14 medeniyeti b\u00fcnyesinde bar\u0131nd\u0131ran kadim bir \u015fehirdir. Bu \u015fehir tan\u0131t\u0131m\u0131nda tan\u0131t\u0131m\u0131n\u0131 yapamad\u0131\u011f\u0131m\u0131z gastronomi alan\u0131 var. Gastronomide T\u00fcrkiye\u2019de Gaziantep\u2019ten sonra Elaz\u0131\u011f 2\u2019nci s\u0131rada bu noktada ve bundan sonraki s\u00fcre\u00e7lerde Elaz\u0131\u011f\u2019\u0131n tan\u0131t\u0131m\u0131 noktas\u0131nda y\u00f6resel yemeklerde Elaz\u0131\u011f Belediyesi ve t\u00fcm kurum ve kurulu\u015flar ile birlikte elimizden gelen t\u00fcm gayreti verece\u011fiz\u201d diyerek konu\u015fmas\u0131n\u0131 tamamlad\u0131.<\/p>\n<p>Bir kentin kendi de\u011ferlerine yeni de\u011ferler katmas\u0131yla ilgi \u00e7ekece\u011fini dile getiren CHP Elaz\u0131\u011f Milletvekili G\u00fcrsel Erol ise, \u201cBu festivalin gelenek haline gelmesi kentin geli\u015fmesi ad\u0131na \u00e7ok \u00f6nemli. \u2018Sal\u00e7al\u0131 K\u00f6fte\u2019 festivali sadece Elaz\u0131\u011f\u2019la s\u0131n\u0131rl\u0131 kalmamas\u0131 laz\u0131m. Burada bir teklifte bulunmak istiyorum,  gelecek sene festivali \u0130stanbul, Ankara ve \u0130zmir\u2019de yapal\u0131m. Bu lezzeti Elaz\u0131\u011f d\u0131\u015f\u0131na ta\u015f\u0131y\u0131p tan\u0131tal\u0131m&#8221;diye konu\u015ftu.<\/p>\n<p>Sal\u00e7al\u0131 K\u00f6fte festivalini d\u00fczenleyenlere te\u015fekk\u00fcr eden AK Parti Elaz\u0131\u011f Milletvekili Z\u00fclf\u00fc Demirba\u011f, festivalin Elaz\u0131\u011f mutfa\u011f\u0131n\u0131n tan\u0131t\u0131lmas\u0131 ad\u0131na \u00e7ok \u00f6nemli bire yere sahip oldu\u011funu aktard\u0131.<\/p>\n<p>Elaz\u0131\u011f\u2019\u0131n y\u00f6resel mutfak zenginli\u011finden bahseden Vali Vekili Uhud Emre Koyuncu, \u201cBasit gibi g\u00f6r\u00fcnen, sade lakin hem soslu hem \u00e7e\u015fitlilik, i\u015fin orjinali yani sokaktan has bir lezzet. Tam tarifi ile denemeye de\u011fer damakta iz b\u0131rakan bir tat. Elbette bunu yerinde tadacaks\u0131n\u0131z. \u0130\u015fin s\u0131rr\u0131 Elaz\u0131\u011f\u2019da. Bizler bu organizasyonda 2\u2019inci kez  toplan\u0131yoruz. Elaz\u0131\u011f\u2019\u0131n me\u015fhur sal\u00e7al\u0131 k\u00f6ftesi i\u00e7in yine hep beraberce, asl\u0131nda b\u00f6ylece hepimiz beraber ter\u00f6re inat birlik ve dirlik , ter\u00f6re inat hayat diyoruz. Ger\u00e7ekten bu gastronomi \u00fcr\u00fcn\u00fc ilimize hayat kat\u0131yor. Elbette bu \u00e7e\u015fitlilik marka de\u011feri olarak tan\u0131t\u0131lmas\u0131, duyurulmas\u0131 ve anlat\u0131lmas\u0131 gerekiyor\u201d s\u00f6zlerini tamamlad\u0131.<\/p>\n<p>A\u00e7\u0131l\u0131\u015f sonras\u0131 \u00e7e\u015fitli etkinlerin yap\u0131ld\u0131\u011f\u0131 festivalde, bug\u00fcn ve yar\u0131n konserler d\u00fczenlenece\u011fi belirtildi.<\/p>\n","protected":false},"excerpt":{"rendered":"<p>ELAZI\u011e\u2019DA \u0130K\u0130 G\u00dcN S\u00dcRECEK OLAN  \u20182. GELENEKSEL SAL\u00c7ALI K\u00d6FTE\u2019 FEST\u0130VAL\u0130 BA\u015eLADI<\/p>\n","protected":false},"author":1,"featured_media":203103,"comment_status":"closed","ping_status":"open","sticky":false,"template":"","format":"standard","meta":{"jetpack_post_was_ever_published":false,"_jetpack_newsletter_access":"","_jetpack_dont_email_post_to_subs":false,"_jetpack_newsletter_tier_id":0,"_jetpack_memberships_contains_paywalled_content":false,"_jetpack_memberships_contains_paid_content":false,"footnotes":"","jetpack_publicize_message":"","jetpack_publicize_feature_enabled":true,"jetpack_social_post_already_shared":true,"jetpack_social_options":{"image_generator_settings":{"template":"highway","default_image_id":0,"font":"","enabled":false},"version":2}},"categories":[1],"tags":[1880,55,2479,3400,7470,95,51233],"class_list":["post-203102","post","type-post","status-publish","format-standard","has-post-thumbnail","hentry","category-genel","tag-1880","tag-basladi","tag-elazigda","tag-festivali","tag-geleneksel","tag-kofte","tag-salcali"],"jetpack_publicize_connections":[],"jetpack_featured_media_url":"https:\/\/i0.wp.com\/www.tvturk.com\/wp-content\/uploads\/2019\/09\/elazigda-2-geleneksel-salcali-kofte-festivali-basladi_3cdc9ac.jpg?fit=1000%2C588","jetpack_sharing_enabled":true,"jetpack_shortlink":"https:\/\/wp.me\/paKIfm-QPQ","_links":{"self":[{"href":"http:\/\/www.tvturk.com\/index.php\/wp-json\/wp\/v2\/posts\/203102","targetHints":{"allow":["GET"]}}],"collection":[{"href":"http:\/\/www.tvturk.com\/index.php\/wp-json\/wp\/v2\/posts"}],"about":[{"href":"http:\/\/www.tvturk.com\/index.php\/wp-json\/wp\/v2\/types\/post"}],"author":[{"embeddable":true,"href":"http:\/\/www.tvturk.com\/index.php\/wp-json\/wp\/v2\/users\/1"}],"replies":[{"embeddable":true,"href":"http:\/\/www.tvturk.com\/index.php\/wp-json\/wp\/v2\/comments?post=203102"}],"version-history":[{"count":0,"href":"http:\/\/www.tvturk.com\/index.php\/wp-json\/wp\/v2\/posts\/203102\/revisions"}],"wp:featuredmedia":[{"embeddable":true,"href":"http:\/\/www.tvturk.com\/index.php\/wp-json\/wp\/v2\/media\/203103"}],"wp:attachment":[{"href":"http:\/\/www.tvturk.com\/index.php\/wp-json\/wp\/v2\/media?parent=203102"}],"wp:term":[{"taxonomy":"category","embeddable":true,"href":"http:\/\/www.tvturk.com\/index.php\/wp-json\/wp\/v2\/categories?post=203102"},{"taxonomy":"post_tag","embeddable":true,"href":"http:\/\/www.tvturk.com\/index.php\/wp-json\/wp\/v2\/tags?post=203102"}],"curies":[{"name":"wp","href":"https:\/\/api.w.org\/{rel}","templated":true}]}}