{"id":203146,"date":"2019-09-14T19:02:41","date_gmt":"2019-09-14T16:02:41","guid":{"rendered":"http:\/\/www.tvturk.com\/index.php\/skrtel-basaksehir-ile-ilk-resmi-macina-cikti\/"},"modified":"2019-09-14T19:02:41","modified_gmt":"2019-09-14T16:02:41","slug":"skrtel-basaksehir-ile-ilk-resmi-macina-cikti","status":"publish","type":"post","link":"http:\/\/www.tvturk.com\/index.php\/skrtel-basaksehir-ile-ilk-resmi-macina-cikti\/","title":{"rendered":"Skrtel, Ba\u015fak\u015fehir ile ilk resmi ma\u00e7\u0131na \u00e7\u0131kt\u0131"},"content":{"rendered":"<p>Medipol Ba\u015fak\u015fehir\u2019in yeni transferi Martin Skrtel, turuncu-lacivertli forma ile ilk resmi ma\u00e7\u0131na DG Sivasspor kar\u015f\u0131la\u015fmas\u0131yla \u00e7\u0131kt\u0131.<\/p>\n<p>Medipol Ba\u015fak\u015fehir, S\u00fcper Lig\u2019in 4. haftas\u0131nda sahas\u0131nda DG Sivasspor ile 1-1 berabere kald\u0131. Bu m\u00fcsabakayla birlikte turuncu-lacivertlilerin yaz transfer d\u00f6neminde kadrosuna katt\u0131\u011f\u0131 Martin Skrtel de yeni tak\u0131m\u0131yla ilk resmi ma\u00e7\u0131na \u00e7\u0131km\u0131\u015f oldu.<\/p>\n<p>\u00dc\u00e7 sezon Fenerbah\u00e7e\u2019de top ko\u015fturduktan sonra 2019-2020 sezonu \u00f6ncesi Atalanta\u2019ya transfer olan ancak ya\u015fad\u0131\u011f\u0131 problemler nedeniyle s\u00f6zle\u015fmesini fesheden ve sonras\u0131nda Ba\u015fak\u015fehir ile anla\u015fan 34 ya\u015f\u0131ndaki futbolcuya Teknik Direkt\u00f6r Okan Buruk, Sivasspor m\u00fccadelesinde ilk 11\u2019de \u015fans verdi. Epureanu ile birlikte savunman\u0131n ortas\u0131nda g\u00f6rev alan Skrtel, ya\u015fad\u0131\u011f\u0131 sakatl\u0131k sonras\u0131 69. dakikada yerini Azubuike\u2019ye b\u0131rakt\u0131.<\/p>\n","protected":false},"excerpt":{"rendered":"<p>MED\u0130POL BA\u015eAK\u015eEH\u0130R\u2019\u0130N YEN\u0130 TRANSFER\u0130 MART\u0130N SKRTEL, TURUNCU-LAC\u0130VERTL\u0130 FORMA \u0130LE \u0130LK RESM\u0130 MA\u00c7INA DG S\u0130VASSPOR KAR\u015eILA\u015eMASIYLA \u00c7IKTI.<\/p>\n","protected":false},"author":1,"featured_media":203147,"comment_status":"closed","ping_status":"open","sticky":false,"template":"","format":"standard","meta":{"jetpack_post_was_ever_published":false,"_jetpack_newsletter_access":"","_jetpack_dont_email_post_to_subs":false,"_jetpack_newsletter_tier_id":0,"_jetpack_memberships_contains_paywalled_content":false,"_jetpack_memberships_contains_paid_content":false,"footnotes":"","jetpack_publicize_message":"","jetpack_publicize_feature_enabled":true,"jetpack_social_post_already_shared":true,"jetpack_social_options":{"image_generator_settings":{"template":"highway","default_image_id":0,"font":"","enabled":false},"version":2}},"categories":[657],"tags":[6004,1202,192,37,2865,3690,18832],"class_list":["post-203146","post","type-post","status-publish","format-standard","has-post-thumbnail","hentry","category-spor","tag-basaksehir","tag-cikti","tag-ile","tag-ilk","tag-macina","tag-resmi","tag-skrtel"],"jetpack_publicize_connections":[],"jetpack_featured_media_url":"https:\/\/i0.wp.com\/www.tvturk.com\/wp-content\/uploads\/2019\/09\/skrtel-basaksehir-ile-ilk-resmi-macina-cikti_284b743.jpg?fit=1000%2C853","jetpack_sharing_enabled":true,"jetpack_shortlink":"https:\/\/wp.me\/paKIfm-QQy","_links":{"self":[{"href":"http:\/\/www.tvturk.com\/index.php\/wp-json\/wp\/v2\/posts\/203146","targetHints":{"allow":["GET"]}}],"collection":[{"href":"http:\/\/www.tvturk.com\/index.php\/wp-json\/wp\/v2\/posts"}],"about":[{"href":"http:\/\/www.tvturk.com\/index.php\/wp-json\/wp\/v2\/types\/post"}],"author":[{"embeddable":true,"href":"http:\/\/www.tvturk.com\/index.php\/wp-json\/wp\/v2\/users\/1"}],"replies":[{"embeddable":true,"href":"http:\/\/www.tvturk.com\/index.php\/wp-json\/wp\/v2\/comments?post=203146"}],"version-history":[{"count":0,"href":"http:\/\/www.tvturk.com\/index.php\/wp-json\/wp\/v2\/posts\/203146\/revisions"}],"wp:featuredmedia":[{"embeddable":true,"href":"http:\/\/www.tvturk.com\/index.php\/wp-json\/wp\/v2\/media\/203147"}],"wp:attachment":[{"href":"http:\/\/www.tvturk.com\/index.php\/wp-json\/wp\/v2\/media?parent=203146"}],"wp:term":[{"taxonomy":"category","embeddable":true,"href":"http:\/\/www.tvturk.com\/index.php\/wp-json\/wp\/v2\/categories?post=203146"},{"taxonomy":"post_tag","embeddable":true,"href":"http:\/\/www.tvturk.com\/index.php\/wp-json\/wp\/v2\/tags?post=203146"}],"curies":[{"name":"wp","href":"https:\/\/api.w.org\/{rel}","templated":true}]}}