{"id":203156,"date":"2019-09-14T19:46:35","date_gmt":"2019-09-14T16:46:35","guid":{"rendered":"http:\/\/www.tvturk.com\/index.php\/asker-sedat-sorgunun-arkadaslari-da-oturma-eylemine-destege-geldi\/"},"modified":"2019-09-14T19:46:35","modified_gmt":"2019-09-14T16:46:35","slug":"asker-sedat-sorgunun-arkadaslari-da-oturma-eylemine-destege-geldi","status":"publish","type":"post","link":"http:\/\/www.tvturk.com\/index.php\/asker-sedat-sorgunun-arkadaslari-da-oturma-eylemine-destege-geldi\/","title":{"rendered":"Asker Sedat Sorgun\u2019un arkada\u015flar\u0131 da oturma eylemine deste\u011fe geldi"},"content":{"rendered":"<p>Diyarbak\u0131r\u2019\u0131n Lice il\u00e7esinde, 2015 y\u0131l\u0131nda ka\u00e7\u0131r\u0131lan asker Sedat Sorgun\u2019un kuzeni Hakan Cicio\u011flu ve arkada\u015flar\u0131 da oturma eylemi yapan annelere kat\u0131ld\u0131.<\/p>\n<p>Van\u2019da vatani g\u00f6revini yaparken, izinli olarak \u015eanl\u0131urfa\u2019n\u0131n Viran\u015fehir il\u00e7esindeki teyzesi Halime \u015eehito\u011flu\u2019nu ziyaret edip, akrabalar\u0131n\u0131 ziyaret etmek i\u00e7in de memleketi Erzurum\u2019a giderken 2015\u2019te Lice\u2019de yol kesen PKK\u2019l\u0131larca ka\u00e7\u0131r\u0131lan Sedat Sorgun\u2019un kuzenleri ve arkada\u015flar\u0131 da Erzurum\u2019dan gelerek HDP il binas\u0131 \u00f6n\u00fcnde annelerin devam eden eylemine kat\u0131ld\u0131. Sedat Sorgun\u2019un kuzeni Hakan Cicio\u011flu, &#8220;\u00c7ok endi\u015feleniyoruz, yeter art\u0131k, biran \u00f6nce gelsinler&#8221; diye seslendi. Cicio\u011flu, \u201cHer anan\u0131n evlad\u0131 da\u011fda, ta\u015fta yaz\u0131k, g\u00fcnaht\u0131r. Neyin pe\u015findesiniz, bu devlet hepimizin de\u011fil mi. Bu devlet hepimizin de\u011fil mi, hepimize yetmez mi. Yeter art\u0131k diyoruz. B\u0131rak\u0131n \u015fu sa\u00e7ma sapan i\u015flerinizi. Art\u0131k b\u0131rak\u0131n gelin yeter. Biz 400 kilometre yoldan gelmi\u015fiz. 1490 g\u00fcnd\u00fcr biz karde\u015fim, ye\u011fenimi g\u00f6remiyoruz. Sesini duyam\u0131yoruz. Bunun g\u00fcnah\u0131 neydi, bunun su\u00e7u neydi. Neyin pe\u015findesiniz, yeter art\u0131k. Gelin hepimize yeter buralar. Olmaz yani b\u0131rak\u0131n art\u0131k da\u011f\u0131. Biz neyi i\u00e7ti\u011fimizi biliyor muyuz. 1490 g\u00fcn oldu. Tam bug\u00fcn 1490 g\u00fcn oldu. Karde\u015fim yok, ye\u011fenim yok\u201d dedi.<\/p>\n","protected":false},"excerpt":{"rendered":"<p>D\u0130YARBAKIR\u2019IN L\u0130CE \u0130L\u00c7ES\u0130NDE 2015 YILINDA KA\u00c7IRILAN ASKER SEDAT SORGUNUN KUZEN HAKAN C\u0130C\u0130O\u011eLU VE ARKADA\u015eLARI DA OTURMA EYLEM\u0130 YAPAN ANNELERE KATILDI.<\/p>\n","protected":false},"author":1,"featured_media":203157,"comment_status":"closed","ping_status":"open","sticky":false,"template":"","format":"standard","meta":{"jetpack_post_was_ever_published":false,"_jetpack_newsletter_access":"","_jetpack_dont_email_post_to_subs":false,"_jetpack_newsletter_tier_id":0,"_jetpack_memberships_contains_paywalled_content":false,"_jetpack_memberships_contains_paid_content":false,"footnotes":"","jetpack_publicize_message":"","jetpack_publicize_feature_enabled":true,"jetpack_social_post_already_shared":true,"jetpack_social_options":{"image_generator_settings":{"template":"highway","default_image_id":0,"font":"","enabled":false},"version":2}},"categories":[1],"tags":[7808,1598,43465,46204,127,844,38896,51254],"class_list":["post-203156","post","type-post","status-publish","format-standard","has-post-thumbnail","hentry","category-genel","tag-arkadaslari","tag-asker","tag-destege","tag-eylemine","tag-geldi","tag-oturma","tag-sedat","tag-sorgunun"],"jetpack_publicize_connections":[],"jetpack_featured_media_url":"https:\/\/i0.wp.com\/www.tvturk.com\/wp-content\/uploads\/2019\/09\/asker-sedat-sorgunun-arkadaslari-da-oturma-eylemine-destege-geldi_692c3bf.jpg?fit=1000%2C562","jetpack_sharing_enabled":true,"jetpack_shortlink":"https:\/\/wp.me\/paKIfm-QQI","_links":{"self":[{"href":"http:\/\/www.tvturk.com\/index.php\/wp-json\/wp\/v2\/posts\/203156","targetHints":{"allow":["GET"]}}],"collection":[{"href":"http:\/\/www.tvturk.com\/index.php\/wp-json\/wp\/v2\/posts"}],"about":[{"href":"http:\/\/www.tvturk.com\/index.php\/wp-json\/wp\/v2\/types\/post"}],"author":[{"embeddable":true,"href":"http:\/\/www.tvturk.com\/index.php\/wp-json\/wp\/v2\/users\/1"}],"replies":[{"embeddable":true,"href":"http:\/\/www.tvturk.com\/index.php\/wp-json\/wp\/v2\/comments?post=203156"}],"version-history":[{"count":0,"href":"http:\/\/www.tvturk.com\/index.php\/wp-json\/wp\/v2\/posts\/203156\/revisions"}],"wp:featuredmedia":[{"embeddable":true,"href":"http:\/\/www.tvturk.com\/index.php\/wp-json\/wp\/v2\/media\/203157"}],"wp:attachment":[{"href":"http:\/\/www.tvturk.com\/index.php\/wp-json\/wp\/v2\/media?parent=203156"}],"wp:term":[{"taxonomy":"category","embeddable":true,"href":"http:\/\/www.tvturk.com\/index.php\/wp-json\/wp\/v2\/categories?post=203156"},{"taxonomy":"post_tag","embeddable":true,"href":"http:\/\/www.tvturk.com\/index.php\/wp-json\/wp\/v2\/tags?post=203156"}],"curies":[{"name":"wp","href":"https:\/\/api.w.org\/{rel}","templated":true}]}}