{"id":203160,"date":"2019-09-14T20:17:06","date_gmt":"2019-09-14T17:17:06","guid":{"rendered":"http:\/\/www.tvturk.com\/index.php\/bb-erzurumsporda-teknik-direktor-muzaffer-bilazer-istifa-etti\/"},"modified":"2019-09-14T20:17:06","modified_gmt":"2019-09-14T17:17:06","slug":"bb-erzurumsporda-teknik-direktor-muzaffer-bilazer-istifa-etti","status":"publish","type":"post","link":"http:\/\/www.tvturk.com\/index.php\/bb-erzurumsporda-teknik-direktor-muzaffer-bilazer-istifa-etti\/","title":{"rendered":"BB Erzurumspor\u2019da Teknik Direkt\u00f6r Muzaffer Bilazer istifa etti"},"content":{"rendered":"<p>TFF. 1. Lig ekiplerinden BB Erzurumspor\u2019da Teknik Direkt\u00f6r Muzaffer Bilazer istifa etti.<\/p>\n<p>TFF. 1. Lig\u2019in 4. hafta ma\u00e7\u0131nda deplasmanda Ke\u00e7i\u00f6reng\u00fcc\u00fc ile kar\u015f\u0131la\u015fan BB Erzurumspor sahadan 1-0\u2019l\u0131k ma\u011flubiyetle ayr\u0131ld\u0131. Ma\u00e7\u0131n ard\u0131ndan Teknik Direkt\u00f6r Muzaffer Bilazer g\u00f6revinden istifa etti\u011fini duyurdu.<\/p>\n<p>Muzaffer Bilazer BB Erzurumspor\u2019un ba\u015f\u0131nda bu sezon \u00e7\u0131kt\u0131\u011f\u0131 4 ma\u00e7ta 1 galibiyet 2 ma\u011flubiyet ve 1 de beraberlik ald\u0131.<\/p>\n","protected":false},"excerpt":{"rendered":"<p>TFF. 1. L\u0130G EK\u0130PLER\u0130NDEN BB ERZURUMSPOR\u2019DA TEKN\u0130K D\u0130REKT\u00d6R MUZAFFER B\u0130LAZER \u0130ST\u0130FA ETT\u0130.<\/p>\n","protected":false},"author":1,"featured_media":203161,"comment_status":"closed","ping_status":"open","sticky":false,"template":"","format":"standard","meta":{"jetpack_post_was_ever_published":false,"_jetpack_newsletter_access":"","_jetpack_dont_email_post_to_subs":false,"_jetpack_newsletter_tier_id":0,"_jetpack_memberships_contains_paywalled_content":false,"_jetpack_memberships_contains_paid_content":false,"footnotes":"","jetpack_publicize_message":"","jetpack_publicize_feature_enabled":true,"jetpack_social_post_already_shared":true,"jetpack_social_options":{"image_generator_settings":{"template":"highway","default_image_id":0,"font":"","enabled":false},"version":2}},"categories":[657],"tags":[40589,2083,20926,207,31,33828,2082],"class_list":["post-203160","post","type-post","status-publish","format-standard","has-post-thumbnail","hentry","category-spor","tag-bilazer","tag-direktor","tag-erzurumsporda","tag-etti","tag-istifa","tag-muzaffer","tag-teknik"],"jetpack_publicize_connections":[],"jetpack_featured_media_url":"https:\/\/i0.wp.com\/www.tvturk.com\/wp-content\/uploads\/2019\/09\/bb-erzurumsporda-teknik-direktor-muzaffer-bilazer-istifa-etti_c61acd0.jpg?fit=750%2C422","jetpack_sharing_enabled":true,"jetpack_shortlink":"https:\/\/wp.me\/paKIfm-QQM","_links":{"self":[{"href":"http:\/\/www.tvturk.com\/index.php\/wp-json\/wp\/v2\/posts\/203160","targetHints":{"allow":["GET"]}}],"collection":[{"href":"http:\/\/www.tvturk.com\/index.php\/wp-json\/wp\/v2\/posts"}],"about":[{"href":"http:\/\/www.tvturk.com\/index.php\/wp-json\/wp\/v2\/types\/post"}],"author":[{"embeddable":true,"href":"http:\/\/www.tvturk.com\/index.php\/wp-json\/wp\/v2\/users\/1"}],"replies":[{"embeddable":true,"href":"http:\/\/www.tvturk.com\/index.php\/wp-json\/wp\/v2\/comments?post=203160"}],"version-history":[{"count":0,"href":"http:\/\/www.tvturk.com\/index.php\/wp-json\/wp\/v2\/posts\/203160\/revisions"}],"wp:featuredmedia":[{"embeddable":true,"href":"http:\/\/www.tvturk.com\/index.php\/wp-json\/wp\/v2\/media\/203161"}],"wp:attachment":[{"href":"http:\/\/www.tvturk.com\/index.php\/wp-json\/wp\/v2\/media?parent=203160"}],"wp:term":[{"taxonomy":"category","embeddable":true,"href":"http:\/\/www.tvturk.com\/index.php\/wp-json\/wp\/v2\/categories?post=203160"},{"taxonomy":"post_tag","embeddable":true,"href":"http:\/\/www.tvturk.com\/index.php\/wp-json\/wp\/v2\/tags?post=203160"}],"curies":[{"name":"wp","href":"https:\/\/api.w.org\/{rel}","templated":true}]}}