{"id":203212,"date":"2019-09-15T09:31:35","date_gmt":"2019-09-15T06:31:35","guid":{"rendered":"http:\/\/www.tvturk.com\/index.php\/erciyes-beyaz-gelinligini-giydi\/"},"modified":"2019-09-15T09:31:35","modified_gmt":"2019-09-15T06:31:35","slug":"erciyes-beyaz-gelinligini-giydi","status":"publish","type":"post","link":"http:\/\/www.tvturk.com\/index.php\/erciyes-beyaz-gelinligini-giydi\/","title":{"rendered":"Erciyes beyaz gelinli\u011fini giydi"},"content":{"rendered":"<p>T\u00fcrkiye\u2019nin \u00f6nemli kayak merkezlerinden biri olan Erciyes Da\u011f\u0131\u2019na sonbahar\u0131n gelmesiyle birlikte kar ya\u011f\u0131\u015f\u0131 ba\u015flad\u0131.<\/p>\n<p>Sonbahar mevsiminin gelmesi sonras\u0131nda Kayseri\u2019de hava s\u0131cakl\u0131\u011f\u0131 16 dereceye kadar d\u00fc\u015ferken, ya\u011f\u0131\u015fl\u0131 hava \u015fehirde d\u00fcn geceden beri etkili oldu. T\u00fcrkiye\u2019nin \u00f6nemli kayak merkezlerinden biri olan Erciyes Da\u011f\u0131\u2019nda ya\u011f\u0131\u015f ve so\u011fuk hava ile birlikte kar ya\u011f\u0131\u015f\u0131 da ba\u015flad\u0131.<\/p>\n<p>Erciyes Da\u011f\u0131\u2019nda 3917 metre ile 3400 metre aras\u0131nda mevsimin ilk kar\u0131 ya\u011fd\u0131 ve Erciyes Da\u011f\u0131 beyaza b\u00fcr\u00fcnd\u00fc.<\/p>\n","protected":false},"excerpt":{"rendered":"<p>T\u00dcRK\u0130YE&#8217;N\u0130N \u00d6NEML\u0130 KAYAK MERKEZLER\u0130NDEN B\u0130R\u0130 OLAN ERC\u0130YES DA\u011eI&#8217;NDA KAR YA\u011eI\u015eI BA\u015eLADI.<\/p>\n","protected":false},"author":1,"featured_media":203213,"comment_status":"closed","ping_status":"open","sticky":false,"template":"","format":"standard","meta":{"jetpack_post_was_ever_published":false,"_jetpack_newsletter_access":"","_jetpack_dont_email_post_to_subs":false,"_jetpack_newsletter_tier_id":0,"_jetpack_memberships_contains_paywalled_content":false,"_jetpack_memberships_contains_paid_content":false,"footnotes":"","jetpack_publicize_message":"","jetpack_publicize_feature_enabled":true,"jetpack_social_post_already_shared":true,"jetpack_social_options":{"image_generator_settings":{"template":"highway","default_image_id":0,"font":"","enabled":false},"version":2}},"categories":[1],"tags":[818,727,4302,2399],"class_list":["post-203212","post","type-post","status-publish","format-standard","has-post-thumbnail","hentry","category-genel","tag-beyaz","tag-erciyes","tag-gelinligini","tag-giydi"],"jetpack_publicize_connections":[],"jetpack_featured_media_url":"https:\/\/i0.wp.com\/www.tvturk.com\/wp-content\/uploads\/2019\/09\/erciyes-beyaz-gelinligini-giydi_67d6291.jpg?fit=1000%2C488","jetpack_sharing_enabled":true,"jetpack_shortlink":"https:\/\/wp.me\/paKIfm-QRC","_links":{"self":[{"href":"http:\/\/www.tvturk.com\/index.php\/wp-json\/wp\/v2\/posts\/203212","targetHints":{"allow":["GET"]}}],"collection":[{"href":"http:\/\/www.tvturk.com\/index.php\/wp-json\/wp\/v2\/posts"}],"about":[{"href":"http:\/\/www.tvturk.com\/index.php\/wp-json\/wp\/v2\/types\/post"}],"author":[{"embeddable":true,"href":"http:\/\/www.tvturk.com\/index.php\/wp-json\/wp\/v2\/users\/1"}],"replies":[{"embeddable":true,"href":"http:\/\/www.tvturk.com\/index.php\/wp-json\/wp\/v2\/comments?post=203212"}],"version-history":[{"count":0,"href":"http:\/\/www.tvturk.com\/index.php\/wp-json\/wp\/v2\/posts\/203212\/revisions"}],"wp:featuredmedia":[{"embeddable":true,"href":"http:\/\/www.tvturk.com\/index.php\/wp-json\/wp\/v2\/media\/203213"}],"wp:attachment":[{"href":"http:\/\/www.tvturk.com\/index.php\/wp-json\/wp\/v2\/media?parent=203212"}],"wp:term":[{"taxonomy":"category","embeddable":true,"href":"http:\/\/www.tvturk.com\/index.php\/wp-json\/wp\/v2\/categories?post=203212"},{"taxonomy":"post_tag","embeddable":true,"href":"http:\/\/www.tvturk.com\/index.php\/wp-json\/wp\/v2\/tags?post=203212"}],"curies":[{"name":"wp","href":"https:\/\/api.w.org\/{rel}","templated":true}]}}