{"id":203216,"date":"2019-09-15T09:31:50","date_gmt":"2019-09-15T06:31:50","guid":{"rendered":"http:\/\/www.tvturk.com\/index.php\/antandros-antik-kenti-kazilarina-ara-verildi\/"},"modified":"2019-09-15T09:31:50","modified_gmt":"2019-09-15T06:31:50","slug":"antandros-antik-kenti-kazilarina-ara-verildi","status":"publish","type":"post","link":"http:\/\/www.tvturk.com\/index.php\/antandros-antik-kenti-kazilarina-ara-verildi\/","title":{"rendered":"Antandros Antik Kenti kaz\u0131lar\u0131na ara verildi"},"content":{"rendered":"<p>Bal\u0131kesir\u2019in Edremit il\u00e7esinde bulunan Antandros Antik Kentinde bu y\u0131l \u00e7e\u015fitli nedenlerle kaz\u0131 yap\u0131lamazken, kaz\u0131 ekibi dok\u00fcmantasyon ve konservasyon i\u015flerine yo\u011funluk verdi. Kaz\u0131 ba\u015fkan\u0131 Prof. Dr. G\u00fcrcan Polat, \u201cAntandros kaz\u0131lar\u0131 2001 y\u0131l\u0131ndan beri devam etmekte ve yakla\u015f\u0131k 20 y\u0131l\u0131m\u0131z\u0131 geride b\u0131rakmam\u0131z nedeniyle hem dok\u00fcmantasyon \u00e7al\u0131\u015fmalar\u0131 yapmak hem de ge\u00e7en y\u0131l kaz\u0131 evimizi ta\u015f\u0131maktan dolay\u0131 d\u00fczeni oturtmak ad\u0131na arazi \u00e7al\u0131\u015fmalar\u0131na bu sene ara verdik\u201d dedi.<\/p>\n<p>Truva sava\u015f\u0131 sonras\u0131 Roma\u2019n\u0131n kurulu\u015funa ilk k\u0131v\u0131lc\u0131m\u0131 yakan Antandros Antik Kentinde 2001 y\u0131l\u0131ndan bu yana yap\u0131lan kaz\u0131 \u00e7al\u0131\u015fmalar\u0131 bu sezon sponsorlar\u0131n \u00e7e\u015fitli nedenleri y\u00fcz\u00fcnden yap\u0131lamad\u0131. Antik kentte \u00e7al\u0131\u015fma yapan kaz\u0131 ekibi ise sahada kaz\u0131 \u00e7al\u0131\u015fmas\u0131 yap\u0131lmamas\u0131 nedeniyle \u00e7al\u0131\u015fmalar\u0131n dok\u00fcmantasyon ve konservasyon \u00fczerine yo\u011funla\u015ft\u0131rd\u0131.<\/p>\n<p>\u00c7al\u0131\u015fmalar hakk\u0131nda bilgi veren Prof. Dr. G\u00fcrcan Polat, \u201cAntandros kaz\u0131lar\u0131 2001 y\u0131l\u0131ndan beri devam etmekte ve yakla\u015f\u0131k 20 y\u0131l\u0131m\u0131z\u0131 geride b\u0131rakmam\u0131z nedeniyle hem dok\u00fcmantasyon \u00e7al\u0131\u015fmalar\u0131 yapmak hem de ge\u00e7en y\u0131l kaz\u0131 evimizi ta\u015f\u0131maktan dolay\u0131 d\u00fczeni oturtmak ad\u0131na arazi \u00e7al\u0131\u015fmalar\u0131na bu sene ara verdik\u201d dedi.<\/p>\n<p>Sahada \u00e7al\u0131\u015fma olmamas\u0131na ra\u011fmen kaz\u0131 evinde \u00e7al\u0131\u015fmaya devam ettiklerini ifade eden Prof. Dr. Polat, \u201cTabii ki \u00e7al\u0131\u015fmalar\u0131m\u0131z devam ediyor araziye \u00e7\u0131kmasak da. \u00d6zellikle daha \u00f6nceki y\u0131llarda \u00e7\u0131km\u0131\u015f olan kaplar\u0131n onar\u0131lmas\u0131, onlar\u0131n dok\u00fcmantasyonunun tamamlanmas\u0131 ve bunlar\u0131n yay\u0131na haz\u0131rlanmas\u0131 i\u00e7in 2019 senesi bizim i\u00e7in bir f\u0131rsat oldu. Yay\u0131n \u00e7al\u0131\u015fmalar\u0131m\u0131z\u0131 h\u0131zland\u0131rd\u0131k. B\u00fct\u00fcn dok\u00fcmantasyon \u00e7al\u0131\u015fmalar\u0131n\u0131 tamaml\u0131yoruz. Bunun yan\u0131 s\u0131ra arazide eksik olan yada tekrardan kontrol edilmesi gereken mimari \u00e7izimler i\u00e7inde arkada\u015flar\u0131m\u0131z arazide k\u0131smen \u00e7al\u0131\u015f\u0131yor. Esas a\u011f\u0131rl\u0131\u011f\u0131m\u0131z\u0131 kaz\u0131 evinde ge\u00e7iriyoruz. En k\u0131sa s\u00fcrede bir yay\u0131n\u0131 piyasaya \u00e7\u0131karmak arzusu i\u00e7erisindeyiz. Bunun yan\u0131 s\u0131ra daha \u00f6nce kaz\u0131 \u00e7al\u0131\u015fmalar\u0131nda ele ge\u00e7en ve konservasyonlar\u0131 yap\u0131lmam\u0131\u015f olan baz\u0131 eserlerimiz vard\u0131. Onlar\u0131n konservasyonlar\u0131n\u0131 tamamlay\u0131p onlar\u0131 da m\u00fczeye teslim etmek hedeflerimiz aras\u0131nda yer almakta. Dok\u00fcmantasyon \u00e7al\u0131\u015fmalar\u0131m\u0131z\u0131 toplad\u0131\u011f\u0131m\u0131z takdirde 2020 y\u0131l\u0131na s\u0131f\u0131rdan \u00e7ok daha g\u00fc\u00e7l\u00fc bir \u015fekilde daha enerjik bir \u015fekilde ba\u015flamay\u0131 hedefliyoruz\u201d dedi.<\/p>\n","protected":false},"excerpt":{"rendered":"<p>BALIKES\u0130R\u2019\u0130N EDREM\u0130T \u0130L\u00c7ES\u0130NDE BULUNAN ANTANDROS ANT\u0130K KENT\u0130NDE BU YIL \u00c7E\u015e\u0130TL\u0130 NEDENLERLE KAZI YAPILAMAZKEN KAZI EK\u0130B\u0130 D\u00d6K\u00dcMANTASYON VE KONSERVASYON \u0130\u015eLER\u0130NE YO\u011eUNLUK VERD\u0130.<\/p>\n","protected":false},"author":1,"featured_media":203217,"comment_status":"closed","ping_status":"open","sticky":false,"template":"","format":"standard","meta":{"jetpack_post_was_ever_published":false,"_jetpack_newsletter_access":"","_jetpack_dont_email_post_to_subs":false,"_jetpack_newsletter_tier_id":0,"_jetpack_memberships_contains_paywalled_content":false,"_jetpack_memberships_contains_paid_content":false,"footnotes":"","jetpack_publicize_message":"","jetpack_publicize_feature_enabled":true,"jetpack_social_post_already_shared":true,"jetpack_social_options":{"image_generator_settings":{"template":"highway","default_image_id":0,"font":"","enabled":false},"version":2}},"categories":[656],"tags":[51267,15465,112,51268,13838,634],"class_list":["post-203216","post","type-post","status-publish","format-standard","has-post-thumbnail","hentry","category-kultur-sanat","tag-antandros","tag-antik","tag-ara","tag-kazilarina","tag-kenti","tag-verildi"],"jetpack_publicize_connections":[],"jetpack_featured_media_url":"https:\/\/i0.wp.com\/www.tvturk.com\/wp-content\/uploads\/2019\/09\/antandros-antik-kenti-kazilarina-ara-verildi_fa9b25f.jpg?fit=1000%2C666","jetpack_sharing_enabled":true,"jetpack_shortlink":"https:\/\/wp.me\/paKIfm-QRG","_links":{"self":[{"href":"http:\/\/www.tvturk.com\/index.php\/wp-json\/wp\/v2\/posts\/203216","targetHints":{"allow":["GET"]}}],"collection":[{"href":"http:\/\/www.tvturk.com\/index.php\/wp-json\/wp\/v2\/posts"}],"about":[{"href":"http:\/\/www.tvturk.com\/index.php\/wp-json\/wp\/v2\/types\/post"}],"author":[{"embeddable":true,"href":"http:\/\/www.tvturk.com\/index.php\/wp-json\/wp\/v2\/users\/1"}],"replies":[{"embeddable":true,"href":"http:\/\/www.tvturk.com\/index.php\/wp-json\/wp\/v2\/comments?post=203216"}],"version-history":[{"count":0,"href":"http:\/\/www.tvturk.com\/index.php\/wp-json\/wp\/v2\/posts\/203216\/revisions"}],"wp:featuredmedia":[{"embeddable":true,"href":"http:\/\/www.tvturk.com\/index.php\/wp-json\/wp\/v2\/media\/203217"}],"wp:attachment":[{"href":"http:\/\/www.tvturk.com\/index.php\/wp-json\/wp\/v2\/media?parent=203216"}],"wp:term":[{"taxonomy":"category","embeddable":true,"href":"http:\/\/www.tvturk.com\/index.php\/wp-json\/wp\/v2\/categories?post=203216"},{"taxonomy":"post_tag","embeddable":true,"href":"http:\/\/www.tvturk.com\/index.php\/wp-json\/wp\/v2\/tags?post=203216"}],"curies":[{"name":"wp","href":"https:\/\/api.w.org\/{rel}","templated":true}]}}