{"id":203222,"date":"2019-09-15T10:01:46","date_gmt":"2019-09-15T07:01:46","guid":{"rendered":"http:\/\/www.tvturk.com\/index.php\/filistinli-musa-hicazinin-erdogan-sevgisi\/"},"modified":"2019-09-15T10:01:46","modified_gmt":"2019-09-15T07:01:46","slug":"filistinli-musa-hicazinin-erdogan-sevgisi","status":"publish","type":"post","link":"http:\/\/www.tvturk.com\/index.php\/filistinli-musa-hicazinin-erdogan-sevgisi\/","title":{"rendered":"Filistinli Musa Hicazi\u2019nin \u2018Erdo\u011fan\u2019 sevgisi"},"content":{"rendered":"<p>Filistinli Musa Hicazi, gezmek i\u00e7in geldi\u011fi Erzurum\u2019da Cumhurba\u015fkan\u0131 Recep Tayyip Erdo\u011fan\u2019a olan sevgisini dile getirerek, &#8220;Recep Tayyip Erdo\u011fan\u2019a Sultan Abd\u00fclhamid Han olarak bak\u0131yoruz\u201d dedi.<\/p>\n<p>Kadim Kud\u00fcs Burj Al Laklak Derne\u011fi Ba\u015fkan\u0131 Musa Hicazi ve e\u015fi Reca Hicazi, tarihi yerleri gezmek i\u00e7in Erzurum\u2019a geldi. \u0130lk olarak Aziziye Tabyalar\u0131\u2019nda bulunan Nene Hatun\u2019un mezar\u0131n\u0131 ziyaret eden Hicazi, Cumhurba\u015fkan\u0131 Recep Tayyip Erdo\u011fan\u2019\u0131n T\u00fcrkiye\u2019nin Sultan Abd\u00fclhamid Han\u2019\u0131 oldu\u011funu s\u00f6yledi. Erzurum\u2019un tarihi bak\u0131m\u0131ndan T\u00fcrkiye\u2019nin b\u00fcy\u00fck \u015fehirlerinden birisi oldu\u011funu ifade eden Hicazi, \u201cBen Filistin Kud\u00fcsl\u00fcy\u00fcm. \u0130stanbul Teknik \u00dcniversitesi mezunuyum. Kendim in\u015faat m\u00fchendisiyim. 1984 y\u0131l\u0131nda T\u00fcrkiye\u2019den mezun oldum. \u0130lk defa Erzurum\u2019a geliyorum. Yani \u00f6\u011frenci oldu\u011fumdan beri, 1980\u2019den beri hep Erzurum\u2019a gelmeyi d\u00fc\u015f\u00fcnd\u00fcm. Hamdolsun bug\u00fcn f\u0131rsat oldu. Birlikte geldi\u011fim arkada\u015flar\u0131m Erzurumlu, T\u00fcrkiye\u2019de oldu\u011fumuzu bilince bizi davet ettiler. Ben de o daveti k\u0131rmad\u0131m geldim ve \u00e7ok sevindim. \u00c7\u00fcnk\u00fc Erzurum T\u00fcrkiye\u2019nin en b\u00fcy\u00fck \u015fehirlerinden birisidir. Tarihi bak\u0131m\u0131ndan,  Erzurum T\u00fcrk\u00fc simgeleyen bir yerdir. Buradaki ya\u015fayan insanlar, \u00f6z T\u00fcrk\u2019t\u00fcr\u201d diye konu\u015ftu.<\/p>\n<p>\u201cOsmanl\u0131\u2019dan sonra g\u00fczel g\u00fcnler g\u00f6rmedik\u201d<\/p>\n<p>Osmanl\u0131 Kud\u00fcs\u2019ten \u00e7\u0131kt\u0131\u011f\u0131ndan beri durumun k\u00f6t\u00fcye gitti\u011fini kaydeden Hicazi, \u201cBen 1980 y\u0131l\u0131nda m\u00fchendisli\u011fi bitirdim, Kud\u00fcs\u2019e d\u00f6nd\u00fcm. Kud\u00fcs\u2019e gelince biliyorsunuz 1917\u2019den beri Kud\u00fcs yaral\u0131d\u0131r. Osmanl\u0131 Kud\u00fcs\u2019ten \u00e7\u0131kt\u0131\u011f\u0131ndan beri durum k\u00f6t\u00fc. Osmanl\u0131lar \u00e7\u0131kt\u0131 \u0130ngilizler geldi, \u0130ngilizler \u00e7\u0131kmadan \u00f6nce t\u00fcm d\u00fcnyan\u0131n Yahudilerini Filistin\u2019e getirdiler yerle\u015ftirdiler. O g\u00fcnlerden beri b\u00f6yle g\u00fczel g\u00fcnler g\u00f6rmedik. Bilindi\u011fi gibi Osmanl\u0131lar ve M\u00fcsl\u00fcmanlar oralarda olunca Kud\u00fcs\u2019e M\u00fcsl\u00fcmanlar sahip \u00e7\u0131kt\u0131lar. Osmanl\u0131 \u00e7\u0131kt\u0131\u011f\u0131nda maalesef her g\u00fcn bas\u0131l\u0131yor. Filistinlilerin topraklar\u0131 Yahudilerin eline ge\u00e7ti. \u00c7ok mescitlerimizi \u00f6zellikle 1948 y\u0131l\u0131nda i\u015fgal edilen b\u00f6lgelerde yok ettiler, y\u0131kt\u0131lar. Bir k\u0131sm\u0131n\u0131 bar olarak kullan\u0131yorlar. Bir k\u0131sm\u0131n\u0131 ev olarak kullan\u0131yorlar. \u0130n\u015fallah bu aziz g\u00fcnlere tekrar d\u00f6neriz. \u00c7\u00fcnk\u00fc bizce Osmanl\u0131 bir araya \u00e7\u0131kt\u0131, fakat illaki bir g\u00fcn anas\u0131na, yani \u00e7ocu\u011funa d\u00f6necektir. T\u00fcm M\u00fcsl\u00fcmanlar olarak biz bekliyoruz. Bizler geri d\u00f6nmelerini hep bekliyoruz. Tarih boyunca Kud\u00fcs azizken t\u00fcm M\u00fcsl\u00fcmanlar azizdi. M\u00fcsl\u00fcmanlar cihat yolunu se\u00e7tiklerinde bizler cihatla kimselere sald\u0131rmak istemiyoruz. Durmakta istemiyoruz. \u0130slam\u2019\u0131 korumak i\u00e7in bizler \u00e7al\u0131\u015ft\u0131k. \u0130n\u015fallah bir g\u00fcn gelecek hepimiz Mescid-i Aksa\u2019da namaz\u0131m\u0131z\u0131 k\u0131laca\u011f\u0131z. Hepimiz tekrar kutlayaca\u011f\u0131z\u201d ifadelerini kulland\u0131.<\/p>\n<p>\u201cRecep Tayyip Erdo\u011fan gibi lider 100 seneden beridir g\u00f6rmedik\u201d<\/p>\n<p>Cumhurba\u015fkan\u0131 Erdo\u011fan\u2019a Sultan Abd\u00fclhamid Han olarak bakt\u0131klar\u0131n\u0131 kaydeden Hicazi, \u201cTabii bizler bu aslana, yani uzun adama hep dua ediyoruz. \u00c7\u00fcnk\u00fc Recep Tayyip gibi b\u00f6yle bir lider 100 seneden beridir g\u00f6rmedik. \u00c7\u00fcnk\u00fc bu biz Osmanl\u0131 torunu olarak ona bak\u0131yoruz. Yani Sultan Abd\u00fclhamid Han olarak bizler ona \u00f6yle bak\u0131yoruz. Ben 1980 y\u0131l\u0131nda buradayken T\u00fcrkiye t\u0131pk\u0131 \u00fc\u00e7\u00fcnc\u00fc d\u00fcnya sava\u015f\u0131 ya\u015far gibi g\u00f6r\u00fcn\u00fcyordu. Ben \u0130stanbul\u2019da ya\u015fad\u0131m. Elektrik kesiliyordu, sular kesiliyordu, yollar \u00e7ok bozuktu, k\u00f6pr\u00fclerin say\u0131s\u0131 \u00e7ok azd\u0131, millet s\u0131k\u0131nt\u0131 i\u00e7erisindeydi. Fakat hamdolsun ki o geldi\u011finden beridir T\u00fcrkiye \u00e7ok b\u00fcy\u00fck \u00fclke oldu. Herkes T\u00fcrkiye\u2019ye sayg\u0131 ile bak\u0131yor. Allah bu adam\u0131 korusun. Bu adam\u0131n tarihi hep Sultan Abd\u00fclhamid Han\u2019\u0131 hat\u0131rlat\u0131yor. Bu adam M\u00fcsl\u00fcmanlar\u0131 merak ediyor, M\u00fcsl\u00fcmanlara yard\u0131m ediyor. D\u00fc\u015fmanlara kar\u015f\u0131 sert tutumu var. Maalesef bu adama kar\u015f\u0131 muhalefet \u00e7ok bilmiyorum neden. Bu adam T\u00fcrkiye\u2019ye ve M\u00fcsl\u00fcmanlara iyi \u015feyler yapt\u0131. \u00d6zellikle bak\u0131yoruz baz\u0131 gen\u00e7ler T\u00fcrkiye\u2019nin nas\u0131l bir halde oldu\u011funu bilmedikleri i\u00e7in sanki Recep Tayyip Erdo\u011fan\u2019dan veya AK Parti\u2019den b\u0131km\u0131\u015flar, fakat onlar \u00e7ok g\u00fczel \u015feyler yapt\u0131lar. Bizler tabii ki T\u00fcrkiye\u2019nin haberlerini takip ediyoruz. Halen daha Osmanl\u0131 d\u00fcnyas\u0131nda ya\u015f\u0131yoruz. \u00c7\u00fcnk\u00fc T\u00fcrkiye bizim kalemizdir\u201d dedi.<\/p>\n<p>\u201cT\u00fcrkiye, t\u00fcm mazlumlar i\u00e7in \u00f6nemli bir kaledir\u201d<\/p>\n<p>D\u00fc\u015fmanlar\u0131n T\u00fcrkiye\u2019yi d\u00fc\u015f\u00fcrmeye \u00e7al\u0131\u015ft\u0131\u011f\u0131n\u0131 vurgulayan Hicazi, \u201cDi\u011fer \u0130slam \u00fclkeleri gibi, yani Suriye gibi, Irak gibi yapmak istiyorlar. Bunlara kar\u015f\u0131 sizlerin uyan\u0131k olmas\u0131n\u0131 rica ediyoruz. Bir olman\u0131z laz\u0131m. Hepiniz g\u00fczel kalplisiniz, yani k\u0131saca T\u00fcrkiye\u2019nin kom\u00fcnisti olsun, dindar\u0131 olsun, ben daha a\u00e7\u0131k\u00e7a s\u00f6yleyeyim CHP, AK Parti ve MHP hepiniz uyan\u0131k olun, \u00e7\u00fcnk\u00fc d\u00fc\u015fmanlar hepinizi yemek istiyorlar. Hepinizi d\u00fc\u015f\u00fcrmek istiyorlar. Bu sebepten biraz uyan\u0131k olun. Yani, T\u00fcrkiye partiden daha b\u00fcy\u00fckt\u00fcr. T\u00fcrkiye yaln\u0131zca T\u00fcrkler i\u00e7in de\u011fil t\u00fcm \u0130slam \u00fcmmeti i\u00e7in, t\u00fcm mazlumlar i\u00e7in \u00f6nemli bir kaledir. Bu kaleyi d\u00fc\u015f\u00fcrmemeliyiz. Bu kaleyi korumam\u0131z laz\u0131m\u201d a\u00e7\u0131klamalar\u0131nda bulundu.<\/p>\n","protected":false},"excerpt":{"rendered":"<p>F\u0130L\u0130ST\u0130NL\u0130 MUSA H\u0130CAZ\u0130, GEZMEK \u0130\u00c7\u0130N GELD\u0130\u011e\u0130 ERZURUM\u2019DA CUMHURBA\u015eKANI RECEP TAYY\u0130P ERDO\u011eAN\u2019A OLAN SEVG\u0130S\u0130N\u0130 D\u0130LE GET\u0130RD\u0130<\/p>\n","protected":false},"author":1,"featured_media":203223,"comment_status":"closed","ping_status":"open","sticky":false,"template":"","format":"standard","meta":{"jetpack_post_was_ever_published":false,"_jetpack_newsletter_access":"","_jetpack_dont_email_post_to_subs":false,"_jetpack_newsletter_tier_id":0,"_jetpack_memberships_contains_paywalled_content":false,"_jetpack_memberships_contains_paid_content":false,"footnotes":"","jetpack_publicize_message":"","jetpack_publicize_feature_enabled":true,"jetpack_social_post_already_shared":true,"jetpack_social_options":{"image_generator_settings":{"template":"highway","default_image_id":0,"font":"","enabled":false},"version":2}},"categories":[1],"tags":[649,17996,51270,16079,5875],"class_list":["post-203222","post","type-post","status-publish","format-standard","has-post-thumbnail","hentry","category-genel","tag-erdogan","tag-filistinli","tag-hicazinin","tag-musa","tag-sevgisi"],"jetpack_publicize_connections":[],"jetpack_featured_media_url":"https:\/\/i0.wp.com\/www.tvturk.com\/wp-content\/uploads\/2019\/09\/filistinli-musa-hicazinin-erdogan-sevgisi_9fc4b0f.jpg?fit=1000%2C666","jetpack_sharing_enabled":true,"jetpack_shortlink":"https:\/\/wp.me\/paKIfm-QRM","_links":{"self":[{"href":"http:\/\/www.tvturk.com\/index.php\/wp-json\/wp\/v2\/posts\/203222","targetHints":{"allow":["GET"]}}],"collection":[{"href":"http:\/\/www.tvturk.com\/index.php\/wp-json\/wp\/v2\/posts"}],"about":[{"href":"http:\/\/www.tvturk.com\/index.php\/wp-json\/wp\/v2\/types\/post"}],"author":[{"embeddable":true,"href":"http:\/\/www.tvturk.com\/index.php\/wp-json\/wp\/v2\/users\/1"}],"replies":[{"embeddable":true,"href":"http:\/\/www.tvturk.com\/index.php\/wp-json\/wp\/v2\/comments?post=203222"}],"version-history":[{"count":0,"href":"http:\/\/www.tvturk.com\/index.php\/wp-json\/wp\/v2\/posts\/203222\/revisions"}],"wp:featuredmedia":[{"embeddable":true,"href":"http:\/\/www.tvturk.com\/index.php\/wp-json\/wp\/v2\/media\/203223"}],"wp:attachment":[{"href":"http:\/\/www.tvturk.com\/index.php\/wp-json\/wp\/v2\/media?parent=203222"}],"wp:term":[{"taxonomy":"category","embeddable":true,"href":"http:\/\/www.tvturk.com\/index.php\/wp-json\/wp\/v2\/categories?post=203222"},{"taxonomy":"post_tag","embeddable":true,"href":"http:\/\/www.tvturk.com\/index.php\/wp-json\/wp\/v2\/tags?post=203222"}],"curies":[{"name":"wp","href":"https:\/\/api.w.org\/{rel}","templated":true}]}}