{"id":203224,"date":"2019-09-15T10:01:51","date_gmt":"2019-09-15T07:01:51","guid":{"rendered":"http:\/\/www.tvturk.com\/index.php\/burasi-ahiret-kavsagi\/"},"modified":"2019-09-15T10:01:51","modified_gmt":"2019-09-15T07:01:51","slug":"burasi-ahiret-kavsagi","status":"publish","type":"post","link":"http:\/\/www.tvturk.com\/index.php\/burasi-ahiret-kavsagi\/","title":{"rendered":"Buras\u0131 \u2019Ahiret Kav\u015fa\u011f\u0131\u2019"},"content":{"rendered":"<p>Rize\u2019nin Pazar il\u00e7esinde kav\u015fakta \u00e7ok trafik kazas\u0131 olmas\u0131 nedeniyle kav\u015fak \u2019Ahiret Kav\u015fa\u011f\u0131\u2019 olarak nitelendiriliyor.<\/p>\n<p>\u0130l\u00e7eye ba\u011fl\u0131 Lise Kav\u015fa\u011f\u0131 olarak bilinen kav\u015fakta s\u00fcrekli meydana gelen kazalar b\u00f6lge halk\u0131n\u0131 tedirgin ederken tepkilere de neden oluyor. Pazar \u015eof\u00f6rler ve Otomobilciler Esnaf Odas\u0131 Ba\u015fkan\u0131 Osman Y\u00fcksel, Rize\u2019de meydana gelen trafik kazalar\u0131nda Pazar Lise Kav\u015fa\u011f\u0131\u2019n\u0131n ba\u015f\u0131 \u00e7ekti\u011fini dile getirdi.<\/p>\n<p>Yetkili mercilere uyar\u0131lar\u0131n yap\u0131ld\u0131\u011f\u0131n\u0131 ve bir \u00f6nlem al\u0131n\u0131lmas\u0131 gerekti\u011fini dile getiren Ba\u015fkan Y\u00fcksel \u201cTrafik kazalar\u0131n\u0131n oran\u0131na bakt\u0131\u011f\u0131n\u0131zda Rize\u2019de en \u00e7ok kaza oran\u0131 burada g\u00f6z\u00fck\u00fcyor. Biz de buraya ge\u00e7mi\u015fte siyah \u00e7elenk b\u0131rakt\u0131k ve \u015fof\u00f6rler odas\u0131 olarak amac\u0131m\u0131z yetkililere, karayollar\u0131na sesimizi duyurmakt\u0131. Fakat o g\u00fcnden bug\u00fcne kadar hi\u00e7bir sonu\u00e7 bulamad\u0131k. Mesela F\u0131rt\u0131na Vadisi\u2019nde bir viyad\u00fck var ara\u00e7lar\u0131n alt\u0131ndan ge\u00e7ti\u011fi, bizde \u00f6yle bir \u015fey istiyoruz. Bunun \u00c7ayeli ve Rize\u2019de \u00f6rne\u011fi var. Pazar \u00e7ok eski bir il\u00e7e, neden Pazar\u2019da olmas\u0131n. Pazar bunu hak etmiyor, \u015fu b\u00f6lgeye bakt\u0131\u011f\u0131m\u0131zda \u00e7ok kar\u0131\u015f\u0131k bir yer, her yerden ara\u00e7 ge\u00e7iyor\u201d dedi.<\/p>\n<p>Kav\u015fa\u011f\u0131n ad\u0131: Ahirete \u00e7\u0131kan yol<\/p>\n<p>Kav\u015fa\u011f\u0131 \u00f6l\u00fcm noktas\u0131 ve ahiret kav\u015fa\u011f\u0131 olarak adland\u0131rd\u0131klar\u0131n\u0131 dile getiren Y\u00fcksel \u201cBuras\u0131 \u00f6l\u00fcm noktas\u0131 bir kav\u015fak. Burada birisi \u00f6l\u00fcrse bunun sorumlusu biz de\u011filiz. \u0130nsanlar \u00f6lmesin, maddi kaza da k\u00f6t\u00fcd\u00fcr, milli servette gidiyor. B\u00f6yle bir alan var m\u0131, koca bir alan nereden araba geldi, nereye araba gitti belli de\u011fil. Bu yol tabuta \u00e7\u0131k\u0131yor, tabuta koyacaks\u0131n do\u011fru mezara. Kimse mezara gitmesin, anneler, bac\u0131lar a\u011flamas\u0131n. Bu yol direk ahirete \u00e7\u0131k\u0131yor, buradaki kazalar direk ahirete \u00e7\u0131k\u0131yor diyoruz biz\u201d \u015feklinde konu\u015ftu.<\/p>\n<p>Bir kav\u015fak sorunu da Kirazl\u0131k Mahallesi\u2019nde<\/p>\n<p>\u0130l\u00e7eye ba\u011fl\u0131 Kirazl\u0131k Mahallesi\u2019nde ise \u00fcst ge\u00e7it olmay\u0131\u015f\u0131 b\u00f6lge halk\u0131n\u0131n hayat\u0131n\u0131 tehdit ediyor. Yoldan kar\u015f\u0131ya ge\u00e7mek isteyen vatanda\u015flar, yayalar i\u00e7in herhangi bir ge\u00e7i\u015f noktas\u0131 olmad\u0131\u011f\u0131 i\u00e7in Kirazl\u0131k Kav\u015fa\u011f\u0131\u2019n\u0131 kullanmak zorunda kal\u0131yor. Ya\u015fam alan\u0131n\u0131n hemen kar\u015f\u0131s\u0131ndaki bal\u0131k\u00e7\u0131 bar\u0131naklar\u0131, sahil y\u00fcr\u00fcy\u00fc\u015f yolu ve sosyal tesislerin oldu\u011fu alana ge\u00e7mek isteyen vatanda\u015flar en yak\u0131n \u00fcst ge\u00e7idin kendilerine \u00e7ok uzak olmas\u0131ndan \u00f6t\u00fcr\u00fc kav\u015fa\u011f\u0131 kullanmak zorunda kal\u0131nca hem s\u00fcr\u00fcc\u00fcler, hem de yayalar\u0131n hayat\u0131 tehlikeye giriyor.<\/p>\n<p>&#8220;Bir \u015fey olmadan tedbirimizi almam\u0131z gerekiyor&#8221;<\/p>\n<p>S\u00fcrekli maddi hasarl\u0131 kazalar\u0131n meydana geldi\u011fi kav\u015fakta, \u00f6l\u00fcml\u00fc kazalar\u0131n meydana gelmemesi i\u00e7in \u00f6nlem al\u0131nmas\u0131 gerekti\u011fini dile getiren b\u00f6lge sakini Ali Canca \u201cTesisler var g\u00fczelim deniz, plaj var ama gitmesi \u00e7ok riskli, \u00e7ok tehlikeli. Bunlar\u0131n halka arz edilmesi i\u00e7in ge\u00e7i\u015fi kolayla\u015ft\u0131rmak laz\u0131m. Bu da ya \u00fcst ge\u00e7it yada alt ge\u00e7itle sa\u011flan\u0131r. Belediye g\u00f6revlileri ile konu\u015ftum. Belediye ba\u015fkan yard\u0131mc\u0131s\u0131 ile g\u00f6r\u00fc\u015ft\u00fc\u011f\u00fcmde m\u00fcracaat ettik diyorlar, haber bekliyoruz diyorlar. Bende sivil aya\u011f\u0131n\u0131n \u00f6nc\u00fcs\u00fc olaca\u011f\u0131n\u0131 dile getirdim. Trafik ortada her saniye ara\u00e7lar u\u00e7arak ge\u00e7iyorlar. Maddi hasarl\u0131 kazalar meydana geliyor, bu bug\u00fcn olmad\u0131ysa olmayacak anlam\u0131na gelmiyor. Bir \u015fey olmadan tedbirimizi almam\u0131z gerekiyor, olaca\u011f\u0131 belli \u00e7\u00fcnk\u00fc. Durum ortada\u201d ifadelerini kulland\u0131.<\/p>\n","protected":false},"excerpt":{"rendered":"<p>K\u0130RAZLIK MAHALLES\u0130\u2019NDE \u0130SE \u00dcST GE\u00c7\u0130T OLMAYI\u015eI B\u00d6LGE HALKININ HAYATINI TEHD\u0130T ED\u0130YOR<\/p>\n","protected":false},"author":1,"featured_media":203225,"comment_status":"closed","ping_status":"open","sticky":false,"template":"","format":"standard","meta":{"jetpack_post_was_ever_published":false,"_jetpack_newsletter_access":"","_jetpack_dont_email_post_to_subs":false,"_jetpack_newsletter_tier_id":0,"_jetpack_memberships_contains_paywalled_content":false,"_jetpack_memberships_contains_paid_content":false,"footnotes":"","jetpack_publicize_message":"","jetpack_publicize_feature_enabled":true,"jetpack_social_post_already_shared":true,"jetpack_social_options":{"image_generator_settings":{"template":"highway","default_image_id":0,"font":"","enabled":false},"version":2}},"categories":[1],"tags":[51271,18723,12821],"class_list":["post-203224","post","type-post","status-publish","format-standard","has-post-thumbnail","hentry","category-genel","tag-ahiret","tag-burasi","tag-kavsagi"],"jetpack_publicize_connections":[],"jetpack_featured_media_url":"https:\/\/i0.wp.com\/www.tvturk.com\/wp-content\/uploads\/2019\/09\/burasi-ahiret-kavsagi_c28c52d.jpg?fit=1000%2C666","jetpack_sharing_enabled":true,"jetpack_shortlink":"https:\/\/wp.me\/paKIfm-QRO","_links":{"self":[{"href":"http:\/\/www.tvturk.com\/index.php\/wp-json\/wp\/v2\/posts\/203224","targetHints":{"allow":["GET"]}}],"collection":[{"href":"http:\/\/www.tvturk.com\/index.php\/wp-json\/wp\/v2\/posts"}],"about":[{"href":"http:\/\/www.tvturk.com\/index.php\/wp-json\/wp\/v2\/types\/post"}],"author":[{"embeddable":true,"href":"http:\/\/www.tvturk.com\/index.php\/wp-json\/wp\/v2\/users\/1"}],"replies":[{"embeddable":true,"href":"http:\/\/www.tvturk.com\/index.php\/wp-json\/wp\/v2\/comments?post=203224"}],"version-history":[{"count":0,"href":"http:\/\/www.tvturk.com\/index.php\/wp-json\/wp\/v2\/posts\/203224\/revisions"}],"wp:featuredmedia":[{"embeddable":true,"href":"http:\/\/www.tvturk.com\/index.php\/wp-json\/wp\/v2\/media\/203225"}],"wp:attachment":[{"href":"http:\/\/www.tvturk.com\/index.php\/wp-json\/wp\/v2\/media?parent=203224"}],"wp:term":[{"taxonomy":"category","embeddable":true,"href":"http:\/\/www.tvturk.com\/index.php\/wp-json\/wp\/v2\/categories?post=203224"},{"taxonomy":"post_tag","embeddable":true,"href":"http:\/\/www.tvturk.com\/index.php\/wp-json\/wp\/v2\/tags?post=203224"}],"curies":[{"name":"wp","href":"https:\/\/api.w.org\/{rel}","templated":true}]}}