{"id":203246,"date":"2019-09-15T10:31:51","date_gmt":"2019-09-15T07:31:51","guid":{"rendered":"http:\/\/www.tvturk.com\/index.php\/palandoken-avm-ve-zincir-marketler-esnafi-zorluyor\/"},"modified":"2019-09-15T10:31:51","modified_gmt":"2019-09-15T07:31:51","slug":"palandoken-avm-ve-zincir-marketler-esnafi-zorluyor","status":"publish","type":"post","link":"http:\/\/www.tvturk.com\/index.php\/palandoken-avm-ve-zincir-marketler-esnafi-zorluyor\/","title":{"rendered":"Paland\u00f6ken: \u201cAVM ve zincir marketler esnaf\u0131 zorluyor\u201d"},"content":{"rendered":"<p>AVM ve zincir marketlerin cirolar\u0131n\u0131 her ay art\u0131r\u0131rken esnaf\u0131 daha da zor duruma soktu\u011funu vurgulayan TESK Genel Ba\u015fkan\u0131 Bendevi Paland\u00f6ken, \u201c\u00dclkemizde 400\u2019\u00fcn \u00fczerinde AVM, 36 binin \u00fczerinde zincir market her ay cirosunu art\u0131r\u0131rken bu durum esnaf\u0131m\u0131z\u0131 zor durumda b\u0131rak\u0131yor. Neredeyse her ilimizde olan, hatta b\u00fcy\u00fck\u015fehirlerde ihtiyac\u0131n \u00e7ok \u00fczerinde olan AVM\u2019ler ile mantar gibi her sokak ba\u015f\u0131na a\u00e7\u0131lan zincir marketlerin say\u0131lar\u0131 ile \u00e7al\u0131\u015fma saatlerine bir d\u00fczenleme getirilmeli. En \u00f6nemlisi zincir marketlerin a\u00e7\u0131l\u0131\u015flar\u0131 bir kurala ba\u011flanmal\u0131. Her isteyen istedi\u011fi yere zincir market a\u00e7mamal\u0131\u201d dedi.<\/p>\n<p>Zincir marketlerin de AVM\u2019lerin de cirolar\u0131n\u0131 art\u0131r\u0131rken esnafa zarar verdi\u011fine dikkati \u00e7eken T\u00fcrkiye Esnaf ve Sanatk\u00e2rlar Konfederasyonu (TESK) Genel Ba\u015fkan\u0131 Bendevi Paland\u00f6ken, \u201cBu y\u0131l AVM cirolar\u0131 Ocak\u2019ta y\u00fczde 9, \u015eubat\u2019ta y\u00fczde 18, Mart\u2019ta y\u00fczde 22, Nisan\u2019da y\u00fczde 14, May\u0131s\u2019ta y\u00fczde 23, Haziran\u2019da y\u00fczde 19 ve Temmuz\u2019da y\u00fczde 14 artt\u0131. Bununla birlikte \u00fclke genelinde say\u0131lar\u0131 ise 400\u2019\u00fcn \u00fczerine \u00e7\u0131kt\u0131. Her ay cirolar\u0131n\u0131 art\u0131r\u0131rken ayn\u0131 zamanda yeni AVM in\u015faatlar\u0131 da ba\u015fl\u0131yor. \u015eehirlerin merkezlerinde, bazen yan yana a\u00e7\u0131larak, hem birbirlerine, hem caddelerdeki esnaf\u0131m\u0131za zarar veriyorlar. G\u00f6r\u00fcnt\u00fc kirlili\u011finin yan\u0131 s\u0131ra, i\u00e7inde her sekt\u00f6rden b\u00fcy\u00fck ma\u011faza bulundurdu\u011fu i\u00e7in esnaf\u0131m\u0131z\u0131n ekme\u011fini b\u00f6l\u00fcyorlar. N\u00fcfusa oranla en az esnaf\u0131n, AVM say\u0131s\u0131 en \u00e7ok olan 3 b\u00fcy\u00fck\u015fehir yani \u0130stanbul, Ankara, \u0130zmir\u2019de olmas\u0131 da bu durumun en a\u00e7\u0131k \u00f6rne\u011fidir. Yine en \u00f6nemlisi bir di\u011fer konu ise zincir marketler de ayn\u0131 \u015fekilde her soka\u011fa yan yana \u00fc\u00e7 be\u015f tane a\u00e7\u0131l\u0131yor. Bir ki\u015fiye ait 10 bin market var. Bu kabul edilemez\u201d diye konu\u015ftu.<\/p>\n<p>\u201cAVM\u2019lerin say\u0131lar\u0131 ile \u00e7al\u0131\u015fma saatleri d\u00fczenlenmeli\u201d<\/p>\n<p>A\u00e7\u0131l\u0131\u015f say\u0131lar\u0131 ile saatlerine bir d\u00fczenleme gelmedi\u011fi s\u00fcrece AVM ve zincir marketlerin esnaf\u0131 olumsuz etkilemeye devam edece\u011fini hat\u0131rlatan Paland\u00f6ken, \u201c\u00c7ok uzun y\u0131llard\u0131r ger\u00e7ekle\u015fmesini talep etti\u011fimiz bir konu, AVM\u2019lerin ve zincir marketlerin a\u00e7\u0131l\u0131\u015f konumlar\u0131, a\u00e7\u0131l\u0131\u015f say\u0131lar\u0131 ve \u00e7al\u0131\u015fma saatlerinin d\u00fczenlenmesi. Haftan\u0131n her g\u00fcn\u00fc a\u00e7\u0131k olduklar\u0131 gibi, dini bayramlarda da a\u00e7\u0131klar. Sabah 9 ile 10\u2019da a\u00e7\u0131l\u0131p, ak\u015fam 22.00\u2019a kadar a\u00e7\u0131k kal\u0131yorlar. Hi\u00e7 tatil yapmadan bu kadar uzun s\u00fcre a\u00e7\u0131k kalmalar\u0131na art\u0131k bir \u00e7eki d\u00fczen getirilmeli. Ayr\u0131ca a\u00e7\u0131ld\u0131\u011f\u0131 gibi kapanan bir\u00e7ok AVM \u00f6rne\u011fi mevcut. Milli israfa da neden oluyorlar. Yan yana ve kurals\u0131z a\u00e7\u0131larak sadece esnaf\u0131m\u0131za de\u011fil birbirlerine de zarar verdikleri i\u00e7in AVM\u2019ler \u015fehir merkezlerinden uza\u011fa yap\u0131lmal\u0131. Zincir marketlerin a\u00e7\u0131l\u0131\u015f\u0131 da a\u00e7\u0131laca\u011f\u0131 yerdeki n\u00fcfusa g\u00f6re belirlenmeli\u201d \u015feklinde konu\u015ftu.<\/p>\n","protected":false},"excerpt":{"rendered":"<p>AVM VE Z\u0130NC\u0130R MARKETLER\u0130N C\u0130ROLARINI HER AY ARTIRIRKEN ESNAFI DAHA DA ZOR DURUMA SOKTU\u011eUNU VURGULAYAN TESK GENEL BA\u015eKANI BENDEV\u0130 PALAND\u00d6KEN, \u201c\u00dcLKEM\u0130ZDE 400\u2019\u00dcN \u00dcZER\u0130NDE AVM, 36 B\u0130N\u0130N \u00dcZER\u0130NDE Z\u0130NC\u0130R MARKET HER AY C\u0130ROSUNU ARTIRIRKEN BU DURUM ESNAFIMIZI ZOR DURUMDA BIRAKIYOR. NEREDEYSE HER \u0130L\u0130M\u0130ZDE OLAN, HATTA B\u00dcY\u00dcK\u015eEH\u0130RLERDE \u0130HT\u0130YACIN \u00c7OK \u00dcZER\u0130NDE OLAN AVM\u2019LER \u0130LE MANTAR G\u0130B\u0130 HER SOKAK BA\u015eINA A\u00c7ILAN Z\u0130NC\u0130R MARKETLER\u0130N SAYILARI \u0130LE \u00c7ALI\u015eMA SAATLER\u0130NE B\u0130R D\u00dcZENLEME GET\u0130R\u0130LMEL\u0130. EN \u00d6NEML\u0130S\u0130 Z\u0130NC\u0130R MARKETLER\u0130N A\u00c7ILI\u015eLARI B\u0130R KURALA BA\u011eLANMALI. HER \u0130STEYEN \u0130STED\u0130\u011e\u0130 YERE Z\u0130NC\u0130R MARKET A\u00c7MAMALI\u201d DED\u0130.<\/p>\n","protected":false},"author":1,"featured_media":203247,"comment_status":"closed","ping_status":"open","sticky":false,"template":"","format":"standard","meta":{"jetpack_post_was_ever_published":false,"_jetpack_newsletter_access":"","_jetpack_dont_email_post_to_subs":false,"_jetpack_newsletter_tier_id":0,"_jetpack_memberships_contains_paywalled_content":false,"_jetpack_memberships_contains_paid_content":false,"footnotes":"","jetpack_publicize_message":"","jetpack_publicize_feature_enabled":true,"jetpack_social_post_already_shared":true,"jetpack_social_options":{"image_generator_settings":{"template":"highway","default_image_id":0,"font":"","enabled":false},"version":2}},"categories":[1],"tags":[6461,443,21865,8073,27949,8190],"class_list":["post-203246","post","type-post","status-publish","format-standard","has-post-thumbnail","hentry","category-genel","tag-avm","tag-esnafi","tag-marketler","tag-palandoken","tag-zincir","tag-zorluyor"],"jetpack_publicize_connections":[],"jetpack_featured_media_url":"https:\/\/i0.wp.com\/www.tvturk.com\/wp-content\/uploads\/2019\/09\/palandoken-avm-ve-zincir-marketler-esnafi-zorluyor_3cb38f0.jpg?fit=1000%2C664","jetpack_sharing_enabled":true,"jetpack_shortlink":"https:\/\/wp.me\/paKIfm-QSa","_links":{"self":[{"href":"http:\/\/www.tvturk.com\/index.php\/wp-json\/wp\/v2\/posts\/203246","targetHints":{"allow":["GET"]}}],"collection":[{"href":"http:\/\/www.tvturk.com\/index.php\/wp-json\/wp\/v2\/posts"}],"about":[{"href":"http:\/\/www.tvturk.com\/index.php\/wp-json\/wp\/v2\/types\/post"}],"author":[{"embeddable":true,"href":"http:\/\/www.tvturk.com\/index.php\/wp-json\/wp\/v2\/users\/1"}],"replies":[{"embeddable":true,"href":"http:\/\/www.tvturk.com\/index.php\/wp-json\/wp\/v2\/comments?post=203246"}],"version-history":[{"count":0,"href":"http:\/\/www.tvturk.com\/index.php\/wp-json\/wp\/v2\/posts\/203246\/revisions"}],"wp:featuredmedia":[{"embeddable":true,"href":"http:\/\/www.tvturk.com\/index.php\/wp-json\/wp\/v2\/media\/203247"}],"wp:attachment":[{"href":"http:\/\/www.tvturk.com\/index.php\/wp-json\/wp\/v2\/media?parent=203246"}],"wp:term":[{"taxonomy":"category","embeddable":true,"href":"http:\/\/www.tvturk.com\/index.php\/wp-json\/wp\/v2\/categories?post=203246"},{"taxonomy":"post_tag","embeddable":true,"href":"http:\/\/www.tvturk.com\/index.php\/wp-json\/wp\/v2\/tags?post=203246"}],"curies":[{"name":"wp","href":"https:\/\/api.w.org\/{rel}","templated":true}]}}