{"id":203260,"date":"2019-09-15T11:02:02","date_gmt":"2019-09-15T08:02:02","guid":{"rendered":"http:\/\/www.tvturk.com\/index.php\/cocuklari-icin-nobet-tutan-annelerin-sayisi-her-gecen-gun-artiyor\/"},"modified":"2019-09-15T11:02:02","modified_gmt":"2019-09-15T08:02:02","slug":"cocuklari-icin-nobet-tutan-annelerin-sayisi-her-gecen-gun-artiyor","status":"publish","type":"post","link":"http:\/\/www.tvturk.com\/index.php\/cocuklari-icin-nobet-tutan-annelerin-sayisi-her-gecen-gun-artiyor\/","title":{"rendered":"\u00c7ocuklar\u0131 i\u00e7in n\u00f6bet tutan annelerin say\u0131s\u0131 her ge\u00e7en g\u00fcn art\u0131yor"},"content":{"rendered":"<p>HDP Diyarbak\u0131r il binas\u0131 \u00f6n\u00fcnde oturma eylemi 13\u2019\u00fcnc\u00fc g\u00fcn\u00fcnde de s\u00fcrerken, ailelerin say\u0131s\u0131 33\u2019e y\u00fckseldi.<\/p>\n<p>\u00c7ocuklar\u0131n\u0131n ter\u00f6r \u00f6rg\u00fct\u00fcn\u00fcn elinden kurtar\u0131lmas\u0131 i\u00e7in HDP Diyarbak\u0131r \u0130l Ba\u015fkanl\u0131\u011f\u0131 \u00f6n\u00fcnde oturma eylemi yapan ailelerin say\u0131s\u0131 13\u2019\u00fcnc\u00fc g\u00fcn\u00fcnde 33\u2019e y\u00fckseldi. 5 y\u0131l \u00f6nce \u00fcniversite okumaya giden o\u011flu \u0130brahim Co\u015fkun\u2019un 2 ki\u015fi taraf\u0131ndan da\u011fa ka\u00e7\u0131r\u0131ld\u0131\u011f\u0131n\u0131 belirten baba Mehmet Emin Co\u015fkun da ailelere destek vererek oturma eylemine kat\u0131ld\u0131. Y\u0131llard\u0131r \u00e7ocu\u011fundan haber alamayan ac\u0131l\u0131 baba, \u201cBen Erzurum Horasan\u2019dan geldim, o\u011flum 5 y\u0131ld\u0131r kay\u0131p. Bana bir telefon geldi, 2 ki\u015fi o\u011flumu ka\u00e7\u0131rd\u0131klar\u0131n\u0131 s\u00f6yledi. Ad\u0131 \u0130brahim mi dedi, evet dedim, onlar da o\u011flumu da\u011fa ka\u00e7\u0131rd\u0131klar\u0131n\u0131 s\u00f6yledi. O zamandan beri bir t\u00fcrl\u00fc haber alamad\u0131k. 5 y\u0131ld\u0131r ar\u0131yorum, Mu\u011fla\u2019da \u00fcniversite 2\u2019nci s\u0131n\u0131f edebiyat b\u00f6l\u00fcm\u00fc okuyordu. Lanet ediyoruz, Allah belalar\u0131n\u0131 versin\u201d dedi.<\/p>\n<p>Co\u015fkun, evlat n\u00f6betindeki ailelerle selamla\u015ft\u0131ktan sonra o\u011flunun foto\u011fraf\u0131n\u0131 tutarak oturma eylemine ba\u015flad\u0131.<\/p>\n","protected":false},"excerpt":{"rendered":"<p>5 YIL \u00d6NCE \u00dcN\u0130VERS\u0130TE OKUMAYA G\u0130DEN \u0130BRAH\u0130M CO\u015eKUN&#8217;UN \u0130DD\u0130AYA G\u00d6RE 2 K\u0130\u015e\u0130 TARAFINDAN DA\u011eA KA\u00c7IRILDI\u011eINI S\u00d6YLEYEN BABA MEHMET EM\u0130N CO\u015eKUN, \u00c7OCU\u011eUNDAN HABER ALMAYI BEKL\u0130YOR.<\/p>\n","protected":false},"author":1,"featured_media":203261,"comment_status":"closed","ping_status":"open","sticky":false,"template":"","format":"standard","meta":{"jetpack_post_was_ever_published":false,"_jetpack_newsletter_access":"","_jetpack_dont_email_post_to_subs":false,"_jetpack_newsletter_tier_id":0,"_jetpack_memberships_contains_paywalled_content":false,"_jetpack_memberships_contains_paid_content":false,"footnotes":"","jetpack_publicize_message":"","jetpack_publicize_feature_enabled":true,"jetpack_social_post_already_shared":true,"jetpack_social_options":{"image_generator_settings":{"template":"highway","default_image_id":0,"font":"","enabled":false},"version":2}},"categories":[1],"tags":[13099,4552,139,3436,2579,73,44,5317,611,7299],"class_list":["post-203260","post","type-post","status-publish","format-standard","has-post-thumbnail","hentry","category-genel","tag-annelerin","tag-artiyor","tag-cocuklari","tag-gecen","tag-gun","tag-her","tag-icin","tag-nobet","tag-sayisi","tag-tutan"],"jetpack_publicize_connections":[],"jetpack_featured_media_url":"https:\/\/i0.wp.com\/www.tvturk.com\/wp-content\/uploads\/2019\/09\/cocuklari-icin-nobet-tutan-annelerin-sayisi-her-gecen-gun-artiyor_dbd66e7.jpg?fit=1000%2C666","jetpack_sharing_enabled":true,"jetpack_shortlink":"https:\/\/wp.me\/paKIfm-QSo","_links":{"self":[{"href":"http:\/\/www.tvturk.com\/index.php\/wp-json\/wp\/v2\/posts\/203260","targetHints":{"allow":["GET"]}}],"collection":[{"href":"http:\/\/www.tvturk.com\/index.php\/wp-json\/wp\/v2\/posts"}],"about":[{"href":"http:\/\/www.tvturk.com\/index.php\/wp-json\/wp\/v2\/types\/post"}],"author":[{"embeddable":true,"href":"http:\/\/www.tvturk.com\/index.php\/wp-json\/wp\/v2\/users\/1"}],"replies":[{"embeddable":true,"href":"http:\/\/www.tvturk.com\/index.php\/wp-json\/wp\/v2\/comments?post=203260"}],"version-history":[{"count":0,"href":"http:\/\/www.tvturk.com\/index.php\/wp-json\/wp\/v2\/posts\/203260\/revisions"}],"wp:featuredmedia":[{"embeddable":true,"href":"http:\/\/www.tvturk.com\/index.php\/wp-json\/wp\/v2\/media\/203261"}],"wp:attachment":[{"href":"http:\/\/www.tvturk.com\/index.php\/wp-json\/wp\/v2\/media?parent=203260"}],"wp:term":[{"taxonomy":"category","embeddable":true,"href":"http:\/\/www.tvturk.com\/index.php\/wp-json\/wp\/v2\/categories?post=203260"},{"taxonomy":"post_tag","embeddable":true,"href":"http:\/\/www.tvturk.com\/index.php\/wp-json\/wp\/v2\/tags?post=203260"}],"curies":[{"name":"wp","href":"https:\/\/api.w.org\/{rel}","templated":true}]}}