{"id":203276,"date":"2019-09-15T11:32:14","date_gmt":"2019-09-15T08:32:14","guid":{"rendered":"http:\/\/www.tvturk.com\/index.php\/gebelik-okuluyla-anne-adaylari-bilinclendiriliyor\/"},"modified":"2019-09-15T11:32:14","modified_gmt":"2019-09-15T08:32:14","slug":"gebelik-okuluyla-anne-adaylari-bilinclendiriliyor","status":"publish","type":"post","link":"http:\/\/www.tvturk.com\/index.php\/gebelik-okuluyla-anne-adaylari-bilinclendiriliyor\/","title":{"rendered":"Gebelik Okulu\u2019yla anne adaylar\u0131 bilin\u00e7lendiriliyor"},"content":{"rendered":"<p>Konya \u00d6zel Medova Hastanesinde a\u00e7\u0131lan \u2018Gebe Okulu\u2019yla hamile kad\u0131nlara do\u011fum \u00f6ncesi haz\u0131rl\u0131k e\u011fitimleri veriliyor.<\/p>\n<p>Gebelik Okulu\u2019ndaki egzersiz ve e\u011fitimlerle do\u011fuma haz\u0131rlanan anne adaylar\u0131, gebelik d\u00f6nemini rahat ge\u00e7irirken psikolojik olarak da rahatl\u0131yor. Medova Hastanesi Ba\u015fhahekimi Dr. Mine Karaman, Gebelik Okulu\u2019nda as\u0131l ama\u00e7lar\u0131n\u0131n sa\u011fl\u0131kl\u0131 bireyler yeti\u015ftirmek ve sa\u011fl\u0131kl\u0131 gebelikler oldu\u011funu s\u00f6yledi. Kalite standartlar\u0131 gere\u011fi Gebe Okulu\u2019yla ilgili ciddi \u00e7al\u0131\u015fmalar yapt\u0131klar\u0131n\u0131 ifade eden Dr. Mine Karaman, &#8220;Bu konuyla ilgili Sa\u011fl\u0131k M\u00fcd\u00fcrl\u00fc\u011f\u00fc taraf\u0131ndan onay da ald\u0131k. Bir gebenin hamileli\u011fi ba\u015flad\u0131\u011f\u0131 andan bebe\u011fi sa\u011fl\u0131kla kucaklayacak ana kadar her t\u00fcrl\u00fc ayr\u0131nt\u0131y\u0131 d\u00fc\u015f\u00fcnerek, sa\u011fl\u0131kl\u0131 beslenmesinden tutun tansiyonuna kadar ya da hastaneye do\u011fum i\u00e7in gelene kadar nerelere ba\u015fvurulacak, hasta yak\u0131nlar\u0131 ne yapacak nas\u0131l davranacaklar, foto\u011fraf \u00e7ekimine kadar her t\u00fcrl\u00fc e\u011fitimin verildi\u011fi, gebelerimizin anne s\u00fct\u00fcnden tutun da a\u015f\u0131 takvimine kadar hakim oldu\u011fu s\u00fcreci takip ediyoruz. Bu anlamda da sa\u011fl\u0131kl\u0131 bebekler yeti\u015ftirmek i\u00e7in elimizden geleni yap\u0131yoruz&#8221; \u015feklinde konu\u015ftu.<\/p>\n<p>&#8220;E\u011fitimsiz hi\u00e7bir gebe kals\u0131n istemiyoruz&#8221;<\/p>\n<p>Kad\u0131nlar\u0131 g\u00fc\u00e7lendirmeyi hedeflediklerini belirten Gebe Okulu E\u011fitmeni Asuman K\u0131l\u0131\u00e7korkmaz ise, kad\u0131nlar\u0131 gebelik \u00f6ncesinde, gebelikte ve do\u011fum sonras\u0131nda do\u011fumlar\u0131na sahip \u00e7\u0131kmalar\u0131 i\u00e7in desteklediklerini s\u00f6yledi. Her ay\u0131n ilk \u00fc\u00e7 pazartesi g\u00fcn\u00fc Gebe Okulu program\u0131 oldu\u011funu ifade eden K\u0131l\u0131\u00e7korkmaz, \u201cT\u00fcm bran\u015f hekimlerinin de kat\u0131ld\u0131\u011f\u0131 \u00fccretsiz bir programla gebeleri bilin\u00e7lendiriyoruz. Do\u011fumlar\u0131na sahip \u00e7\u0131kmalar\u0131 i\u00e7in elimizden gelenin fazlas\u0131n\u0131 yapmaya \u00e7al\u0131\u015f\u0131yoruz ve onlar\u0131 gelecek nesilleri onlara teslim edece\u011fimiz i\u00e7in kad\u0131nlar\u0131m\u0131z\u0131 g\u00fc\u00e7lendirmeyi hedefliyoruz. Biz hastanemiz ve olarak bize gelen ve gelmeyen t\u00fcm gebelerimizi e\u011fitmeyi hedefliyoruz ve e\u011fitimsiz hi\u00e7bir gebe kals\u0131n istemiyoruz. T\u00fcm gebelere normal do\u011fum yapt\u0131rmay\u0131 \u00f6neriyoruz ve do\u011fumlar\u0131nda da destek\u00e7i olarak do\u011fumhane ebelerimizle birlikte t\u00fcm deste\u011fimizi onlara veriyoruz\u201d dedi.<\/p>\n<p>&#8220;Kafamda \u00e7ok soru i\u015faretleri vard\u0131, o soru i\u015faretleri gitti&#8221;<\/p>\n<p>Gebelik e\u011fitimlerine kat\u0131lan \u00dcmm\u00fcg\u00fcls\u00fcm Demirci, \u201c\u0130kinci hafta kat\u0131ld\u0131m buraya, kafamda \u00e7ok soru i\u015faretleri vard\u0131, o soru i\u015faretleri gitti, daha rahat\u0131m. Toplum i\u00e7inde hep normal do\u011fum daha zor olur deniyordu ama buraya geldi\u011fimizde uzmanlardan bilgi ald\u0131m ve her \u015feyin daha kolay oldu\u011funu umut ediyorum. Burada gebelik egzersizleri yap\u0131yoruz, sonra diyetisyen uzmanlar\u0131m\u0131z, kad\u0131n do\u011fum uzmanlar\u0131m\u0131z, ayriyeten ebe han\u0131m bize \u00e7ok g\u00fczel bilgiler veriyor. B\u00fct\u00fcn herkese tavsiye ediyorum\u201d diye konu\u015ftu.<\/p>\n<p>E\u011fitimlere kat\u0131lan Alime \u015eahan ise, \u201c\u0130kinci haftam\u0131z bir haftad\u0131r geliyoruz. Ge\u00e7en hafta egzersizlerimizi yapt\u0131k. Evde sadece anne aday\u0131 olarak ben de\u011fil, e\u015fim, anneannesi, babaannesi, teyzesi, halas\u0131, hep beraber e\u011fitime kat\u0131lm\u0131\u015f oluyorlar. Mutluyuz en az\u0131ndan psikolojik olarak daha rahat\u0131z, sadece bizim olmad\u0131\u011f\u0131m\u0131z\u0131n fark\u0131nday\u0131z. Daha pozitif bak\u0131yoruz, daha bilin\u00e7liyiz yapmam\u0131z gerekenleri biliyoruz daha rahat\u0131z diyebilirim\u201d ifadelerini kulland\u0131.<\/p>\n","protected":false},"excerpt":{"rendered":"<p>MEDOVA HASTANES\u0130 BA\u015eHAHEK\u0130M\u0130 DR. M\u0130NE KARAMAN, GEBEL\u0130K OKULU\u2019NDA ASIL AMA\u00c7LARININ SA\u011eLIKLI B\u0130REYLER YET\u0130\u015eT\u0130RMEK VE SA\u011eLIKLI GEBEL\u0130KLER OLDU\u011eUNU S\u00d6YLED\u0130.<\/p>\n","protected":false},"author":1,"featured_media":203277,"comment_status":"closed","ping_status":"open","sticky":false,"template":"","format":"standard","meta":{"jetpack_post_was_ever_published":false,"_jetpack_newsletter_access":"","_jetpack_dont_email_post_to_subs":false,"_jetpack_newsletter_tier_id":0,"_jetpack_memberships_contains_paywalled_content":false,"_jetpack_memberships_contains_paid_content":false,"footnotes":"","jetpack_publicize_message":"","jetpack_publicize_feature_enabled":true,"jetpack_social_post_already_shared":true,"jetpack_social_options":{"image_generator_settings":{"template":"highway","default_image_id":0,"font":"","enabled":false},"version":2}},"categories":[1],"tags":[4119,5582,51284,5557,40471],"class_list":["post-203276","post","type-post","status-publish","format-standard","has-post-thumbnail","hentry","category-genel","tag-adaylari","tag-anne","tag-bilinclendiriliyor","tag-gebelik","tag-okuluyla"],"jetpack_publicize_connections":[],"jetpack_featured_media_url":"https:\/\/i0.wp.com\/www.tvturk.com\/wp-content\/uploads\/2019\/09\/gebelik-okuluyla-anne-adaylari-bilinclendiriliyor_61af90c.jpg?fit=1000%2C666","jetpack_sharing_enabled":true,"jetpack_shortlink":"https:\/\/wp.me\/paKIfm-QSE","_links":{"self":[{"href":"http:\/\/www.tvturk.com\/index.php\/wp-json\/wp\/v2\/posts\/203276","targetHints":{"allow":["GET"]}}],"collection":[{"href":"http:\/\/www.tvturk.com\/index.php\/wp-json\/wp\/v2\/posts"}],"about":[{"href":"http:\/\/www.tvturk.com\/index.php\/wp-json\/wp\/v2\/types\/post"}],"author":[{"embeddable":true,"href":"http:\/\/www.tvturk.com\/index.php\/wp-json\/wp\/v2\/users\/1"}],"replies":[{"embeddable":true,"href":"http:\/\/www.tvturk.com\/index.php\/wp-json\/wp\/v2\/comments?post=203276"}],"version-history":[{"count":0,"href":"http:\/\/www.tvturk.com\/index.php\/wp-json\/wp\/v2\/posts\/203276\/revisions"}],"wp:featuredmedia":[{"embeddable":true,"href":"http:\/\/www.tvturk.com\/index.php\/wp-json\/wp\/v2\/media\/203277"}],"wp:attachment":[{"href":"http:\/\/www.tvturk.com\/index.php\/wp-json\/wp\/v2\/media?parent=203276"}],"wp:term":[{"taxonomy":"category","embeddable":true,"href":"http:\/\/www.tvturk.com\/index.php\/wp-json\/wp\/v2\/categories?post=203276"},{"taxonomy":"post_tag","embeddable":true,"href":"http:\/\/www.tvturk.com\/index.php\/wp-json\/wp\/v2\/tags?post=203276"}],"curies":[{"name":"wp","href":"https:\/\/api.w.org\/{rel}","templated":true}]}}