{"id":203282,"date":"2019-09-15T12:17:17","date_gmt":"2019-09-15T09:17:17","guid":{"rendered":"http:\/\/www.tvturk.com\/index.php\/erhan-erenturk-kalesinde-devlesti\/"},"modified":"2019-09-15T12:17:17","modified_gmt":"2019-09-15T09:17:17","slug":"erhan-erenturk-kalesinde-devlesti","status":"publish","type":"post","link":"http:\/\/www.tvturk.com\/index.php\/erhan-erenturk-kalesinde-devlesti\/","title":{"rendered":"Erhan Erent\u00fcrk kalesinde devle\u015fti"},"content":{"rendered":"<p>TFF 1. Lig\u2019de Eski\u015fehirspor\u2019u yenerek bu sezon ilk kez sahadan galibiyetle ayr\u0131lan Alt\u0131nordu\u2019da, kaleci Erhan Erent\u00fcrk kurtard\u0131\u011f\u0131 iki penalt\u0131yla zaferin mimar\u0131 oldu.<\/p>\n<p>Sezonun ilk 3 haftas\u0131ndan istedi\u011fi sonu\u00e7lar\u0131 alamayan Alt\u0131nordu\u2019ya milli ara yarad\u0131. Milli aran\u0131n ard\u0131ndan evinde Eski\u015fehirspor\u2019u konuk eden \u0130zmir ekibi, rakibini 4 golle ge\u00e7erek sezonun ilk galibiyetini ald\u0131. K\u0131rm\u0131z\u0131-lacivertliler bu galibiyetle puan\u0131n\u0131 4 \u00e7\u0131kar\u0131rken, zaferde en b\u00fcy\u00fck pay sahibi hi\u00e7 \u015f\u00fcphesiz kaleci Erhan Erent\u00fcrk oldu. 16. dakikada Emre G\u00fcral\u2019\u0131n penalt\u0131s\u0131nda ge\u00e7it vermeyen Erent\u00fcrk, 38. dakikada bu kez Sissoko\u2019nun kulland\u0131\u011f\u0131 penalt\u0131 at\u0131\u015f\u0131nda gol imkan\u0131 tan\u0131mad\u0131.<\/p>\n<p>Ero\u011flu\u2019ndan \u00f6vg\u00fc<\/p>\n<p>\u0130ki penalt\u0131 kurtarmas\u0131n\u0131n yan\u0131 s\u0131ra ma\u00e7 i\u00e7inde \u00e7ok kritik m\u00fcdahaleler de yapan 24 ya\u015f\u0131ndaki eldiven, zaferin en b\u00fcy\u00fck mimar\u0131 oldu. Alt\u0131nordu Teknik Direkt\u00f6r\u00fc H\u00fcseyin Ero\u011flu da Erhan\u2019a ayr\u0131 bir parantez a\u00e7t\u0131. Ero\u011flu, \u201cErhan\u2019\u0131 performans\u0131ndan dolay\u0131 kutluyorum. E\u011fer penalt\u0131larda gol yemi\u015f olsayd\u0131k ma\u00e7\u0131n seyri de\u011fi\u015febilirdi. Tak\u0131m arkada\u015flar\u0131n\u0131n da motivasyonunu artt\u0131rd\u0131. Daha iyi olaca\u011f\u0131ndan \u015f\u00fcphemiz yok\u201d ifadelerini kulland\u0131.<\/p>\n<p>Eski\u015fehir u\u011furu s\u00fcr\u00fcyor<\/p>\n<p>Eski\u015fehirspor\u2019u devirerek sezonun ilk galibiyetini alan Alt\u0131nordu, rakibi kar\u015f\u0131s\u0131nda son y\u0131llarda ald\u0131\u011f\u0131 ba\u015far\u0131l\u0131 sonu\u00e7lara bir yenisini daha ekledi. Kar\u015f\u0131la\u015fmay\u0131 4-1 kazanan \u0130zmir temsilcisi, Eski\u015fehirspor ile oynad\u0131\u011f\u0131 son 4 kar\u015f\u0131la\u015fmadan da galibiyetle ayr\u0131lmay\u0131 ba\u015fard\u0131. 2016\/2017 sezonunda deplasmanda rakibine 3-0 kaybeden Alt\u0131nordu, o tarihten sonra oynanan 6 kar\u015f\u0131la\u015fmadan 5 galibiyet \u00e7\u0131kar\u0131rken, 1 ma\u00e7ta ise kazanan \u00e7\u0131kmad\u0131.<\/p>\n","protected":false},"excerpt":{"rendered":"<p>TFF 1. L\u0130G\u2019DE ESK\u0130\u015eEH\u0130RSPOR\u2019U YENEREK BU SEZON \u0130LK KEZ SAHADAN GAL\u0130B\u0130YETLE AYRILAN ALTINORDU\u2019DA, KALEC\u0130 ERHAN ERENT\u00dcRK KURTARDI\u011eI \u0130K\u0130 PENALTIYLA ZAFER\u0130N M\u0130MARI OLDU.<\/p>\n","protected":false},"author":1,"featured_media":203283,"comment_status":"closed","ping_status":"open","sticky":false,"template":"","format":"standard","meta":{"jetpack_post_was_ever_published":false,"_jetpack_newsletter_access":"","_jetpack_dont_email_post_to_subs":false,"_jetpack_newsletter_tier_id":0,"_jetpack_memberships_contains_paywalled_content":false,"_jetpack_memberships_contains_paid_content":false,"footnotes":"","jetpack_publicize_message":"","jetpack_publicize_feature_enabled":true,"jetpack_social_post_already_shared":true,"jetpack_social_options":{"image_generator_settings":{"template":"highway","default_image_id":0,"font":"","enabled":false},"version":2}},"categories":[657],"tags":[23536,51285,8645,18726],"class_list":["post-203282","post","type-post","status-publish","format-standard","has-post-thumbnail","hentry","category-spor","tag-devlesti","tag-erenturk","tag-erhan","tag-kalesinde"],"jetpack_publicize_connections":[],"jetpack_featured_media_url":"https:\/\/i0.wp.com\/www.tvturk.com\/wp-content\/uploads\/2019\/09\/erhan-erenturk-kalesinde-devlesti_07e9ba5.jpg?fit=1000%2C765","jetpack_sharing_enabled":true,"jetpack_shortlink":"https:\/\/wp.me\/paKIfm-QSK","_links":{"self":[{"href":"http:\/\/www.tvturk.com\/index.php\/wp-json\/wp\/v2\/posts\/203282","targetHints":{"allow":["GET"]}}],"collection":[{"href":"http:\/\/www.tvturk.com\/index.php\/wp-json\/wp\/v2\/posts"}],"about":[{"href":"http:\/\/www.tvturk.com\/index.php\/wp-json\/wp\/v2\/types\/post"}],"author":[{"embeddable":true,"href":"http:\/\/www.tvturk.com\/index.php\/wp-json\/wp\/v2\/users\/1"}],"replies":[{"embeddable":true,"href":"http:\/\/www.tvturk.com\/index.php\/wp-json\/wp\/v2\/comments?post=203282"}],"version-history":[{"count":0,"href":"http:\/\/www.tvturk.com\/index.php\/wp-json\/wp\/v2\/posts\/203282\/revisions"}],"wp:featuredmedia":[{"embeddable":true,"href":"http:\/\/www.tvturk.com\/index.php\/wp-json\/wp\/v2\/media\/203283"}],"wp:attachment":[{"href":"http:\/\/www.tvturk.com\/index.php\/wp-json\/wp\/v2\/media?parent=203282"}],"wp:term":[{"taxonomy":"category","embeddable":true,"href":"http:\/\/www.tvturk.com\/index.php\/wp-json\/wp\/v2\/categories?post=203282"},{"taxonomy":"post_tag","embeddable":true,"href":"http:\/\/www.tvturk.com\/index.php\/wp-json\/wp\/v2\/tags?post=203282"}],"curies":[{"name":"wp","href":"https:\/\/api.w.org\/{rel}","templated":true}]}}