{"id":203294,"date":"2019-09-15T12:47:10","date_gmt":"2019-09-15T09:47:10","guid":{"rendered":"http:\/\/www.tvturk.com\/index.php\/galatasaray-camiasi-kahvaltida-kenetlendi\/"},"modified":"2019-09-15T12:47:10","modified_gmt":"2019-09-15T09:47:10","slug":"galatasaray-camiasi-kahvaltida-kenetlendi","status":"publish","type":"post","link":"http:\/\/www.tvturk.com\/index.php\/galatasaray-camiasi-kahvaltida-kenetlendi\/","title":{"rendered":"Galatasaray camias\u0131 kahvalt\u0131da kenetlendi"},"content":{"rendered":"<p>1905 Galatasaray K\u00fclt\u00fcr Sanat Derne\u011fi\u2019nin Kalam\u0131\u015f\u2019ta yap\u0131lan kahvalt\u0131 organizasyonu ile sar\u0131-k\u0131rm\u0131z\u0131l\u0131 camia bir araya geldi.<\/p>\n<p>1905 Galatasaray K\u00fclt\u00fcr Sanat Derne\u011fi, sar\u0131-k\u0131rm\u0131z\u0131l\u0131lar\u0131n Kalam\u0131\u015f\u2019taki tesislerinde kahvalt\u0131 organizasyonu ger\u00e7ekle\u015ftirdi. Yeni \u00fcyelerin beraatlar\u0131n\u0131n da verildi\u011fi organizasyona 1905 Galatasaray K\u00fclt\u00fcr Sanat Derne\u011fi Ba\u015fkan\u0131 Vahap Tanr\u0131verdi, Galatasaray Spor Kul\u00fcb\u00fc y\u00f6netim kurulu \u00fcyeleri Mahmut Recevik, \u00d6mer Cansever, Metin Karakaya ve dernek \u00fcyeleri kat\u0131ld\u0131.<\/p>\n<p>Vahap Tanr\u0131verdi: \u201cB\u00fct\u00fcn \u015fer odaklar\u0131n\u0131 y\u0131k\u0131p, may\u0131sta \u015fampiyon olaca\u011f\u0131z\u201d<\/p>\n<p>Toplanmalar\u0131n\u0131n nedenini a\u00e7\u0131klayan Vahap Tanr\u0131verdi, \u201cBug\u00fcn buraya dernek olarak kenetlenip, Galatasaray\u2019\u0131n \u015fer odaklar\u0131na kar\u015f\u0131 olan g\u00fcc\u00fc g\u00f6stermek ad\u0131na burada topland\u0131k. G\u00f6r\u00fcnen \u015fu ki bu y\u0131l b\u00fct\u00fcn Galatasaray yek v\u00fccut, tek ve diri olaca\u011f\u0131z. B\u00fct\u00fcn \u015fer odaklar\u0131n\u0131 y\u0131k\u0131p, may\u0131s\u0131 g\u00f6\u011f\u00fcsleyece\u011fiz ve \u015fampiyon olaca\u011f\u0131z. Rakip tak\u0131m\u0131n bayra\u011f\u0131n\u0131 \u015furadan g\u00f6rebiliyorum. Y\u0131l sonunda da in\u015fallah hi\u00e7bir yerde g\u00f6rmeyece\u011fiz. O bayrak hi\u00e7bir yere \u00e7\u0131kmayacak, hi\u00e7bir binaya, soka\u011fa as\u0131lmayacak. \u00c7ok g\u00fczel transferler oldu. K\u0131sa bir adaptasyon s\u00fcrecinden sonra \u015eampiyonlar Ligi\u2019nde de birka\u00e7 ma\u00e7ta ba\u015far\u0131l\u0131 olursak sonu\u00e7lar \u00e7ok g\u00fczel olacak\u201d diye konu\u015ftu.<\/p>\n<p>Mahmut Recevik: \u201cGalatasaray\u2019\u0131n oldu\u011fu yerde adalet vard\u0131r\u201d<\/p>\n<p>Galatasaray\u2019\u0131n \u00e7ok iyiye gitti\u011fini belirten Mahmut Recevik, \u201cHer \u015fey Galatasaray i\u00e7in. Kimse merak etmesin\u201d dedi. Organizasyonda verilen \u2018Adalet yoksa Galatasaray var\u2019 ti\u015f\u00f6rt\u00fcyle ilgili olarak ise, Recevik, \u201cAnlam\u0131 var. Galatasaray\u2019\u0131n oldu\u011fu yerde adalet vard\u0131r. Galatasaray\u2019\u0131n oldu\u011fu yerde umut vard\u0131r zaten\u201d \u015feklinde konu\u015ftu. \u2018Adaletsiz oldu\u011funu d\u00fc\u015f\u00fcn\u00fcyor musunuz ?\u2019sorusuna Recevik, \u201cEvet, art\u0131k onu hepimiz biliyoruz, burada s\u00f6ylememize gerek yok. Neyin ne oldu\u011funu hepimiz biliyoruz\u201d diye cevap verdi.<\/p>\n<p>\u00d6mer Cansever ise Galatasarayl\u0131l\u0131\u011f\u0131n ayr\u0131cal\u0131k oldu\u011funu ifade ederek, \u201cO ayr\u0131cal\u0131k i\u00e7in hep beraber kenetlenmemiz laz\u0131m. \u00c7\u00fcnk\u00fc bir s\u00fcr\u00fc zorlu\u011fu i\u00e7 i\u00e7e ya\u015f\u0131yoruz. En \u00e7ok da bizler ya\u015f\u0131yoruz. Galatasaray taraftarlar\u0131na te\u015fekk\u00fcr ediyoruz\u201d a\u00e7\u0131klamas\u0131nda bulundu.<\/p>\n<p>\u00d6te yandan yap\u0131lan organizasyonda \u00fcyelere Fatih Terim\u2019in foto\u011fraf\u0131n\u0131n da oldu\u011fu \u2018Adalet yoksa Galatasaray var\u2019 yaz\u0131l\u0131 ti\u015f\u00f6rtler verildi.<\/p>\n","protected":false},"excerpt":{"rendered":"<p>SARI-KIRMIZILI CAM\u0130A , 1905 GALATASARAY K\u00dcLT\u00dcR SANAT DERNE\u011e\u0130\u2019N\u0130N KALAMI\u015e\u2019TA D\u00dcZENLED\u0130\u011e\u0130 KAHVALTI ORGAN\u0130ZASYONDA B\u0130R ARAYA GELD\u0130.<\/p>\n","protected":false},"author":1,"featured_media":203295,"comment_status":"closed","ping_status":"open","sticky":false,"template":"","format":"standard","meta":{"jetpack_post_was_ever_published":false,"_jetpack_newsletter_access":"","_jetpack_dont_email_post_to_subs":false,"_jetpack_newsletter_tier_id":0,"_jetpack_memberships_contains_paywalled_content":false,"_jetpack_memberships_contains_paid_content":false,"footnotes":"","jetpack_publicize_message":"","jetpack_publicize_feature_enabled":true,"jetpack_social_post_already_shared":true,"jetpack_social_options":{"image_generator_settings":{"template":"highway","default_image_id":0,"font":"","enabled":false},"version":2}},"categories":[657],"tags":[16018,1976,8324,20682],"class_list":["post-203294","post","type-post","status-publish","format-standard","has-post-thumbnail","hentry","category-spor","tag-camiasi","tag-galatasaray","tag-kahvaltida","tag-kenetlendi"],"jetpack_publicize_connections":[],"jetpack_featured_media_url":"https:\/\/i0.wp.com\/www.tvturk.com\/wp-content\/uploads\/2019\/09\/galatasaray-camiasi-kahvaltida-kenetlendi_aa2750c.jpg?fit=1000%2C784","jetpack_sharing_enabled":true,"jetpack_shortlink":"https:\/\/wp.me\/paKIfm-QSW","_links":{"self":[{"href":"http:\/\/www.tvturk.com\/index.php\/wp-json\/wp\/v2\/posts\/203294","targetHints":{"allow":["GET"]}}],"collection":[{"href":"http:\/\/www.tvturk.com\/index.php\/wp-json\/wp\/v2\/posts"}],"about":[{"href":"http:\/\/www.tvturk.com\/index.php\/wp-json\/wp\/v2\/types\/post"}],"author":[{"embeddable":true,"href":"http:\/\/www.tvturk.com\/index.php\/wp-json\/wp\/v2\/users\/1"}],"replies":[{"embeddable":true,"href":"http:\/\/www.tvturk.com\/index.php\/wp-json\/wp\/v2\/comments?post=203294"}],"version-history":[{"count":0,"href":"http:\/\/www.tvturk.com\/index.php\/wp-json\/wp\/v2\/posts\/203294\/revisions"}],"wp:featuredmedia":[{"embeddable":true,"href":"http:\/\/www.tvturk.com\/index.php\/wp-json\/wp\/v2\/media\/203295"}],"wp:attachment":[{"href":"http:\/\/www.tvturk.com\/index.php\/wp-json\/wp\/v2\/media?parent=203294"}],"wp:term":[{"taxonomy":"category","embeddable":true,"href":"http:\/\/www.tvturk.com\/index.php\/wp-json\/wp\/v2\/categories?post=203294"},{"taxonomy":"post_tag","embeddable":true,"href":"http:\/\/www.tvturk.com\/index.php\/wp-json\/wp\/v2\/tags?post=203294"}],"curies":[{"name":"wp","href":"https:\/\/api.w.org\/{rel}","templated":true}]}}