{"id":203300,"date":"2019-09-15T13:02:20","date_gmt":"2019-09-15T10:02:20","guid":{"rendered":"http:\/\/www.tvturk.com\/index.php\/savunma-sanayii-baskanligindan-teknofestte-genclere-yonelik-etkinlikler\/"},"modified":"2019-09-15T13:02:20","modified_gmt":"2019-09-15T10:02:20","slug":"savunma-sanayii-baskanligindan-teknofestte-genclere-yonelik-etkinlikler","status":"publish","type":"post","link":"http:\/\/www.tvturk.com\/index.php\/savunma-sanayii-baskanligindan-teknofestte-genclere-yonelik-etkinlikler\/","title":{"rendered":"Savunma Sanayii Ba\u015fkanl\u0131\u011f\u0131ndan Teknofest\u2019te gen\u00e7lere y\u00f6nelik etkinlikler"},"content":{"rendered":"<p>Cumhurba\u015fkanl\u0131\u011f\u0131 Savunma Sanayii Ba\u015fkanl\u0131\u011f\u0131 (SSB), gen\u00e7lerin savunma sanayiine ilgisini art\u0131rmak i\u00e7in \u00e7e\u015fitli proje ve organizasyonlara destek olmak i\u00e7in Teknofest\u2019te bir dizi etkinli\u011fe imza atacak.<\/p>\n<p>Gen\u00e7lerin savunma sanayiine ilgisini art\u0131rmak i\u00e7in \u00e7e\u015fitli proje ve organizasyonlara destek olan Cumhurba\u015fkanl\u0131\u011f\u0131 Savunma Sanayii Ba\u015fkanl\u0131\u011f\u0131, Teknofest\u2019tede bir dizi etkinli\u011fe imza atacak. SSB, 17-22 Eyl\u00fcl tarihleri aras\u0131nda \u0130stanbul Atat\u00fcrk Havaliman\u0131nda d\u00fczenlenecek olan \u0130stanbul Havac\u0131l\u0131k, Uzay ve Teknoloji Festivali Teknofest\u2019te projelerini sergilemenin yan\u0131 s\u0131ra, gen\u00e7lere y\u00f6nelik baz\u0131 etkinliklerde bulunacak.<\/p>\n<p>Sanal ger\u00e7eklikle Atak, Altay ve TCG Anadolu<\/p>\n<p>Savunma sanayiine olan ilgiyi art\u0131rarak yine savunma sanayiinin ihtiya\u00e7 duydu\u011fu gen\u00e7 beyinleri yeti\u015ftirmek gibi iki \u00f6nemli ba\u015fl\u0131k i\u00e7in dijital i\u00e7eriklerin \u00f6neminin fark\u0131nday\u0131z. Sanal ger\u00e7eklik, gen\u00e7lere \u00f6rg\u00fcn e\u011fitim programlar\u0131n\u0131n yan\u0131nda ihtiya\u00e7 duydu\u011fu pratikli\u011fi kazanma f\u0131rsat\u0131 verir. SSB stand\u0131nda ger\u00e7ekle\u015ftirilecek Sanal Ger\u00e7eklik Etkinli\u011fi ile gen\u00e7ler Altay Tank\u0131, TCG Anadolu Gemisi ve Atak helikopterlerinin i\u00e7inde olacaklar.<\/p>\n<p>SSB \u00f6nc\u00fcl\u00fc\u011f\u00fcnde kurulan T\u00fcrkiye Siber G\u00fcvenlik K\u00fcmelenmesi de SSB stand\u0131 i\u00e7inde gen\u00e7lerle bulu\u015facak. Haz\u0131rlanan bir \u015fehir maketi bilgisayarlara ba\u011flanarak; ya\u015fam alanlar\u0131, tren yolu, enerji alt yap\u0131s\u0131, su ve do\u011fal gaz alt yap\u0131s\u0131 gibi kritik alt yap\u0131lar\u0131n sistem \u00fczerinden kontrol edilmesi sa\u011flanacak. Standa gelen gen\u00e7lere bu sistemleri koruman\u0131n \u00f6nemi nedir, ne gibi tehditler olabilir ve sald\u0131r\u0131lara kar\u015f\u0131 nas\u0131l \u00f6nlem al\u0131n\u0131r, nas\u0131l korunur gibi konularda e\u011fitim ve uygulamalar yapt\u0131r\u0131lacak. T\u00fcrkiye siber g\u00fcvenlik k\u00fcmelenmesi, \u2019Kritik alt yap\u0131lar\u0131 siber sald\u0131r\u0131lara kar\u015f\u0131 korumay\u0131 \u00f6\u011fren, \u015eehrin Kahraman\u0131 Sen Ol\u2019 slogan\u0131yla gen\u00e7leri SSB stand\u0131na bekliyor.<\/p>\n<p>Zaman \u00e7izelgesiyle T\u00fcrk savunma sanayiinin ge\u00e7mi\u015fine yolculuk<\/p>\n<p>Son y\u0131llarda b\u00fcy\u00fck at\u0131l\u0131m i\u00e7inde olan T\u00fcrk savunma sanayiinin asl\u0131nda zengin bir tarihi var. Milattan \u00f6nce  3\u2019\u00fcnc\u00fc y\u00fczy\u0131ldan bug\u00fcne; Hunlar\u2019dan Sel\u00e7uklulara, Osmanl\u0131\u2019dan Kurtulu\u015f Sava\u015f\u0131 y\u0131llar\u0131na, Cumhuriyet d\u00f6nemindeki geli\u015fmelerden bug\u00fcne kadar T\u00fcrk savunma sanayii tarihinin \u00f6nemli d\u00f6n\u00fcm noktalar\u0131, kilometre ta\u015flar\u0131, \u00f6nc\u00fcleri SSB stand\u0131ndaki \u2019Ge\u00e7mi\u015ften gelece\u011fe T\u00fcrk savunma sanayii zaman \u00e7izelgesi\u2019nde ziyaret\u00e7ilerini bekliyor olacak.<\/p>\n<p>Roboik \u2019\u0130nsans\u0131z ve otonom kara ara\u00e7lar\u0131\u2019 yar\u0131\u015fmas\u0131n\u0131n \u00f6d\u00fcl t\u00f6reni Teknofest\u2019te yap\u0131lacak<\/p>\n<p>SSB taraf\u0131ndan d\u00fczenlenen Roboik yar\u0131\u015fmalar\u0131 kapsam\u0131nda ge\u00e7en ay ger\u00e7ekle\u015ftirilen \u2019\u0130nsans\u0131z ve Otonom Kara Ara\u00e7lar\u0131\u2019 yar\u0131\u015fmas\u0131n\u0131n \u00f6d\u00fcl t\u00f6reni de Teknofest\u2019te yap\u0131lacak.14 farkl\u0131 \u00fcniversiteden 20 \u00f6\u011frenci tak\u0131m\u0131 ve 9 ba\u011f\u0131ms\u0131z kat\u0131l\u0131mc\u0131 ile k\u00fc\u00e7\u00fck \u00f6l\u00e7ekli i\u015fletmeler kategorisinde 5 tak\u0131m\u0131n finale kald\u0131\u011f\u0131 yar\u0131\u015fma sonucunda dereceye girenlere \u00f6d\u00fclleri Teknofest s\u0131ras\u0131nda d\u00fczenlenecek bir t\u00f6renle verilecek.<\/p>\n<p>Cumhurba\u015fkanl\u0131\u011f\u0131 Savunma Sanayii Ba\u015fkanl\u0131\u011f\u0131 17-22 Eyl\u00fcl tarihleri aras\u0131nda \u0130stanbul Atat\u00fcrk Havaliman\u0131\u2019nda d\u00fczenlenecek Teknofest\u2019te Blok 4\/B4-03\u2019te ziyaret\u00e7ilerini bekliyor olacak.<\/p>\n","protected":false},"excerpt":{"rendered":"<p>CUMHURBA\u015eKANLI\u011eI SAVUNMA SANAY\u0130\u0130 BA\u015eKANLI\u011eI(SSB), GEN\u00c7LER\u0130N SAVUNMA SANAY\u0130\u0130NE \u0130LG\u0130S\u0130N\u0130 ARTIRMAK \u0130\u00c7\u0130N \u00c7ES\u0130TL\u0130 PROJE VE ORGAN\u0130ZASYONLARA DESTEK OLMAK \u0130\u00c7\u0130N TEKNOFEST&#8217;TE B\u0130R D\u0130Z\u0130 ETK\u0130NL\u0130\u011eE \u0130MZA ATACAK.<\/p>\n","protected":false},"author":1,"featured_media":203301,"comment_status":"closed","ping_status":"open","sticky":false,"template":"","format":"standard","meta":{"jetpack_post_was_ever_published":false,"_jetpack_newsletter_access":"","_jetpack_dont_email_post_to_subs":false,"_jetpack_newsletter_tier_id":0,"_jetpack_memberships_contains_paywalled_content":false,"_jetpack_memberships_contains_paid_content":false,"footnotes":"","jetpack_publicize_message":"","jetpack_publicize_feature_enabled":true,"jetpack_social_post_already_shared":true,"jetpack_social_options":{"image_generator_settings":{"template":"highway","default_image_id":0,"font":"","enabled":false},"version":2}},"categories":[24],"tags":[14983,2201,4624,14056,33,37650,1843],"class_list":["post-203300","post","type-post","status-publish","format-standard","has-post-thumbnail","hentry","category-teknoloji","tag-baskanligindan","tag-etkinlikler","tag-genclere","tag-sanayii","tag-savunma","tag-teknofestte","tag-yonelik"],"jetpack_publicize_connections":[],"jetpack_featured_media_url":"https:\/\/i0.wp.com\/www.tvturk.com\/wp-content\/uploads\/2019\/09\/savunma-sanayii-baskanligindan-teknofestte-genclere-yonelik-etkinlikler_b4eba35.jpg?fit=1000%2C562","jetpack_sharing_enabled":true,"jetpack_shortlink":"https:\/\/wp.me\/paKIfm-QT2","_links":{"self":[{"href":"http:\/\/www.tvturk.com\/index.php\/wp-json\/wp\/v2\/posts\/203300","targetHints":{"allow":["GET"]}}],"collection":[{"href":"http:\/\/www.tvturk.com\/index.php\/wp-json\/wp\/v2\/posts"}],"about":[{"href":"http:\/\/www.tvturk.com\/index.php\/wp-json\/wp\/v2\/types\/post"}],"author":[{"embeddable":true,"href":"http:\/\/www.tvturk.com\/index.php\/wp-json\/wp\/v2\/users\/1"}],"replies":[{"embeddable":true,"href":"http:\/\/www.tvturk.com\/index.php\/wp-json\/wp\/v2\/comments?post=203300"}],"version-history":[{"count":0,"href":"http:\/\/www.tvturk.com\/index.php\/wp-json\/wp\/v2\/posts\/203300\/revisions"}],"wp:featuredmedia":[{"embeddable":true,"href":"http:\/\/www.tvturk.com\/index.php\/wp-json\/wp\/v2\/media\/203301"}],"wp:attachment":[{"href":"http:\/\/www.tvturk.com\/index.php\/wp-json\/wp\/v2\/media?parent=203300"}],"wp:term":[{"taxonomy":"category","embeddable":true,"href":"http:\/\/www.tvturk.com\/index.php\/wp-json\/wp\/v2\/categories?post=203300"},{"taxonomy":"post_tag","embeddable":true,"href":"http:\/\/www.tvturk.com\/index.php\/wp-json\/wp\/v2\/tags?post=203300"}],"curies":[{"name":"wp","href":"https:\/\/api.w.org\/{rel}","templated":true}]}}