{"id":203320,"date":"2019-09-15T13:32:40","date_gmt":"2019-09-15T10:32:40","guid":{"rendered":"http:\/\/www.tvturk.com\/index.php\/karabukte-proloterapi-tedavisinin-ilki-yapildi\/"},"modified":"2019-09-15T13:32:40","modified_gmt":"2019-09-15T10:32:40","slug":"karabukte-proloterapi-tedavisinin-ilki-yapildi","status":"publish","type":"post","link":"http:\/\/www.tvturk.com\/index.php\/karabukte-proloterapi-tedavisinin-ilki-yapildi\/","title":{"rendered":"Karab\u00fck\u2019te proloterapi tedavisinin ilki yap\u0131ld\u0131"},"content":{"rendered":"<p>Geleneksel ve tamamlay\u0131c\u0131 t\u0131p tedavilerinden olan ve vatanda\u015flar taraf\u0131ndan yo\u011fun ilgi g\u00f6ren proloterapi tedavisi, Karab\u00fck\u2019te ilk defa \u00d6zel Medikar Hastanesinde uyguland\u0131.<\/p>\n<p>V\u00fccudun kendi kendini tamir etmesi i\u00e7in v\u00fccuda enjekte yard\u0131m\u0131 ile yap\u0131lan ve son d\u00f6nemlerde pop\u00fcler olan proloterapi tedavisi, ilk defa Medikar Hastanesinde uygulanmaya ba\u015flad\u0131. Zay\u0131flam\u0131\u015f, a\u015f\u0131nm\u0131\u015f, y\u0131pranm\u0131\u015f, hasarlanm\u0131\u015f, gev\u015femi\u015f ve g\u00fcc\u00fcn\u00fc kaybetmi\u015f tendon, ligament ve eklemlerde h\u00fccre ve doku yenilenmesine destek olan, dokularda yenilenme, \u00e7o\u011falma olu\u015fturarak bu dokular\u0131n yenilenmesini ve eski g\u00fcc\u00fcne kavu\u015fmas\u0131n\u0131 sa\u011flayan bir tedavi y\u00f6ntemi olan proloterapi tedavisi ile hastalar\u0131n ameliyats\u0131z rahats\u0131zl\u0131klar\u0131ndan kurtulmalar\u0131 sa\u011flan\u0131yor. Karab\u00fck\u2019te daha \u00f6nce diz a\u011fr\u0131lar\u0131 tedavisinde uygulanan bu y\u00f6ntem art\u0131k bel a\u011fr\u0131lar\u0131 i\u00e7in de kullan\u0131lmaya ba\u015flad\u0131.<\/p>\n<p>\u201cBu tedavi a\u011fr\u0131 kesici bir tedavi de\u011fil\u201d<\/p>\n<p>Proloterapi tedavisi hakk\u0131nda bilgi veren Uzman Dr. Necdet \u00c7atalba\u015f, y\u00f6ntemin son d\u00f6nemde pop\u00fcler olan geleneksel ve tamamlay\u0131c\u0131 t\u0131p uygulamalar\u0131 i\u00e7erisinde bulundu\u011funu belirterek, \u201cAsl\u0131nda uzun y\u0131llard\u0131r uygulanmakta bir tedavi ama \u00fclkemizde yeni yeni pop\u00fcler olmakta. Bir \u00e7e\u015fit enjeksiyon y\u00f6ntemi. Proloterapi y\u00f6ntemi ile de\u011fi\u015fik maddelerin v\u00fccutta \u00f6zellikle ba\u011flar\u0131n kemi\u011fe yap\u0131\u015ft\u0131\u011f\u0131 noktalara, tendonlar\u0131n kemi\u011fe yap\u0131\u015ft\u0131\u011f\u0131 noktalara yaparak orada k\u00fc\u00e7\u00fck bir enflamasyon olu\u015fturup v\u00fccudun kendi kendini tamir etme mekanizmalar\u0131n\u0131 hayata ge\u00e7iriyoruz. Buras\u0131 \u00f6nemli \u00e7\u00fcnk\u00fc v\u00fccut kendi kendini tamir ediyor. Bizim verdi\u011fimiz d\u0131\u015far\u0131dan maddenin tedavi anlam\u0131nda v\u00fccuda bir etkisi yok. V\u00fccut tamamen kendini tamir ediyor. Do\u011fal yollarla iyile\u015fmi\u015f oluyor. Bu tedavi a\u011fr\u0131 kesici bir tedavi de\u011fil. Biz orada ba\u011flar\u0131 tedavi etti\u011fimiz zaman eklemleriniz tekrardan o eski halini almaya ba\u015fl\u0131yor. \u00d6yle oldu\u011funda otomatikman hem a\u011fr\u0131 azal\u0131yor hem de eklemlerin fonksiyonlar\u0131 d\u00fczelmi\u015f oluyor. Dolay\u0131s\u0131 ile yapt\u0131\u011f\u0131m\u0131z tedavi a\u011fr\u0131 kesici tedavi de\u011fil, tedavi i\u00e7in tedavidir. Bu manada \u00e7ok de\u011ferli bir tedavidir\u201d dedi.<\/p>\n<p>\u00c7atalba\u015f, proloterapi tedavisinin Karab\u00fck\u2019te daha \u00f6nce dizde uygulad\u0131klar\u0131n\u0131 ama belde ilk defa uygulayacaklar\u0131n\u0131 ifade ederek, bundan sonra da rahats\u0131zl\u0131klar\u0131 olan hastalar\u0131 bu tedavi y\u00f6ntemi ile daha k\u0131sa s\u00fcrede etkili bir \u015fekilde tedavi olmalar\u0131n\u0131 sa\u011flayacaklar\u0131n\u0131 s\u00f6yledi.<\/p>\n<p>\u201cAmeliyata gerek kalmaks\u0131z\u0131n bu rahats\u0131zl\u0131klar\u0131ndan kurtulabilmesini sa\u011flayabilmekteyiz\u201d<\/p>\n<p>Tedavi y\u00f6nteminin hangi rahats\u0131zl\u0131klarda kullanabilece\u011fini anlatan \u00c7atalba\u015f, \u201cBu tedavi y\u00f6ntemi boyun f\u0131t\u0131klar\u0131, bel f\u0131t\u0131klar\u0131, diz ve kal\u00e7a kire\u00e7lenmeleri, omuzlardaki kas y\u0131rt\u0131klar\u0131, ayak ve el bilekleri sorunlar\u0131 dahil eklemlerle ilgili kas ve iskelet sistemi ile ilgili neredeyse t\u00fcm hastal\u0131klarda uygulayabilmekteyiz. B\u00f6ylelikle hastalar\u0131n ameliyata gerek kalmaks\u0131z\u0131n bu rahats\u0131zl\u0131klar\u0131ndan kurtulabilmesini sa\u011flayabilmekteyiz\u201d diye konu\u015ftu.<\/p>\n<p>\u201cProloterapi y\u00f6ntemi ile \u015fifa buldu\u011funa \u015fahit oldum\u201d<\/p>\n<p>Bel f\u0131t\u0131\u011f\u0131 rahats\u0131zl\u0131\u011f\u0131 bulunan ve proloterapi y\u00f6ntemi Karab\u00fck\u2019te ilk defa kendisine uygulanacak olan 38 ya\u015f\u0131ndaki \u00c7etin Y\u00fcce ise \u015funlar\u0131 s\u00f6yledi:<\/p>\n<p>\u201cBunu tedavi etme noktas\u0131nda aray\u0131\u015f i\u00e7erisine girdim. Hocamla kar\u015f\u0131la\u015ft\u0131m. Hocamla g\u00f6r\u00fc\u015fmelerim sonucu proloterapi y\u00f6ntemini \u00f6\u011frendim ve ara\u015ft\u0131rmaya koyuldum. Detayl\u0131 bir ara\u015ft\u0131rma sonucu bu y\u00f6ntemin ameliyata g\u00f6re daha mant\u0131kl\u0131 oldu\u011funu, en az\u0131ndan denenmesi gerekti\u011fi sonucuna vard\u0131m. As\u0131l en b\u00fcy\u00fck etken, bu belki T\u00fcrkiye\u2019de yeni biliniyor olabilir ama 15-20 y\u0131l \u00f6nce b\u00fcy\u00fckbabama uygulanan bir y\u00f6ntem asl\u0131nda. Bizzat \u015fahit oldum. \u00c7ok sanc\u0131l\u0131 bir bel a\u011fr\u0131s\u0131 \u015fikayeti ile \u0130stanbul\u2019a gidip, oradan hi\u00e7bir \u015fey olmam\u0131\u015f gibi geri d\u00f6nmesi \u00e7ok \u015fa\u015f\u0131rtt\u0131 beni. Ayn\u0131 y\u00f6ntemle, yani omurilik sistemine enjekte edilerek \u015fifa buldu\u011funa \u015fahit oldum. 90 ya\u015f\u0131na yakla\u015ft\u0131 ve hi\u00e7bir \u015fikayet ya\u015famad\u0131. En az\u0131ndan denenmesi noktas\u0131nda karar vermemi sa\u011flad\u0131.\u201d<\/p>\n","protected":false},"excerpt":{"rendered":"<p>GELENEKSEL VE TAMAMLAYICI TIP TEDAV\u0130LER\u0130NDEN OLAN VE VATANDA\u015eLAR TARAFINDAN YO\u011eUN \u0130LG\u0130 G\u00d6REN PROLOTERAP\u0130 TEDAV\u0130S\u0130 KARAB\u00dcK\u2019TE \u0130LK DEFA \u00d6ZEL MED\u0130KAR HASTANES\u0130NDE UYGULANDI.<\/p>\n","protected":false},"author":1,"featured_media":203321,"comment_status":"closed","ping_status":"open","sticky":false,"template":"","format":"standard","meta":{"jetpack_post_was_ever_published":false,"_jetpack_newsletter_access":"","_jetpack_dont_email_post_to_subs":false,"_jetpack_newsletter_tier_id":0,"_jetpack_memberships_contains_paywalled_content":false,"_jetpack_memberships_contains_paid_content":false,"footnotes":"","jetpack_publicize_message":"","jetpack_publicize_feature_enabled":true,"jetpack_social_post_already_shared":true,"jetpack_social_options":{"image_generator_settings":{"template":"highway","default_image_id":0,"font":"","enabled":false},"version":2}},"categories":[1],"tags":[43076,2481,6933,32557,117],"class_list":["post-203320","post","type-post","status-publish","format-standard","has-post-thumbnail","hentry","category-genel","tag-proloterapi","tag-ilki","tag-karabukte","tag-tedavisinin","tag-yapildi"],"jetpack_publicize_connections":[],"jetpack_featured_media_url":"https:\/\/i0.wp.com\/www.tvturk.com\/wp-content\/uploads\/2019\/09\/karabukte-proloterapi-tedavisinin-ilki-yapildi_ab2db37.jpg?fit=1000%2C666","jetpack_sharing_enabled":true,"jetpack_shortlink":"https:\/\/wp.me\/paKIfm-QTm","_links":{"self":[{"href":"http:\/\/www.tvturk.com\/index.php\/wp-json\/wp\/v2\/posts\/203320","targetHints":{"allow":["GET"]}}],"collection":[{"href":"http:\/\/www.tvturk.com\/index.php\/wp-json\/wp\/v2\/posts"}],"about":[{"href":"http:\/\/www.tvturk.com\/index.php\/wp-json\/wp\/v2\/types\/post"}],"author":[{"embeddable":true,"href":"http:\/\/www.tvturk.com\/index.php\/wp-json\/wp\/v2\/users\/1"}],"replies":[{"embeddable":true,"href":"http:\/\/www.tvturk.com\/index.php\/wp-json\/wp\/v2\/comments?post=203320"}],"version-history":[{"count":0,"href":"http:\/\/www.tvturk.com\/index.php\/wp-json\/wp\/v2\/posts\/203320\/revisions"}],"wp:featuredmedia":[{"embeddable":true,"href":"http:\/\/www.tvturk.com\/index.php\/wp-json\/wp\/v2\/media\/203321"}],"wp:attachment":[{"href":"http:\/\/www.tvturk.com\/index.php\/wp-json\/wp\/v2\/media?parent=203320"}],"wp:term":[{"taxonomy":"category","embeddable":true,"href":"http:\/\/www.tvturk.com\/index.php\/wp-json\/wp\/v2\/categories?post=203320"},{"taxonomy":"post_tag","embeddable":true,"href":"http:\/\/www.tvturk.com\/index.php\/wp-json\/wp\/v2\/tags?post=203320"}],"curies":[{"name":"wp","href":"https:\/\/api.w.org\/{rel}","templated":true}]}}