{"id":203326,"date":"2019-09-15T13:47:23","date_gmt":"2019-09-15T10:47:23","guid":{"rendered":"http:\/\/www.tvturk.com\/index.php\/paris-saint-germain-academy-turkey-sezonu-acti\/"},"modified":"2019-09-15T13:47:23","modified_gmt":"2019-09-15T10:47:23","slug":"paris-saint-germain-academy-turkey-sezonu-acti","status":"publish","type":"post","link":"http:\/\/www.tvturk.com\/index.php\/paris-saint-germain-academy-turkey-sezonu-acti\/","title":{"rendered":"Paris Saint-Germain Academy Turkey sezonu a\u00e7t\u0131"},"content":{"rendered":"<p>Paris Saint-Germain Academy Turkey; \u00dcmraniye Futbol Park Tesisleri\u2019nde 2019-2020 sezonunu g\u00f6rkemli bir t\u00f6renle a\u00e7\u0131l\u0131\u015f\u0131n\u0131 ger\u00e7ekle\u015ftirdi.<\/p>\n<p>Futbol Union partnerli\u011fi ile 2018 y\u0131l\u0131nda T\u00fcrkiye\u2019de temelleri at\u0131lan, D\u00fcnyan\u0131n en g\u00f6zde futbol akademilerinden Paris Saint-Germain Academy Turkey, \u00dcmraniye Futbol Park Tesisleri\u2019nde 2019-2020 sezonunun a\u00e7\u0131l\u0131\u015f\u0131n\u0131 yapt\u0131. 2019-2020 sezonu a\u00e7\u0131l\u0131\u015f\u0131 sporcular\u0131n seremonisi ile ba\u015flad\u0131. Paris Saint-Germain Academy Turkey Kurucusu Nihat U\u011furlu, Manchester United eski y\u0131ld\u0131z\u0131 Mark Wilson, Yapay Zeka Kurucu Orta\u011f\u0131 Ali Erhan Tamerli\u2019nin haz\u0131r bulundu\u011fu 2019-2020 Sezon a\u00e7\u0131l\u0131\u015f\u0131n\u0131, e\u011flenceli aktiviteler ve DJ e\u015fli\u011finde tamamland\u0131.<\/p>\n<p>T\u00fcrkiye\u2019de toplamda 20 \u015fehir 30 lokasyonda a\u00e7\u0131lacak<\/p>\n<p>Yeni sezonla ilgili a\u00e7\u0131klamalarda bulunan Paris Saint-Germain Academy Turkey Kurucusu Nihat U\u011furlu, \u201cFutbol Union \u015firketi, d\u00fcnyan\u0131n en de\u011ferli 5 futbol markas\u0131 aras\u0131nda g\u00f6sterilen Paris Saint-Germain markas\u0131n\u0131n Futbol Akademisini T\u00fcrkiye\u2019ye getirdi. Akademinin 13 binden fazla \u00f6\u011frencisi bulunuyor ve \u0130stanbul\u2019daki ilk akademi, May\u0131s 2018\u2019de kay\u0131t almaya ba\u015flamas\u0131na kar\u015f\u0131n \u00f6\u011frenci say\u0131s\u0131 g\u00fcn itibariyle 500\u2019e ula\u015ft\u0131. Bu say\u0131y\u0131 y\u0131l sonunda 1000\u2019e \u00e7\u0131karmay\u0131 hedefliyoruz. \u0130lk etapta 10 milyon TL\u2019lik yat\u0131r\u0131mla \u0130stanbul\u2019da a\u00e7t\u0131\u011f\u0131m\u0131z futbol akademimizin arkas\u0131nda d\u00fcnyaca \u00fcnl\u00fc bir dev bulunuyor ve T\u00fcrkiye\u2019de yeni yat\u0131r\u0131mlara devam edece\u011fiz. T\u00fcrk futbolunun altyap\u0131s\u0131na model olu\u015fturmak ve Paris Saint-Germain altyap\u0131s\u0131na futbolcu yeti\u015ftirmek amac\u0131yla a\u00e7t\u0131\u011f\u0131m\u0131z akademilerde, 4-18 ya\u015f\u0131ndaki \u00e7ocuklara y\u00f6nelik futbol ve ki\u015fisel geli\u015fim e\u011fitimleri veriyoruz. \u00d6rnek e\u011fitim metodolojimizi t\u00fcm T\u00fcrkiye\u2019ye yaymak istiyoruz. \u0130stanbul Avrupa Yakas\u0131\u2019nda Beylikd\u00fcz\u00fc, Anadolu Yakas\u0131\u2019nda ise \u00dcmraniye\u2019de bulunan Futbol Park Tesisleri\u2019nde e\u011fitimlere bu y\u0131l da h\u0131z kesmeden devam edece\u011fiz. \u0130stanbul, Antalya ve Ankara\u2019dan sonra d\u00f6rd\u00fcnc\u00fc yap\u0131lanmam\u0131z\u0131 Bursa\u2019da ger\u00e7ekle\u015ftirdik. 2019 y\u0131l\u0131 sonuna kadar \u0130zmir\u2019de 3 ayr\u0131 b\u00f6lgede yat\u0131r\u0131mlar\u0131m\u0131z olacak. B\u00fcy\u00fcme plan\u0131m\u0131zda toplam 20 \u015fehre odaklanmak var. E\u011fitimlerimiz i\u00e7in \u00e7ifte konsantreyiz. PSG Academy Turkey kal\u0131c\u0131 olacak ve T\u00fcrkiye\u2019de altyap\u0131lar\u0131nda kurumsalla\u015fman\u0131n yolunu a\u00e7acak\u201d dedi.<\/p>\n<p>Mark Wilson: &#8220;T\u00fcrkiye bu sistem sayesinde \u00e7ok y\u0131ld\u0131z futbolcuya ka\u015fvu\u015facak&#8221;<\/p>\n<p>Manchester United eski y\u0131ld\u0131z\u0131 Mark Wilson ise, &#8220;T\u00fcrkiye\u2019de olmak ve PSG Academy Turkey gibi b\u00fcy\u00fck bir e\u011fitim yuvas\u0131n\u0131n a\u00e7\u0131l\u0131\u015f\u0131nda bulunmaktan dolay\u0131 onur duyuyorum. PSG Academy Turkey b\u00fcy\u00fck bir yap\u0131 kurmu\u015f ve bu yap\u0131ya katk\u0131da bulunmak istiyoruz. Sporcular\u0131n performanslar\u0131n\u0131 tutabilmek ve ilerlemesine destek olmak istiyoruz. Markam\u0131z Beyondpulse ile her sporcunun profesyonelle\u015fmesine destek olmak bizi ayr\u0131ca mutlu edecek. T\u00fcrkiye, bu sistem sayesinde \u00e7ok y\u0131ld\u0131z futbolcuya kavu\u015facak\u201d diye konu\u015ftu.<\/p>\n","protected":false},"excerpt":{"rendered":"<p>PAR\u0130S SA\u0130NT-GERMA\u0130N ACADEMY TURKEY, 2019-2020 SEZONUNU G\u00d6RKEML\u0130 B\u0130R T\u00d6RENLE A\u00c7TI<\/p>\n","protected":false},"author":1,"featured_media":203327,"comment_status":"closed","ping_status":"open","sticky":false,"template":"","format":"standard","meta":{"jetpack_post_was_ever_published":false,"_jetpack_newsletter_access":"","_jetpack_dont_email_post_to_subs":false,"_jetpack_newsletter_tier_id":0,"_jetpack_memberships_contains_paywalled_content":false,"_jetpack_memberships_contains_paid_content":false,"footnotes":"","jetpack_publicize_message":"","jetpack_publicize_feature_enabled":true,"jetpack_social_post_already_shared":true,"jetpack_social_options":{"image_generator_settings":{"template":"highway","default_image_id":0,"font":"","enabled":false},"version":2}},"categories":[657],"tags":[50436,1494,1315,17496,6296,27218],"class_list":["post-203326","post","type-post","status-publish","format-standard","has-post-thumbnail","hentry","category-spor","tag-academy","tag-acti","tag-paris","tag-saint-germain","tag-sezonu","tag-turkey"],"jetpack_publicize_connections":[],"jetpack_featured_media_url":"https:\/\/i0.wp.com\/www.tvturk.com\/wp-content\/uploads\/2019\/09\/paris-saint-germain-academy-turkey-sezonu-acti_5e4cd59.jpg?fit=1000%2C664","jetpack_sharing_enabled":true,"jetpack_shortlink":"https:\/\/wp.me\/paKIfm-QTs","_links":{"self":[{"href":"http:\/\/www.tvturk.com\/index.php\/wp-json\/wp\/v2\/posts\/203326","targetHints":{"allow":["GET"]}}],"collection":[{"href":"http:\/\/www.tvturk.com\/index.php\/wp-json\/wp\/v2\/posts"}],"about":[{"href":"http:\/\/www.tvturk.com\/index.php\/wp-json\/wp\/v2\/types\/post"}],"author":[{"embeddable":true,"href":"http:\/\/www.tvturk.com\/index.php\/wp-json\/wp\/v2\/users\/1"}],"replies":[{"embeddable":true,"href":"http:\/\/www.tvturk.com\/index.php\/wp-json\/wp\/v2\/comments?post=203326"}],"version-history":[{"count":0,"href":"http:\/\/www.tvturk.com\/index.php\/wp-json\/wp\/v2\/posts\/203326\/revisions"}],"wp:featuredmedia":[{"embeddable":true,"href":"http:\/\/www.tvturk.com\/index.php\/wp-json\/wp\/v2\/media\/203327"}],"wp:attachment":[{"href":"http:\/\/www.tvturk.com\/index.php\/wp-json\/wp\/v2\/media?parent=203326"}],"wp:term":[{"taxonomy":"category","embeddable":true,"href":"http:\/\/www.tvturk.com\/index.php\/wp-json\/wp\/v2\/categories?post=203326"},{"taxonomy":"post_tag","embeddable":true,"href":"http:\/\/www.tvturk.com\/index.php\/wp-json\/wp\/v2\/tags?post=203326"}],"curies":[{"name":"wp","href":"https:\/\/api.w.org\/{rel}","templated":true}]}}