{"id":203354,"date":"2019-09-15T16:32:35","date_gmt":"2019-09-15T13:32:35","guid":{"rendered":"http:\/\/www.tvturk.com\/index.php\/serbest-gures-milli-takimi-kazakistan-yolcusu\/"},"modified":"2019-09-15T16:32:35","modified_gmt":"2019-09-15T13:32:35","slug":"serbest-gures-milli-takimi-kazakistan-yolcusu","status":"publish","type":"post","link":"http:\/\/www.tvturk.com\/index.php\/serbest-gures-milli-takimi-kazakistan-yolcusu\/","title":{"rendered":"Serbest G\u00fcre\u015f Milli Tak\u0131m\u0131, Kazakistan yolcusu"},"content":{"rendered":"<p>Kazakistan\u2019\u0131n ba\u015fkenti Nur Sultan\u2019da d\u00fczenlenen B\u00fcy\u00fckler D\u00fcnya G\u00fcre\u015f \u015eampiyonas\u0131\u2019nda m\u00fccadele edecek olan Serbest G\u00fcre\u015f Milli Tak\u0131m\u0131 Kazakistan yolcusu.<\/p>\n<p>Haz\u0131rl\u0131klar\u0131n\u0131 Ankara Elmada\u011f kamp e\u011fitim merkezinde tamamlayan milliler, \u00f6nce \u0130stanbul\u2019a oradan da ak\u015fam 18.45 u\u00e7a\u011f\u0131 ile Kazakistan\u2019a hareket edecek. \u0130yi bir haz\u0131rl\u0131k d\u00f6nemi ge\u00e7irdiklerini belirten Serbest G\u00fcre\u015f Milli Tak\u0131m Teknik Direkt\u00f6r\u00fc \u0130shak \u0130lbayhanov, D\u00fcnya \u015eampiyonas\u0131\u2019na her a\u00e7\u0131dan haz\u0131r olduklar\u0131n\u0131 s\u00f6yledi. Deneyimli teknik adam, &#8220;Zorlu bir \u015fampiyona bizi bekliyor. \u0130lk alt\u0131ya girecek olan sporcular\u0131n Olimpiyat kotalar\u0131 alacak olmas\u0131 bu \u015fampiyonay\u0131 bizim i\u00e7in \u00e7ok daha \u00f6nemli k\u0131l\u0131yor. Rusya, \u0130ran, K\u00fcba, ABD gibi g\u00fc\u00e7l\u00fc \u00fclkeler bizleri bekliyor. Burada hedefimiz tak\u0131m halinde ilk \u00fc\u00e7e girip, Olimpiyat kotalar\u0131n\u0131 almak&#8221; de\u011ferlendirmesinde bulundu.<\/p>\n<p>B\u00fcy\u00fckler D\u00fcnya G\u00fcre\u015f \u015eampiyonas\u0131\u2019nda serbest stilde T\u00fcrkiye\u2019yi \u015fu isimler temsil edecekler:<\/p>\n<p>S\u00fcleyman Atl\u0131<\/p>\n<p>S\u0131kleti: 57 kg<\/p>\n<p>Do\u011fum Tarihi: 1994<\/p>\n<p>Do\u011fum Yeri: Fethiye<\/p>\n<p>Spor Dal\u0131: Serbest G\u00fcre\u015f<\/p>\n<p>Kul\u00fcb\u00fc: ASK\u0130<\/p>\n<p>Medeni Durumu: Bekar<\/p>\n<p>Tahsili: \u00dcniversite devam ediyor<\/p>\n<p>En iyi derece: B\u00fcy\u00fckler D\u00fcnya  3. B\u00fcy\u00fckler Avrupa \u015fampiyonu, 2016 Rio Olimpiyatlar\u0131na kat\u0131ld\u0131<\/p>\n<p>M\u00fcsabaka Tarihleri: 19-20 Eyl\u00fcl 2019<\/p>\n<p>Recep Topal<\/p>\n<p>Siklet: 61 kg<\/p>\n<p>Do\u011fum Tarihi: 1992<\/p>\n<p>Do\u011fum Yeri: Rize<\/p>\n<p>Spor Dal\u0131: Serbest G\u00fcre\u015f<\/p>\n<p>Kul\u00fcb\u00fc: \u0130lbank<\/p>\n<p>Medeni Durumu: Evli<\/p>\n<p>Tahsili: \u00dcniversite Devam ediyor<\/p>\n<p>En iyi derece;  B\u00fcy\u00fckler Avrupa \u00fc\u00e7\u00fcnc\u00fcs\u00fc (2018-2019)<\/p>\n<p>M\u00fcsabaka Tarihleri: 21-22 Eyl\u00fcl 2019<\/p>\n<p>Selehattin K\u0131l\u0131\u00e7sallayan<\/p>\n<p>S\u0131kleti: 65 kg<\/p>\n<p>Do\u011fum Tarihi: 1993<\/p>\n<p>Do\u011fum Yeri: Kahramanmara\u015f<\/p>\n<p>Spor Dal\u0131: Serbest G\u00fcre\u015f<\/p>\n<p>Kul\u00fcb\u00fc: ASK\u0130<\/p>\n<p>Medeni Durumu: Bekar<\/p>\n<p>Tahsili: \u00dcniversite<\/p>\n<p>Mesle\u011fi: \u00d6\u011fretmen<\/p>\n<p>En iyi derece: B\u00fcy\u00fckler Avrupa 2.<\/p>\n<p>M\u00fcsabaka Tarihleri: 19-20 Eyl\u00fcl 2019<\/p>\n<p>Haydar Yavuz<\/p>\n<p>S\u0131kleti: 70 kg<\/p>\n<p>Do\u011fum Tarihi: 1994<\/p>\n<p>Do\u011fum Yeri: Kahramanmara\u015f<\/p>\n<p>Spor Dal\u0131: Serbest G\u00fcre\u015f<\/p>\n<p>Kul\u00fcb\u00fc: ASK\u0130<\/p>\n<p>Medeni Durumu: Bekar<\/p>\n<p>Tahsili: \u00dcniversite devam<\/p>\n<p>En iyi derece: U23 Avrupa 2.<\/p>\n<p>M\u00fcsabaka Tarihleri: 20-21 Eyl\u00fcl 2019<\/p>\n<p>Soner Demirta\u015f<\/p>\n<p>S\u0131kleti: 74 kg<\/p>\n<p>Do\u011fum Tarihi: 1991<\/p>\n<p>Do\u011fum Yeri: Tokat<\/p>\n<p>Spor Dal\u0131: Serbest G\u00fcre\u015f<\/p>\n<p>Kul\u00fcb\u00fc: ASK\u0130<\/p>\n<p>Medeni Durumu: Evli<\/p>\n<p>Tahsili: \u00dcniversite mezunu<\/p>\n<p>En iyi derece: B\u00fcy\u00fckler Avrupa \u015fampiyonu (2 kez), 2016 Rio Olimpiyatlar\u0131 (3.)<\/p>\n<p>M\u00fcsabaka Tarihleri: 20-21 Eyl\u00fcl 2019<\/p>\n<p>M.Nuri Kotano\u011flu<\/p>\n<p>S\u0131kleti: 79 kg<\/p>\n<p>Do\u011fum Tarihi: 1993<\/p>\n<p>Do\u011fum Yeri: Erzurum<\/p>\n<p>Spor Dal\u0131: Serbest G\u00fcre\u015f<\/p>\n<p>Kul\u00fcb\u00fc: \u0130lbank<\/p>\n<p>Medeni Durumu: Bekar<\/p>\n<p>Tahsili: \u00dcniversite<\/p>\n<p>Mesle\u011fi: \u00d6\u011fretmen<\/p>\n<p>En iyi derece: \u00dcmitler Avrupa \u015fampiyonu, B\u00fcy\u00fckler Avrupa 3.\u2019s\u00fc<\/p>\n<p>M\u00fcsabaka Tarihleri: 21-22 Eyl\u00fcl 2019<\/p>\n<p>Fatih Erdin<\/p>\n<p>S\u0131kleti: 86 kg<\/p>\n<p>Do\u011fum Tarihi: 1994<\/p>\n<p>Do\u011fum Yeri: \u00c7orum<\/p>\n<p>Spor Dal\u0131: Serbest G\u00fcre\u015f<\/p>\n<p>Kul\u00fcb\u00fc: \u0130BB<\/p>\n<p>Medeni Durumu: Bekar<\/p>\n<p>Tahsili: \u00dcniversite mezunu<\/p>\n<p>En iyi derece: B\u00fcy\u00fckler D\u00fcnya 2.\u2019si ve Avrupa 3.\u2019s\u00fc<\/p>\n<p>M\u00fcsabaka Tarihleri: 21-22 Eyl\u00fcl 2019<\/p>\n<p>S\u00fcleyman Karadeniz<\/p>\n<p>S\u0131kleti: 92 kg<\/p>\n<p>Do\u011fum Tarihi: 1995<\/p>\n<p>Do\u011fum Yeri: Denizli<\/p>\n<p>Spor Dal\u0131: Serbest G\u00fcre\u015f<\/p>\n<p>Kul\u00fcb\u00fc: ASK\u0130<\/p>\n<p>Medeni Durumu: Bekar<\/p>\n<p>Tahsili: \u00dcniversite devam ediyor.<\/p>\n<p>En iyi derece: Ya\u015far Do\u011fu Turnuvas\u0131 3.\u2019s\u00fc<\/p>\n<p>M\u00fcsabaka Tarihleri: 20-21 Eyl\u00fcl 2019<\/p>\n<p>\u0130brahim \u00c7ift\u00e7i<\/p>\n<p>S\u0131kleti: 97 kg<\/p>\n<p>Do\u011fum Tarihi: 1997<\/p>\n<p>Do\u011fum Yeri: Erzurum<\/p>\n<p>Spor Dal\u0131: Serbest G\u00fcre\u015f<\/p>\n<p>Kul\u00fcb\u00fc: ASK\u0130<\/p>\n<p>Medeni Durumu: Bekar<\/p>\n<p>Tahsili: Lise mezunu<\/p>\n<p>En iyi derece: U23 Avrupa \u015fampiyonu<\/p>\n<p>M\u00fcsabaka Tarihleri: 21-22 Eyl\u00fcl 2019<\/p>\n<p>Taha Akg\u00fcl<\/p>\n<p>S\u0131kleti: 125 kg<\/p>\n<p>Do\u011fum Tarihi: 1990<\/p>\n<p>Do\u011fum Yeri: Sivas<\/p>\n<p>Spor Dal\u0131: Serbest G\u00fcre\u015f<\/p>\n<p>Kul\u00fcb\u00fc: ASK\u0130<\/p>\n<p>Medeni Durumu: Bekar<\/p>\n<p>Tahsili: Y\u00fcksek lisans mezunu<\/p>\n<p>En iyi derece: 2 kez B\u00fcy\u00fckler D\u00fcnya \u015fampiyonu, 7 kez B\u00fcy\u00fckler Avrupa \u015fampiyonu, 2016 Rio Olimpiyatlar\u0131 \u015fampiyon<\/p>\n<p>M\u00fcsabaka Tarihleri: 20-21 Eyl\u00fcl 2019<\/p>\n","protected":false},"excerpt":{"rendered":"<p>KAZAK\u0130STAN\u2019IN BA\u015eKENT\u0130 NUR SULTAN\u2019DA D\u00dcZENLENEN B\u00dcY\u00dcKLER D\u00dcNYA G\u00dcRE\u015e \u015eAMP\u0130YONASI&#8217;NDA M\u00dcCADELE EDECEK OLAN SERBEST G\u00dcRE\u015e M\u0130LL\u0130 TAKIMI KAZAK\u0130STAN YOLCUSU.<\/p>\n","protected":false},"author":1,"featured_media":203355,"comment_status":"closed","ping_status":"open","sticky":false,"template":"","format":"standard","meta":{"jetpack_post_was_ever_published":false,"_jetpack_newsletter_access":"","_jetpack_dont_email_post_to_subs":false,"_jetpack_newsletter_tier_id":0,"_jetpack_memberships_contains_paywalled_content":false,"_jetpack_memberships_contains_paid_content":false,"footnotes":"","jetpack_publicize_message":"","jetpack_publicize_feature_enabled":true,"jetpack_social_post_already_shared":true,"jetpack_social_options":{"image_generator_settings":{"template":"highway","default_image_id":0,"font":"","enabled":false},"version":2}},"categories":[657],"tags":[8355,20016,429,594,1462,5464],"class_list":["post-203354","post","type-post","status-publish","format-standard","has-post-thumbnail","hentry","category-spor","tag-gures","tag-kazakistan","tag-milli","tag-serbest","tag-takimi","tag-yolcusu"],"jetpack_publicize_connections":[],"jetpack_featured_media_url":"https:\/\/i0.wp.com\/www.tvturk.com\/wp-content\/uploads\/2019\/09\/serbest-gures-milli-takimi-kazakistan-yolcusu_e9a587b.jpg?fit=960%2C540","jetpack_sharing_enabled":true,"jetpack_shortlink":"https:\/\/wp.me\/paKIfm-QTU","_links":{"self":[{"href":"http:\/\/www.tvturk.com\/index.php\/wp-json\/wp\/v2\/posts\/203354","targetHints":{"allow":["GET"]}}],"collection":[{"href":"http:\/\/www.tvturk.com\/index.php\/wp-json\/wp\/v2\/posts"}],"about":[{"href":"http:\/\/www.tvturk.com\/index.php\/wp-json\/wp\/v2\/types\/post"}],"author":[{"embeddable":true,"href":"http:\/\/www.tvturk.com\/index.php\/wp-json\/wp\/v2\/users\/1"}],"replies":[{"embeddable":true,"href":"http:\/\/www.tvturk.com\/index.php\/wp-json\/wp\/v2\/comments?post=203354"}],"version-history":[{"count":0,"href":"http:\/\/www.tvturk.com\/index.php\/wp-json\/wp\/v2\/posts\/203354\/revisions"}],"wp:featuredmedia":[{"embeddable":true,"href":"http:\/\/www.tvturk.com\/index.php\/wp-json\/wp\/v2\/media\/203355"}],"wp:attachment":[{"href":"http:\/\/www.tvturk.com\/index.php\/wp-json\/wp\/v2\/media?parent=203354"}],"wp:term":[{"taxonomy":"category","embeddable":true,"href":"http:\/\/www.tvturk.com\/index.php\/wp-json\/wp\/v2\/categories?post=203354"},{"taxonomy":"post_tag","embeddable":true,"href":"http:\/\/www.tvturk.com\/index.php\/wp-json\/wp\/v2\/tags?post=203354"}],"curies":[{"name":"wp","href":"https:\/\/api.w.org\/{rel}","templated":true}]}}