{"id":203422,"date":"2019-09-15T20:02:46","date_gmt":"2019-09-15T17:02:46","guid":{"rendered":"http:\/\/www.tvturk.com\/index.php\/tamer-tuna-bundan-sonraki-30-haftalik-surec-cok-farkli-olacak\/"},"modified":"2019-09-15T20:02:46","modified_gmt":"2019-09-15T17:02:46","slug":"tamer-tuna-bundan-sonraki-30-haftalik-surec-cok-farkli-olacak","status":"publish","type":"post","link":"http:\/\/www.tvturk.com\/index.php\/tamer-tuna-bundan-sonraki-30-haftalik-surec-cok-farkli-olacak\/","title":{"rendered":"Tamer Tuna: \u201dBundan sonraki 30 haftal\u0131k s\u00fcre\u00e7 \u00e7ok farkl\u0131 olacak\u201d"},"content":{"rendered":"<p>S\u00fcper Lig\u2019in 4. hafta kar\u015f\u0131la\u015fmas\u0131nda gols\u00fcz berabere biten \u00c7aykur Rizespor-G\u00f6ztepe kar\u015f\u0131la\u015fmas\u0131n\u0131n ard\u0131ndan konu\u015fan G\u00f6ztepe Teknik Direkt\u00f6r\u00fc Tamer Tuna, \u201cBundan sonraki 30 haftal\u0131k s\u00fcre\u00e7 \u00e7ok farkl\u0131 olacak\u201d dedi.<\/p>\n<p>Ge\u00e7ti\u011fimiz y\u0131ldan kalan kadroya yeni isimlerin eklendi\u011fini ve 5. hafta kar\u015f\u0131la\u015fmalar\u0131nda oynayacaklar\u0131 Konyaspor ma\u00e7\u0131 ve ard\u0131ndan s\u00fcrecin G\u00f6ztepe i\u00e7in daha iyi olaca\u011f\u0131n\u0131 dile getiren Tuna, \u201c3 haftad\u0131r 7 puanl\u0131 bir Rize, 1 puanl\u0131 bir G\u00f6ztepe ve buraya gelirken kazanmak istedi\u011fimizi ve bu arzu ile sahada olaca\u011f\u0131m\u0131z\u0131 hissettirmek istedik. Zaman zaman \u00f6nde yapt\u0131\u011f\u0131m\u0131z bask\u0131larda, 2. b\u00f6lgedeki oyunumuzda sa\u011flamaya \u00e7al\u0131\u015ft\u0131k. \u00d6n b\u00f6lgedeki topa sahip oldu\u011fumuzda dikine oynayan oyuncular\u0131m\u0131zla o ge\u00e7i\u015fi ger\u00e7ekle\u015ftiremedik. Oyun verimlili\u011fi ad\u0131na iyi bir oyun oynad\u0131lar. 3 haftad\u0131r gol atam\u0131yorduk, bug\u00fcn yine ger\u00e7ekle\u015ftiremedik ama \u00e7ok gol ataca\u011f\u0131m\u0131z\u0131 ve oyun anlay\u0131\u015f\u0131m\u0131zla ilgili gelecekte neler olabilece\u011fini ben biliyorum. Bunu hem oyun anlay\u0131\u015f\u0131m\u0131zla ilgili, hem oyun de\u011fi\u015fikli\u011finde g\u00f6sterdik. Rizespor\u2019a kar\u015f\u0131 nas\u0131l oynanmas\u0131 gerekiyordu? Bizi \u00e7ok iyi analiz etmi\u015f. \u00c7\u00fcnk\u00fc hep bekleyerek oynad\u0131. Ama bizde tabi iyi analiz ettik. \u00c7ok pozisyon zenginli\u011fi olmad\u0131 ama oyun disiplini ad\u0131na iki tak\u0131mda iyiydi. G\u00f6ztepe i\u00e7in 4 haftal\u0131k s\u00fcre\u00e7 a\u00e7\u0131k\u00e7as\u0131 ge\u00e7en y\u0131ldan gelen Ge\u00e7en y\u0131l ki kadromuzla, sonradan gelen oyuncular\u0131m\u0131zla bir ge\u00e7i\u015f s\u00fcrecine d\u00f6n\u00fc\u015ft\u00fc. Cuma g\u00fcn\u00fc Konyaspor ma\u00e7\u0131yla ba\u015flayaca\u011f\u0131m\u0131z 30 haftal\u0131k s\u00fcre\u00e7 \u00e7ok farkl\u0131 bir G\u00f6ztepe olacak\u201d \u015feklinde konu\u015ftu.<\/p>\n","protected":false},"excerpt":{"rendered":"<p>S\u00dcPER L\u0130G\u2019\u0130N 4. HAFTA KAR\u015eILA\u015eMASINDA GOLS\u00dcZ BERABERE B\u0130TEN \u00c7AYKUR R\u0130ZESPOR, G\u00d6ZTEPE KAR\u015eILA\u015eMASININ ARDINDAN KONU\u015eAN G\u00d6ZTEPE TEKN\u0130K D\u0130REKT\u00d6R\u00dc TAMER TUNA \u201cBUNDAN SONRAK\u0130 30 HAFTALIK S\u00dcRE\u00c7 \u00c7OK FARKLI OLACAK\u201d \u0130FADELER\u0130N\u0130 KULLANDI.<\/p>\n","protected":false},"author":1,"featured_media":203423,"comment_status":"closed","ping_status":"open","sticky":false,"template":"","format":"standard","meta":{"jetpack_post_was_ever_published":false,"_jetpack_newsletter_access":"","_jetpack_dont_email_post_to_subs":false,"_jetpack_newsletter_tier_id":0,"_jetpack_memberships_contains_paywalled_content":false,"_jetpack_memberships_contains_paid_content":false,"footnotes":"","jetpack_publicize_message":"","jetpack_publicize_feature_enabled":true,"jetpack_social_post_already_shared":true,"jetpack_social_options":{"image_generator_settings":{"template":"highway","default_image_id":0,"font":"","enabled":false},"version":2}},"categories":[657],"tags":[12831,105,2606,12449,1189,15022,15959,16034,14821],"class_list":["post-203422","post","type-post","status-publish","format-standard","has-post-thumbnail","hentry","category-spor","tag-bundan","tag-cok","tag-farkli","tag-haftalik","tag-olacak","tag-sonraki","tag-surec","tag-tamer","tag-tuna"],"jetpack_publicize_connections":[],"jetpack_featured_media_url":"https:\/\/i0.wp.com\/www.tvturk.com\/wp-content\/uploads\/2019\/09\/tamer-tuna-bundan-sonraki-30-haftalik-surec-cok-farkli-olacak_8fe6ef3.jpg?fit=1000%2C666","jetpack_sharing_enabled":true,"jetpack_shortlink":"https:\/\/wp.me\/paKIfm-QV0","_links":{"self":[{"href":"http:\/\/www.tvturk.com\/index.php\/wp-json\/wp\/v2\/posts\/203422","targetHints":{"allow":["GET"]}}],"collection":[{"href":"http:\/\/www.tvturk.com\/index.php\/wp-json\/wp\/v2\/posts"}],"about":[{"href":"http:\/\/www.tvturk.com\/index.php\/wp-json\/wp\/v2\/types\/post"}],"author":[{"embeddable":true,"href":"http:\/\/www.tvturk.com\/index.php\/wp-json\/wp\/v2\/users\/1"}],"replies":[{"embeddable":true,"href":"http:\/\/www.tvturk.com\/index.php\/wp-json\/wp\/v2\/comments?post=203422"}],"version-history":[{"count":0,"href":"http:\/\/www.tvturk.com\/index.php\/wp-json\/wp\/v2\/posts\/203422\/revisions"}],"wp:featuredmedia":[{"embeddable":true,"href":"http:\/\/www.tvturk.com\/index.php\/wp-json\/wp\/v2\/media\/203423"}],"wp:attachment":[{"href":"http:\/\/www.tvturk.com\/index.php\/wp-json\/wp\/v2\/media?parent=203422"}],"wp:term":[{"taxonomy":"category","embeddable":true,"href":"http:\/\/www.tvturk.com\/index.php\/wp-json\/wp\/v2\/categories?post=203422"},{"taxonomy":"post_tag","embeddable":true,"href":"http:\/\/www.tvturk.com\/index.php\/wp-json\/wp\/v2\/tags?post=203422"}],"curies":[{"name":"wp","href":"https:\/\/api.w.org\/{rel}","templated":true}]}}