{"id":203430,"date":"2019-09-15T20:32:38","date_gmt":"2019-09-15T17:32:38","guid":{"rendered":"http:\/\/www.tvturk.com\/index.php\/turk-hava-yollari-kadin-voleybol-takimi-balkan-sampiyonu-oldu\/"},"modified":"2019-09-15T20:32:38","modified_gmt":"2019-09-15T17:32:38","slug":"turk-hava-yollari-kadin-voleybol-takimi-balkan-sampiyonu-oldu","status":"publish","type":"post","link":"http:\/\/www.tvturk.com\/index.php\/turk-hava-yollari-kadin-voleybol-takimi-balkan-sampiyonu-oldu\/","title":{"rendered":"T\u00fcrk Hava Yollar\u0131 Kad\u0131n Voleybol Tak\u0131m\u0131, Balkan \u015fampiyonu oldu"},"content":{"rendered":"<p>Balkan Kupas\u0131 finalinde S\u0131rbistan\u2019\u0131n OK Zeleznicar Lajkovac tak\u0131m\u0131 ile kar\u015f\u0131 kar\u015f\u0131ya gelen T\u00fcrk Hava Yollar\u0131 Kad\u0131n Voleybol Tak\u0131m\u0131, rakibini 3-0 ma\u011flup ederek Balkan \u015fampiyonu oldu. Bu ba\u015far\u0131yla birlikte tak\u0131m, T\u00fcrkiye\u2019yi Challenge Cup\u2019ta temsil edecek.<\/p>\n<p>T\u00fcrkiye\u2019yi 2019 Balkan Kupas\u0131\u2019nda kad\u0131nlar kategorisinde temsil eden T\u00fcrk Hava Yollar\u0131 Kad\u0131n Voleybol Tak\u0131m\u0131 Balkan Kupas\u0131\u2019ndaki ikinci ve son ma\u00e7\u0131nda S\u0131rbistan\u2019\u0131n OK Zeleznicar Lajkovac tak\u0131m\u0131n\u0131 3-0 ma\u011flup ederek Balkan \u015fampiyonlu\u011funu elde etti.<\/p>\n<p>Turnuvadaki ilk y\u0131lda Balkan \u015fampiyonlu\u011fu<\/p>\n<p>THY, rakibi kar\u015f\u0131s\u0131nda ilk seti 25-15, ikinci seti 25-19 ve \u00fc\u00e7\u00fcnc\u00fc seti 25-22\u2019lik set skorlar\u0131yla \u00fcst\u00fcn tamamlay\u0131p sahadan 3-0\u2019l\u0131k galibiyetle ayr\u0131larak turnuvaya kat\u0131ld\u0131\u011f\u0131 ilk senede Balkan \u015fampiyonlu\u011funu kazand\u0131. TVF Burhan Felek Voleybol Salonu\u2019nda ger\u00e7ekle\u015fen kupa ve madalya t\u00f6reninde \u015fampiyon olan T\u00fcrk Hava Yollar\u0131 Spor Kul\u00fcb\u00fc\u2019ne kupa ve madalyalar\u0131n\u0131 TVF Ba\u015fkan\u0131 Mehmet Akif \u00dcst\u00fcnda\u011f ile T\u00fcrk Hava Yollar\u0131 (THY) Y\u00f6netim Kurulu ve \u0130cra Komitesi Ba\u015fkan\u0131 M. \u0130lker Ayc\u0131 verdi.<\/p>\n<p>Challenge Cup\u2019ta temsil etmeye hak kazand\u0131lar<\/p>\n<p>T\u00fcrk Hava Yollar\u0131 Kad\u0131n Voleybol Tak\u0131m\u0131 kazand\u0131\u011f\u0131 bu \u015fampiyonluk sayesinde T\u00fcrkiye\u2019yi CEV Kad\u0131nlar Voleybol Avrupa Challenge Cup\u2019ta temsil etmeye hak kazand\u0131. T\u00fcrk ekibinin CEV Challenge Kupas\u0131 Eleme Turu\u2019ndaki rakibi ise; Macaristan\u2019dan 1.MCM-Diamant Kaposvari tak\u0131m\u0131 oldu. CEV Challenge Kupas\u0131 Eleme Turu\u2019nda ilk kar\u015f\u0131la\u015fmalar 05-07 Kas\u0131m 2019 tarihlerinde, r\u00f6van\u015f kar\u015f\u0131la\u015fmalar\u0131 ise; 19-21 Kas\u0131m 2019 tarihlerinde oynanacak.<\/p>\n","protected":false},"excerpt":{"rendered":"<p>BALKAN KUPASI F\u0130NAL\u0130NDE SIRB\u0130STAN\u2019IN OK ZELEZN\u0130CAR LAJKOVAC TAKIMI \u0130LE KAR\u015eI KAR\u015eIYA GELEN T\u00dcRK HAVA YOLLARI KADIN VOLEYBOL TAKIMI, RAK\u0130B\u0130N\u0130 3-0 MA\u011eLUP EDEREK BALKAN \u015eAMP\u0130YONU OLDU. BU BA\u015eARIYLA B\u0130RL\u0130KTE TAKIM, T\u00dcRK\u0130YE&#8217;Y\u0130 CHALLENGE CUP\u2019TA TEMS\u0130L EDECEK.<\/p>\n","protected":false},"author":1,"featured_media":203431,"comment_status":"closed","ping_status":"open","sticky":false,"template":"","format":"standard","meta":{"jetpack_post_was_ever_published":false,"_jetpack_newsletter_access":"","_jetpack_dont_email_post_to_subs":false,"_jetpack_newsletter_tier_id":0,"_jetpack_memberships_contains_paywalled_content":false,"_jetpack_memberships_contains_paid_content":false,"footnotes":"","jetpack_publicize_message":"","jetpack_publicize_feature_enabled":true,"jetpack_social_post_already_shared":true,"jetpack_social_options":{"image_generator_settings":{"template":"highway","default_image_id":0,"font":"","enabled":false},"version":2}},"categories":[657],"tags":[10049,257,108,77,2415,1462,957,4366,5024],"class_list":["post-203430","post","type-post","status-publish","format-standard","has-post-thumbnail","hentry","category-spor","tag-balkan","tag-hava","tag-kadin","tag-oldu","tag-sampiyonu","tag-takimi","tag-turk","tag-voleybol","tag-yollari"],"jetpack_publicize_connections":[],"jetpack_featured_media_url":"https:\/\/i0.wp.com\/www.tvturk.com\/wp-content\/uploads\/2019\/09\/turk-hava-yollari-kadin-voleybol-takimi-balkan-sampiyonu-oldu_30b6420.jpg?fit=1000%2C562","jetpack_sharing_enabled":true,"jetpack_shortlink":"https:\/\/wp.me\/paKIfm-QV8","_links":{"self":[{"href":"http:\/\/www.tvturk.com\/index.php\/wp-json\/wp\/v2\/posts\/203430","targetHints":{"allow":["GET"]}}],"collection":[{"href":"http:\/\/www.tvturk.com\/index.php\/wp-json\/wp\/v2\/posts"}],"about":[{"href":"http:\/\/www.tvturk.com\/index.php\/wp-json\/wp\/v2\/types\/post"}],"author":[{"embeddable":true,"href":"http:\/\/www.tvturk.com\/index.php\/wp-json\/wp\/v2\/users\/1"}],"replies":[{"embeddable":true,"href":"http:\/\/www.tvturk.com\/index.php\/wp-json\/wp\/v2\/comments?post=203430"}],"version-history":[{"count":0,"href":"http:\/\/www.tvturk.com\/index.php\/wp-json\/wp\/v2\/posts\/203430\/revisions"}],"wp:featuredmedia":[{"embeddable":true,"href":"http:\/\/www.tvturk.com\/index.php\/wp-json\/wp\/v2\/media\/203431"}],"wp:attachment":[{"href":"http:\/\/www.tvturk.com\/index.php\/wp-json\/wp\/v2\/media?parent=203430"}],"wp:term":[{"taxonomy":"category","embeddable":true,"href":"http:\/\/www.tvturk.com\/index.php\/wp-json\/wp\/v2\/categories?post=203430"},{"taxonomy":"post_tag","embeddable":true,"href":"http:\/\/www.tvturk.com\/index.php\/wp-json\/wp\/v2\/tags?post=203430"}],"curies":[{"name":"wp","href":"https:\/\/api.w.org\/{rel}","templated":true}]}}