{"id":203481,"date":"2019-09-16T09:31:51","date_gmt":"2019-09-16T06:31:51","guid":{"rendered":"http:\/\/www.tvturk.com\/index.php\/profesorler-tarihi-erzincan-lisesinde-ders-veriyor\/"},"modified":"2019-09-16T09:31:51","modified_gmt":"2019-09-16T06:31:51","slug":"profesorler-tarihi-erzincan-lisesinde-ders-veriyor","status":"publish","type":"post","link":"http:\/\/www.tvturk.com\/index.php\/profesorler-tarihi-erzincan-lisesinde-ders-veriyor\/","title":{"rendered":"Profes\u00f6rler tarihi Erzincan Lisesinde ders veriyor"},"content":{"rendered":"<p>Milli E\u011fitim Bakanl\u0131\u011f\u0131 taraf\u0131ndan \u201cProje Okulu\u201d olarak kabul edilen tarihi Erzincan Lisesinde alan\u0131nda uzman olarak se\u00e7ilen profes\u00f6r, do\u00e7ent ve \u00f6\u011fretim g\u00f6revlileri \u00f6\u011frencilere ders vermeye ba\u015flad\u0131.<\/p>\n<p>Milli E\u011fitim Bakan\u0131 Ziya Sel\u00e7uk ge\u00e7ti\u011fimiz g\u00fcnlerde, liselerde fizik, kimya, biyoloji ve matematik derslerini \u00fcniversitelerden baz\u0131 profes\u00f6rlerin vermesi konusunda bu sene ilk kez \u00e7al\u0131\u015fma yap\u0131laca\u011f\u0131n\u0131 a\u00e7\u0131klam\u0131\u015ft\u0131. Bu kapsamda Erzincan Lisesi \u201cProje Okulu\u201d olarak se\u00e7ildi. Okul M\u00fcd\u00fcr\u00fc \u0130brahim Salar\u2019\u0131n yapt\u0131\u011f\u0131 g\u00f6r\u00fc\u015fmeler sonucunda Milli E\u011fitim M\u00fcd\u00fcr\u00fc Aziz G\u00fcn Din K\u00fclt\u00fcr\u00fc ve Ahlak Bilgisi, Prof. Dr. Ekrem K\u00f6ksal kimya, Do\u00e7. Dr. Erhan Zeytun biyoloji ve \u00d6\u011fretim G\u00f6revlisi Sel\u00e7uk K\u0131l\u0131\u00e7 ise fizik derslerine girmeye ba\u015flad\u0131.<\/p>\n<p>\u201cKonular\u0131nda uzman akademisyenler derse giriyor\u201d<\/p>\n<p>Tarihi Erzincan Lisesinin proje okulu se\u00e7ildi\u011fini belirten Milli E\u011fitim M\u00fcd\u00fcr\u00fc Aziz G\u00fcn, \u201cErzincan Lisesi proje okulu olduktan sonra Milli E\u011fitim Bakanl\u0131\u011f\u0131n\u0131n her ilde bulunan tarihi lisenin proje lisesi olmas\u0131yla ilgili \u00e7al\u0131\u015fmas\u0131ndan sonra Erzincan Lisesi proje lisesi oldu. Proje okulu \u00e7al\u0131\u015fmalar\u0131 neticesinde proje okullar\u0131 y\u00f6netmeli\u011fi \u00e7er\u00e7evesinde konular\u0131nda uzman olan akademisyenlerin derse girmeleri \u00e7ocuklar\u0131 bu anlamda motive etmeleri kurumlar aras\u0131 \u00f6zellikle \u00fcniversite ile i\u015f birli\u011fi i\u00e7erisinde olunmas\u0131 hususu bizi heyecanland\u0131rd\u0131. Bende haftada iki g\u00fcn \u00f6\u011frencilerimize din k\u00fclt\u00fcr\u00fc ve ahlak bilgisi dersine girece\u011fim. 27 y\u0131ll\u0131k \u00f6\u011fretmenlik hayat\u0131mda \u00f6\u011frenciler kadar heyecanl\u0131y\u0131m en az onlar kadar heyecanl\u0131 olmakla birlikte bug\u00fcn ayn\u0131 zamanda \u00fcniversiteden gelen k\u0131ymetli akademisyenlerle birlikte okulumuzda olmak bizi daha da heyecanland\u0131rmaktad\u0131r\u201d diye konu\u015ftu.<\/p>\n<p>\u201cUfuklar\u0131n\u0131 geni\u015fletebilmek i\u00e7in buraday\u0131z\u201d<\/p>\n<p>Akademik anlamda \u00f6\u011frencilere ders vermenin bir onur oldu\u011funu ifade eden \u00d6\u011fretim \u00dcyesi Do\u00e7. Dr. Erhan Zeytun, \u201cTarihi Erzincan Lisesinde derse girmek akademik anlamda destek vermek bizler i\u00e7in bir onurdur. Bizim i\u00e7in ayr\u0131 bir \u00f6nemi var. Ben ayn\u0131 zamanda 30 y\u0131l \u00f6nce bu s\u0131ralarda oturan \u00f6\u011frenciydim. Temel bilgilerin akademik bilgilerle kar\u0131\u015f\u0131m\u0131 ve \u00f6\u011frencilerin konuyu \u00e7ok daha farkl\u0131 y\u00f6nleri ile g\u00f6rmelerine olanak sa\u011flayacakt\u0131r. Ufuklar\u0131n\u0131 geni\u015fletebilmek ve daha uzaklara bakabilmek i\u00e7in \u00f6nemli bir ad\u0131m olacakt\u0131r\u201d dedi.<\/p>\n<p>\u201cHedefimiz \u00f6\u011frencileri i\u015flemek\u201d<\/p>\n<p>\u00d6\u011frencilerin var olan bilgilerini en \u00fcst seviyeye ta\u015f\u0131mak i\u00e7in burada olduklar\u0131n\u0131 s\u00f6yleyen \u00d6\u011fretim G\u00f6revlisi Sel\u00e7uk K\u0131l\u0131\u00e7, \u201cBu projenin \u00f6\u011frencilere ne gibi faydalar\u0131 var. \u00d6ncelikli olarak buraya gelen \u00f6\u011frenciler belli bir puanla buraya geliyor. Bundan dolay\u0131 \u00f6\u011frencilerimiz a\u015fa\u011f\u0131 yukar\u0131 ayn\u0131 bilgi birikimine sahiplerdir. Bizim buradaki hedefimiz \u00f6\u011frencileri i\u015flemek. Var olan bilgi ve birikimlerini artt\u0131rmak ve bunun neticesinde \u00f6\u011frencilerimizi T\u00fcrkiye\u2019de belli \u00fcniversitelere g\u00f6nderebilmek. Tabi Erzincan lisesinin proje okulu olmas\u0131 \u00f6zellikle de g\u00f6z \u00f6n\u00fcnde bir okul olmas\u0131 \u00e7ok \u00f6nemlidir. \u00dcniversite s\u0131navlar\u0131nda da \u00fcst \u00fcste ba\u015far\u0131 elde etmi\u015f bir lisedir. Ayr\u0131ca T\u00fcrkiye\u2019de ad\u0131ndan baya\u011f\u0131 s\u00f6z ettirmi\u015f bir okuldur\u201d \u015feklinde konu\u015ftu.<\/p>\n<p>\u201cOkulumuz proje lisesi oldu\u201d<\/p>\n<p>Erzincan Lisesinin T\u00fcrkiye\u2019de \u00f6nemli liseler aras\u0131nda yer ald\u0131\u011f\u0131na de\u011finen Fen Edebiyat Fak\u00fcltesi Kimya B\u00f6l\u00fcm\u00fc \u00d6\u011fretim \u00dcyesi Prof. Dr. Ekrem K\u00f6ksal, \u201cErzincan Lisesinden bizler zaman\u0131nda \u00e7ok \u015feyler ald\u0131k. Bug\u00fcnlere gelmemizde Erzincan Lisesinin \u00e7ok katk\u0131lar\u0131 var. T\u00fcrkiye\u2019nin \u00f6nemli liseleri aras\u0131nda yer al\u0131yor. Bir kimya \u00f6\u011fretmeni olarak burada derse girmek beni \u00e7ok heyecanland\u0131rd\u0131. Okulumuz proje lisesi oldu. Bug\u00fcn ba\u015flad\u0131k. \u0130n\u015fallah bu y\u0131l boyunca gen\u00e7lere kimya ad\u0131na bildiklerimizi payla\u015f\u0131p g\u00fcn\u00fc geldi\u011finde in\u015fallah bu gen\u00e7lerimizde burada ba\u015fka \u00f6\u011frencilere faydal\u0131 olmalar\u0131na katk\u0131 sa\u011flayabilirsek bizi sevindiren en \u00f6nemli etken olacakt\u0131r\u201d ifadelerini kulland\u0131.<\/p>\n<p>Erzincan Lisesi \u00f6\u011frencileri ise \u201cDerslerimize profes\u00f6rler ve Milli E\u011fitim M\u00fcd\u00fcr\u00fc giriyor. Bu konuda kendimizi \u00e7ok \u015fansl\u0131 hissediyoruz. Erzincan Lisesi iyi bir liseydi zaten bununla birlikte akademisyenlerinde derslerimize girmeleri \u00e7ok iyi oldu. Hocalar\u0131m\u0131z\u0131n gelece\u011fimize \u00e7ok iyi y\u00f6n verece\u011fine inan\u0131yoruz\u201d diye konu\u015ftu.<\/p>\n","protected":false},"excerpt":{"rendered":"<p>M\u0130LL\u0130 E\u011e\u0130T\u0130M BAKANLI\u011eI TARAFINDAN \u201cPROJE OKULU\u201d OLARAK KABUL ED\u0130LEN TAR\u0130H\u0130 ERZ\u0130NCAN L\u0130SES\u0130NDE, ALANINDA UZMAN OLARAK SE\u00c7\u0130LEN PROFES\u00d6R, DO\u00c7ENT VE \u00d6\u011eRET\u0130M G\u00d6REVL\u0130LER\u0130 \u00d6\u011eRENC\u0130LERE DERS VERMEYE BA\u015eLADI<\/p>\n","protected":false},"author":1,"featured_media":203482,"comment_status":"closed","ping_status":"open","sticky":false,"template":"","format":"standard","meta":{"jetpack_post_was_ever_published":false,"_jetpack_newsletter_access":"","_jetpack_dont_email_post_to_subs":false,"_jetpack_newsletter_tier_id":0,"_jetpack_memberships_contains_paywalled_content":false,"_jetpack_memberships_contains_paid_content":false,"footnotes":"","jetpack_publicize_message":"","jetpack_publicize_feature_enabled":true,"jetpack_social_post_already_shared":true,"jetpack_social_options":{"image_generator_settings":{"template":"highway","default_image_id":0,"font":"","enabled":false},"version":2}},"categories":[1],"tags":[5845,10327,7145,36776,800,806],"class_list":["post-203481","post","type-post","status-publish","format-standard","has-post-thumbnail","hentry","category-genel","tag-ders","tag-erzincan","tag-lisesinde","tag-profesorler","tag-tarihi","tag-veriyor"],"jetpack_publicize_connections":[],"jetpack_featured_media_url":"https:\/\/i0.wp.com\/www.tvturk.com\/wp-content\/uploads\/2019\/09\/profesorler-tarihi-erzincan-lisesinde-ders-veriyor_a3dfb50.jpg?fit=1000%2C738","jetpack_sharing_enabled":true,"jetpack_shortlink":"https:\/\/wp.me\/paKIfm-QVX","_links":{"self":[{"href":"http:\/\/www.tvturk.com\/index.php\/wp-json\/wp\/v2\/posts\/203481","targetHints":{"allow":["GET"]}}],"collection":[{"href":"http:\/\/www.tvturk.com\/index.php\/wp-json\/wp\/v2\/posts"}],"about":[{"href":"http:\/\/www.tvturk.com\/index.php\/wp-json\/wp\/v2\/types\/post"}],"author":[{"embeddable":true,"href":"http:\/\/www.tvturk.com\/index.php\/wp-json\/wp\/v2\/users\/1"}],"replies":[{"embeddable":true,"href":"http:\/\/www.tvturk.com\/index.php\/wp-json\/wp\/v2\/comments?post=203481"}],"version-history":[{"count":0,"href":"http:\/\/www.tvturk.com\/index.php\/wp-json\/wp\/v2\/posts\/203481\/revisions"}],"wp:featuredmedia":[{"embeddable":true,"href":"http:\/\/www.tvturk.com\/index.php\/wp-json\/wp\/v2\/media\/203482"}],"wp:attachment":[{"href":"http:\/\/www.tvturk.com\/index.php\/wp-json\/wp\/v2\/media?parent=203481"}],"wp:term":[{"taxonomy":"category","embeddable":true,"href":"http:\/\/www.tvturk.com\/index.php\/wp-json\/wp\/v2\/categories?post=203481"},{"taxonomy":"post_tag","embeddable":true,"href":"http:\/\/www.tvturk.com\/index.php\/wp-json\/wp\/v2\/tags?post=203481"}],"curies":[{"name":"wp","href":"https:\/\/api.w.org\/{rel}","templated":true}]}}