{"id":203495,"date":"2019-09-16T10:01:31","date_gmt":"2019-09-16T07:01:31","guid":{"rendered":"http:\/\/www.tvturk.com\/index.php\/kolombiyada-evin-catisina-kucuk-ucak-dustu-7-olu\/"},"modified":"2019-09-16T10:01:31","modified_gmt":"2019-09-16T07:01:31","slug":"kolombiyada-evin-catisina-kucuk-ucak-dustu-7-olu","status":"publish","type":"post","link":"http:\/\/www.tvturk.com\/index.php\/kolombiyada-evin-catisina-kucuk-ucak-dustu-7-olu\/","title":{"rendered":"Kolombiya\u2019da evin \u00e7at\u0131s\u0131na k\u00fc\u00e7\u00fck u\u00e7ak d\u00fc\u015ft\u00fc: 7 \u00f6l\u00fc"},"content":{"rendered":"<p>Kolombiya\u2019n\u0131n g\u00fcneybat\u0131s\u0131nda bir evin \u00fczerine k\u00fc\u00e7\u00fck bir u\u00e7a\u011f\u0131n d\u00fc\u015fmesi sonucu 7 ki\u015finin hayat\u0131n\u0131 kaybetti\u011fi belirtildi.<\/p>\n<p>Kolombiya \u00d6zel Sivil Havac\u0131l\u0131k \u0130dari Birimi (Aerocivil) taraf\u0131ndan yap\u0131lan a\u00e7\u0131klamada, Popayan kentinde bir evin \u00fczerine k\u00fc\u00e7\u00fck bir u\u00e7a\u011f\u0131n d\u00fc\u015fmesi sonucu 7 ki\u015fi hayat\u0131n\u0131 kaybetti\u011fi belirtildi.<\/p>\n<p>Aerocivil\u2019den yap\u0131lan a\u00e7\u0131klamada, &#8220;Popayan- Lopez de Micay seferini yapan 2\u2019si m\u00fcrettebat 9 ki\u015finin bulundu\u011fu PA31 model u\u00e7ak, Guillermo Leon Valencia Havaalan\u0131ndan kalk\u0131\u015ftan \u00e7ok k\u0131sa bir s\u00fcre sonra Popayan \u015fehrinin La Isla semtinde d\u00fc\u015ft\u00fc\u201d ifadeleri yer ald\u0131.<\/p>\n<p>Kolombiya Devlet Ba\u015fkan\u0131 Ivan Duque de kazayla ilgili yapt\u0131\u011f\u0131 a\u00e7\u0131klamada, \u201cBu Pazar g\u00fcn\u00fc Popayan\u2019da birka\u00e7 aileyi ac\u0131 i\u00e7inde b\u0131rakan u\u00e7ak kazas\u0131n\u0131n \u00fcz\u00fcnt\u00fcs\u00fcn\u00fc ya\u015f\u0131yoruz. Yetkililer nedenleri belirlemek i\u00e7in \u00e7al\u0131\u015f\u0131yorlar. H\u00fck\u00fcmetimiz ma\u011fdurlara yard\u0131mdan etmekten sorumlu. Toplumla dayan\u0131\u015fma i\u00e7indeyiz\u201c dedi.<\/p>\n","protected":false},"excerpt":{"rendered":"<p>KOLOMB\u0130YA&#8217;NIN G\u00dcNEYBATISINDA B\u0130R EV\u0130N \u00dcZER\u0130NE K\u00dc\u00c7\u00dcK B\u0130R U\u00c7A\u011eIN D\u00dc\u015eMES\u0130 SONUCU 7 K\u0130\u015e\u0130N\u0130N HAYATINI KAYBETT\u0130\u011e\u0130 BEL\u0130RT\u0130LD\u0130.<\/p>\n","protected":false},"author":1,"featured_media":203496,"comment_status":"closed","ping_status":"open","sticky":false,"template":"","format":"standard","meta":{"jetpack_post_was_ever_published":false,"_jetpack_newsletter_access":"","_jetpack_dont_email_post_to_subs":false,"_jetpack_newsletter_tier_id":0,"_jetpack_memberships_contains_paywalled_content":false,"_jetpack_memberships_contains_paid_content":false,"footnotes":"","jetpack_publicize_message":"","jetpack_publicize_feature_enabled":true,"jetpack_social_post_already_shared":true,"jetpack_social_options":{"image_generator_settings":{"template":"highway","default_image_id":0,"font":"","enabled":false},"version":2}},"categories":[10],"tags":[16597,1613,3298,18781,1166,1664,1911],"class_list":["post-203495","post","type-post","status-publish","format-standard","has-post-thumbnail","hentry","category-dunya","tag-catisina","tag-dustu","tag-evin","tag-kolombiyada","tag-kucuk","tag-olu","tag-ucak"],"jetpack_publicize_connections":[],"jetpack_featured_media_url":"https:\/\/i0.wp.com\/www.tvturk.com\/wp-content\/uploads\/2019\/09\/kolombiyada-evin-catisina-kucuk-ucak-dustu-7-olu_d5d219c.jpg?fit=1000%2C999","jetpack_sharing_enabled":true,"jetpack_shortlink":"https:\/\/wp.me\/paKIfm-QWb","_links":{"self":[{"href":"http:\/\/www.tvturk.com\/index.php\/wp-json\/wp\/v2\/posts\/203495","targetHints":{"allow":["GET"]}}],"collection":[{"href":"http:\/\/www.tvturk.com\/index.php\/wp-json\/wp\/v2\/posts"}],"about":[{"href":"http:\/\/www.tvturk.com\/index.php\/wp-json\/wp\/v2\/types\/post"}],"author":[{"embeddable":true,"href":"http:\/\/www.tvturk.com\/index.php\/wp-json\/wp\/v2\/users\/1"}],"replies":[{"embeddable":true,"href":"http:\/\/www.tvturk.com\/index.php\/wp-json\/wp\/v2\/comments?post=203495"}],"version-history":[{"count":0,"href":"http:\/\/www.tvturk.com\/index.php\/wp-json\/wp\/v2\/posts\/203495\/revisions"}],"wp:featuredmedia":[{"embeddable":true,"href":"http:\/\/www.tvturk.com\/index.php\/wp-json\/wp\/v2\/media\/203496"}],"wp:attachment":[{"href":"http:\/\/www.tvturk.com\/index.php\/wp-json\/wp\/v2\/media?parent=203495"}],"wp:term":[{"taxonomy":"category","embeddable":true,"href":"http:\/\/www.tvturk.com\/index.php\/wp-json\/wp\/v2\/categories?post=203495"},{"taxonomy":"post_tag","embeddable":true,"href":"http:\/\/www.tvturk.com\/index.php\/wp-json\/wp\/v2\/tags?post=203495"}],"curies":[{"name":"wp","href":"https:\/\/api.w.org\/{rel}","templated":true}]}}